{"id":431263,"date":"2025-08-08T23:13:40","date_gmt":"2025-08-09T02:13:40","guid":{"rendered":"https:\/\/notinor.com\/jujuy\/?p=431263"},"modified":"2025-08-08T23:13:42","modified_gmt":"2025-08-09T02:13:42","slug":"sadir-participo-de-un-encuentro-nacional-sobre-buenas-practicas-judiciales","status":"publish","type":"post","link":"https:\/\/notinor.com\/jujuy\/sadir-participo-de-un-encuentro-nacional-sobre-buenas-practicas-judiciales\/","title":{"rendered":"Sadir particip\u00f3 de un encuentro nacional sobre buenas pr\u00e1cticas judiciales"},"content":{"rendered":"\n<p class=\"has-medium-font-size\"><strong><em>Jujuy se constituy\u00f3 en epicentro de un enriquecedor debate nacional, al ser sede del \u201cEncuentro Nacional sobre Buenas Pr\u00e1cticas en Materia de Derechos Humanos de las Mujeres en Poderes Judiciales Provinciales\u201d, organizado en Purmamarca por la Junta Federal de Cortes y Superiores Tribunales de Justicia de las Provincias Argentinas y Ciudad Aut\u00f3noma de Buenos Aires (JuFeJus). La actividad cont\u00f3 con la presencia del gobernador Carlos Sadir.<\/em><\/strong><\/p>\n\n\n\n<p><\/p>\n\n\n<div class=\"wp-block-image\">\n<figure class=\"aligncenter size-full\"><img decoding=\"async\" loading=\"lazy\" width=\"800\" height=\"450\" src=\"https:\/\/notinor.com\/jujuy\/wp-content\/uploads\/2025\/08\/carlos-sadir-y-ekel-meyer.jpg\" alt=\"\" class=\"wp-image-431264\" srcset=\"https:\/\/notinor.com\/jujuy\/wp-content\/uploads\/2025\/08\/carlos-sadir-y-ekel-meyer.jpg 800w, https:\/\/notinor.com\/jujuy\/wp-content\/uploads\/2025\/08\/carlos-sadir-y-ekel-meyer-649x365.jpg 649w, https:\/\/notinor.com\/jujuy\/wp-content\/uploads\/2025\/08\/carlos-sadir-y-ekel-meyer-500x280.jpg 500w, https:\/\/notinor.com\/jujuy\/wp-content\/uploads\/2025\/08\/carlos-sadir-y-ekel-meyer-768x432.jpg 768w, https:\/\/notinor.com\/jujuy\/wp-content\/uploads\/2025\/08\/carlos-sadir-y-ekel-meyer-750x422.jpg 750w\" sizes=\"(max-width: 800px) 100vw, 800px\" \/><\/figure><\/div>\n\n\n<p><\/p>\n\n\n\n<p><strong>En este espacio, se busca debatir, intercambiar experiencias y sistematizar informaci\u00f3n sobre las pr\u00e1cticas judiciales actuales, con miras a optimizar el servicio de justicia.<\/strong><\/p>\n\n\n\n<p>En este marco, el debate se centr\u00f3 en la importancia de que los poderes judiciales act\u00faen como garantes efectivos de los derechos humanos de mujeres y diversidades.<\/p>\n\n\n\n<p><strong>El gobernador Sadir, acompa\u00f1ado por el ministro de Gobierno, Justicia, Derechos Humanos y Trabajo, Normando \u00c1lvarez Garc\u00eda, comparti\u00f3 el encuentro con el presidente de la Corte Suprema de Justicia de la Provincia, Ekel Meyer, y la titular de JuFeJus, Emilia Mar\u00eda Valle.<\/strong><\/p>\n\n\n\n<p>La participaci\u00f3n de representantes de diversas provincias, subraya el rol de Jujuy como un punto de encuentro clave para abordar tem\u00e1ticas de gran relevancia para el sistema judicial argentino.<\/p>\n","protected":false},"excerpt":{"rendered":"<p>Jujuy se constituy\u00f3 en epicentro de un enriquecedor debate nacional, al ser sede del \u201cEncuentro Nacional sobre Buenas Pr\u00e1cticas en Materia de Derechos Humanos de las Mujeres en Poderes Judiciales Provinciales\u201d, organizado en Purmamarca por la Junta Federal de Cortes y Superiores Tribunales de Justicia de las Provincias Argentinas y Ciudad Aut\u00f3noma de Buenos Aires [&hellip;]<\/p>\n","protected":false},"author":49,"featured_media":431264,"comment_status":"open","ping_status":"open","sticky":false,"template":"","format":"standard","meta":{"_stopmodifiedupdate":false,"_modified_date":"","inline_featured_image":false,"spay_email":"","jetpack_publicize_message":""},"categories":[2,514],"tags":[],"jetpack_featured_media_url":"https:\/\/notinor.com\/jujuy\/wp-content\/uploads\/2025\/08\/carlos-sadir-y-ekel-meyer.jpg","jetpack_publicize_connections":[],"_links":{"self":[{"href":"https:\/\/notinor.com\/jujuy\/wp-json\/wp\/v2\/posts\/431263"}],"collection":[{"href":"https:\/\/notinor.com\/jujuy\/wp-json\/wp\/v2\/posts"}],"about":[{"href":"https:\/\/notinor.com\/jujuy\/wp-json\/wp\/v2\/types\/post"}],"author":[{"embeddable":true,"href":"https:\/\/notinor.com\/jujuy\/wp-json\/wp\/v2\/users\/49"}],"replies":[{"embeddable":true,"href":"https:\/\/notinor.com\/jujuy\/wp-json\/wp\/v2\/comments?post=431263"}],"version-history":[{"count":1,"href":"https:\/\/notinor.com\/jujuy\/wp-json\/wp\/v2\/posts\/431263\/revisions"}],"predecessor-version":[{"id":431265,"href":"https:\/\/notinor.com\/jujuy\/wp-json\/wp\/v2\/posts\/431263\/revisions\/431265"}],"wp:featuredmedia":[{"embeddable":true,"href":"https:\/\/notinor.com\/jujuy\/wp-json\/wp\/v2\/media\/431264"}],"wp:attachment":[{"href":"https:\/\/notinor.com\/jujuy\/wp-json\/wp\/v2\/media?parent=431263"}],"wp:term":[{"taxonomy":"category","embeddable":true,"href":"https:\/\/notinor.com\/jujuy\/wp-json\/wp\/v2\/categories?post=431263"},{"taxonomy":"post_tag","embeddable":true,"href":"https:\/\/notinor.com\/jujuy\/wp-json\/wp\/v2\/tags?post=431263"}],"curies":[{"name":"wp","href":"https:\/\/api.w.org\/{rel}","templated":true}]}}