{"id":431260,"date":"2025-08-08T22:25:10","date_gmt":"2025-08-09T01:25:10","guid":{"rendered":"https:\/\/notinor.com\/jujuy\/?p=431260"},"modified":"2025-08-08T22:25:12","modified_gmt":"2025-08-09T01:25:12","slug":"milei-desafio-al-congreso-si-quieren-volver-atras-me-van-a-tener-que-sacar-con-los-pies-para-adelante","status":"publish","type":"post","link":"https:\/\/notinor.com\/jujuy\/milei-desafio-al-congreso-si-quieren-volver-atras-me-van-a-tener-que-sacar-con-los-pies-para-adelante\/","title":{"rendered":"Milei desafi\u00f3 al Congreso: \u201cSi quieren volver atr\u00e1s me van a tener que sacar con los pies para adelante\u201d"},"content":{"rendered":"\n<p class=\"has-medium-font-size\"><strong><em>Por cadena nacional, el Presidente defendi\u00f3 los vetos a las jubilaciones y la emergencia en discapacidad. Afirm\u00f3, tienen un costo del 2,5% del PBI y \u201cllevan a la quiebra nacional\u201d. Adem\u00e1s, anunci\u00f3 dos medidas para blindar el equilibrio fiscal.<\/em><\/strong><\/p>\n\n\n\n<p><\/p>\n\n\n<div class=\"wp-block-image\">\n<figure class=\"aligncenter size-full\"><img decoding=\"async\" loading=\"lazy\" width=\"800\" height=\"450\" src=\"https:\/\/notinor.com\/jujuy\/wp-content\/uploads\/2025\/08\/javier-milei.jpg\" alt=\"\" class=\"wp-image-431261\" srcset=\"https:\/\/notinor.com\/jujuy\/wp-content\/uploads\/2025\/08\/javier-milei.jpg 800w, https:\/\/notinor.com\/jujuy\/wp-content\/uploads\/2025\/08\/javier-milei-649x365.jpg 649w, https:\/\/notinor.com\/jujuy\/wp-content\/uploads\/2025\/08\/javier-milei-500x280.jpg 500w, https:\/\/notinor.com\/jujuy\/wp-content\/uploads\/2025\/08\/javier-milei-768x432.jpg 768w, https:\/\/notinor.com\/jujuy\/wp-content\/uploads\/2025\/08\/javier-milei-750x422.jpg 750w\" sizes=\"(max-width: 800px) 100vw, 800px\" \/><\/figure><\/div>\n\n\n<p><\/p>\n\n\n\n<p><strong>En un mensaje transmitido por cadena nacional, el presidente Javier Milei realiz\u00f3 un balance de su gesti\u00f3n y critic\u00f3 duramente la reciente aprobaci\u00f3n de leyes en el Congreso que, seg\u00fan afirm\u00f3, ponen en riesgo el super\u00e1vit fiscal y la estabilidad econ\u00f3mica del pa\u00eds. Adem\u00e1s, anunci\u00f3 dos medidas para intentar blindar el equilibrio de las cuentas p\u00fablicas y mantener su programa econ\u00f3mico.<\/strong><\/p>\n\n\n\n<p><strong>El mandatario abri\u00f3 su discurso recordando el mandato que recibi\u00f3: terminar con la inflaci\u00f3n y sentar las bases para un crecimiento sostenido. Seg\u00fan Milei, tras un a\u00f1o y medio de pol\u00edticas orientadas al orden fiscal, monetario y cambiario, \u201cla inflaci\u00f3n se ha desplomado\u201d, pasando de una tasa interanual del 300% al 25%, y anticip\u00f3 que para mediados del pr\u00f3ximo a\u00f1o podr\u00eda desaparecer.<\/strong> Asegur\u00f3 que, en este periodo, 12 millones de personas salieron de la pobreza, entre ellas 2,5 millones de j\u00f3venes, y que la indigencia disminuy\u00f3 del 20,2% al 7,3%.<\/p>\n\n\n\n<p><strong>\u201cCerca de 6 millones de personas a las que no les alcanzaba para comer, hoy comen\u201d,<\/strong> dijo. Y a\u00f1adi\u00f3 que los salarios privados muestran mejoras continuas frente a la inflaci\u00f3n desde abril del a\u00f1o pasado.<\/p>\n\n\n\n<p>El Presidente explicit\u00f3 que el camino iniciado exigi\u00f3 sacrificios y admiti\u00f3 que no se resolvieron todos los problemas heredados. <strong>\u201cNo se puede arreglar en dos a\u00f1os lo que se destruy\u00f3 en casi un siglo\u201d,<\/strong> se\u00f1al\u00f3, y reforz\u00f3 su argumento de que toda mejora requiere esfuerzo y tiempo.<\/p>\n\n\n\n<p><strong>\u201cAntes de generarle falsas ilusiones a los argentinos, nosotros optamos por ser francos en decirles cuan duro ser\u00eda el camino y ser firmes a la hora de recorrerlo, entendiendo que nada valioso en la vida ocurre de la noche a la ma\u00f1ana\u201d,<\/strong> dijo.<\/p>\n\n\n\n<p>En ese sentido, se\u00f1al\u00f3 que ser\u00eda sencillo acompa\u00f1ar cualquier iniciativa de gasto del Congreso y desentenderse de las consecuencias, como hicieron sus antecesores, pero afirm\u00f3 que <strong>\u201csu tarea es garantizar el bienestar de los 47 millones de argentinos\u201d, a\u00fan al costo de ser se\u00f1alado como \u201ccruel\u201d.<\/strong><\/p>\n\n\n\n<p><strong>Adem\u00e1s, advirti\u00f3 sobre las consecuencias de retroceder respecto al equilibrio alcanzado. Argument\u00f3 que, dado el \u201cpeor historial de defaults de los \u00faltimos 100 a\u00f1os\u201d,<\/strong> la Argentina carece de acceso al financiamiento internacional, por lo que \u201ccualquier gasto adicional deber\u00eda recurrir a la emisi\u00f3n monetaria o el alza de impuestos\u201d, ambos caminos que, sostuvo, conducir\u00edan a la hiperinflaci\u00f3n, la pobreza y el estallido social.<\/p>\n\n\n\n<p><strong>\u201cNo hay ninguna posibilidad de que yo permita que esto suceda. No vamos a volver atr\u00e1s. No vamos a volver al pasado. No vamos a volver al sendero de la decadencia. Y al Congreso le digo: si ustedes quieren volver atr\u00e1s me van a tener que sacar con los pies para adelante\u201d,<\/strong> sentenci\u00f3.<\/p>\n\n\n\n<p><\/p>\n\n\n\n<figure class=\"wp-block-embed is-type-video is-provider-youtube wp-block-embed-youtube wp-embed-aspect-16-9 wp-has-aspect-ratio\"><div class=\"wp-block-embed__wrapper\">\n<div class=\"jeg_video_container jeg_video_content\"><iframe loading=\"lazy\" title=\"Cadena nacional completa del presidente Javier Milei\" width=\"500\" height=\"281\" src=\"https:\/\/www.youtube.com\/embed\/wETJHqteMeo?feature=oembed\" frameborder=\"0\" allow=\"accelerometer; autoplay; clipboard-write; encrypted-media; gyroscope; picture-in-picture; web-share\" referrerpolicy=\"strict-origin-when-cross-origin\" allowfullscreen><\/iframe><\/div>\n<\/div><\/figure>\n\n\n\n<p><\/p>\n\n\n\n<p>En este contexto,Javier Milei anunci\u00f3 las dos nuevas decisiones que tomar\u00e1 para blindar el equilibrio fiscal y la pol\u00edtica monetaria. Primero, firmar\u00e1 una instrucci\u00f3n al Ministerio de Econom\u00eda para prohibir que el Tesoro financie el gasto primario con emisi\u00f3n monetaria y, de manera formal, quedar\u00e1 vedado solicitar dinero prestado al Banco Central. Segundo, enviar\u00e1 al Congreso un proyecto de ley para penalizar la aprobaci\u00f3n de presupuestos nacionales con d\u00e9ficit fiscal.<strong> La regla fiscal exigir\u00e1 equilibrio o super\u00e1vit y toda modificaci\u00f3n deber\u00e1 estar respaldada por recortes equivalentes. La iniciativa incluir\u00e1 sanciones para los legisladores y funcionarios que no cumplan con las nuevas normas.<\/strong><\/p>\n\n\n\n<p><strong>\u201cCada peso nuevo que quieran gastar tiene que tener un nombre y un apellido, tienen que decir de d\u00f3nde sale y a qui\u00e9n se le quita\u201d,<\/strong> precis\u00f3.<\/p>\n\n\n\n<p><strong>Milei dedic\u00f3 una parte significativa de su exposici\u00f3n a confrontar con el Congreso, al que acus\u00f3 de impulsar leyes que aumentan el gasto p\u00fablico sin un respaldo financiero claro. Cit\u00f3 la reinstalaci\u00f3n de la moratoria previsional, el aumento del salario docente y las pensiones por discapacidad, se\u00f1alando que estos proyectos significar\u00edan un gasto adicional del 2,5% del PBI.<\/strong> Asegur\u00f3 que esto implicar\u00eda un fuerte endeudamiento o mayor emisi\u00f3n monetaria, lo que desembocar\u00eda en inflaci\u00f3n y empobrecimiento.<\/p>\n\n\n\n<p>El jefe de Estado consider\u00f3 que detr\u00e1s de las iniciativas parlamentarias hay una motivaci\u00f3n de \u201cpoder\u201d y no una real preocupaci\u00f3n por el bienestar de jubilados, docentes o personas con discapacidad. Sostuvo que su deber como jefe del Estado es velar por el bienestar a largo plazo de la sociedad, aunque eso implique costos en popularidad.<\/p>\n\n\n\n<p><strong>\u201cEsto se trata de una clase pol\u00edtica que hace dos a\u00f1os perdi\u00f3 el poder y van a hacer cualquier cosa con tal de recuperarlo, sin importar si ello implica destruir la estabilidad que tanto nos ha costado conseguir\u201d,<\/strong> explic\u00f3.<\/p>\n\n\n\n<p>Para explicar por qu\u00e9 se opone al aumento del gasto p\u00fablico, Milei detall\u00f3 las causas de la inflaci\u00f3n desde su \u00f3ptica de pol\u00edtica monetaria. Argument\u00f3 que la emisi\u00f3n de dinero sin respaldo destruye el valor de la moneda y empobrece, en especial, a los sectores m\u00e1s vulnerables. <strong>Calific\u00f3 como demag\u00f3gico pretender resolver problemas sociales simplemente aumentando el gasto sin recursos genuinos y dijo que imprimir dinero no genera riqueza. Tambi\u00e9n neg\u00f3 que el precio del d\u00f3lar determine los precios de la econom\u00eda en ausencia de expansi\u00f3n monetaria.<\/strong><\/p>\n\n\n\n<p>Advirti\u00f3 que, si el Congreso sigue impulsando gastos sin financiamiento, las opciones ser\u00edan subir impuestos \u2014lo que, a su juicio, frenar\u00eda el crecimiento econ\u00f3mico y el empleo\u2014 o volver a la emisi\u00f3n, lo que reabrir\u00eda un ciclo de inflaci\u00f3n e inestabilidad. \u201cNo hay ninguna posibilidad de que yo permita que esto suceda\u201d, asegur\u00f3.<\/p>\n\n\n\n<p>El mandatario explic\u00f3 que la \u00fanica salida de la crisis es sostener el equilibrio fiscal y promover el crecimiento genuino. Present\u00f3 dos caminos posibles: el que propone su gobierno, basado en el super\u00e1vit y las reglas de mercado, o el del aumento del gasto financiado con deuda y emisi\u00f3n que, a su entender, llev\u00f3 a repetidas crisis. Mirando a las elecciones legislativas de octubre, pidi\u00f3 a los ciudadanos y al Congreso elegir entre ambos modelos de pa\u00eds.<\/p>\n\n\n\n<p><strong>\u201cTenemos que elegir entre la responsabilidad o el realismo m\u00e1gico. Entre hacer lo correcto, aunque implique tener paciencia, o tomar el \u00b4atajo\u2019 e inevitablemente volver a chocar\u201d,<\/strong> advirti\u00f3.<\/p>\n\n\n\n<p><strong>El Presidente inst\u00f3 a evitar repetir recetas del pasado y subray\u00f3 que \u201cla \u00fanica manera de que los ingresos argentinos mejoren de forma sostenida es con crecimiento econ\u00f3mico genuino\u201d, que solo es posible con \u201corden fiscal y monetario\u201d.<\/strong> Marc\u00f3 la existencia de dos caminos: el de su gobierno \u2013el del crecimiento sostenido y los derechos de propiedad\u2013 y el de \u201cla ilusi\u00f3n monetaria y la servidumbre estatal\u201d que atribuy\u00f3 al Congreso.<\/p>\n\n\n\n<p>La exposici\u00f3n concluy\u00f3 afirmando que la confrontaci\u00f3n entre su \u201cfuerza imparable\u201d por cambiar la econom\u00eda y el \u201cobjeto inamovible\u201d de la \u201cadicci\u00f3n pol\u00edtica al gasto sin respaldo\u201d tiene pr\u00f3xima resoluci\u00f3n en las elecciones de octubre. <strong>Llam\u00f3 a los legisladores a \u201cestar a la altura\u201d y pidi\u00f3 a la sociedad confianza en el proyecto gubernamental. Cerr\u00f3 citando a Virgilio y Ludwig von Mises: \u201cJam\u00e1s cedamos frente el mal. Vamos a combatirlo con mucha m\u00e1s fuerza\u201d, invocando la bendici\u00f3n de Dios y \u201clas fuerzas del cielo\u201d.<\/strong><\/p>\n","protected":false},"excerpt":{"rendered":"<p>Por cadena nacional, el Presidente defendi\u00f3 los vetos a las jubilaciones y la emergencia en discapacidad. Afirm\u00f3, tienen un costo del 2,5% del PBI y \u201cllevan a la quiebra nacional\u201d. Adem\u00e1s, anunci\u00f3 dos medidas para blindar el equilibrio fiscal. En un mensaje transmitido por cadena nacional, el presidente Javier Milei realiz\u00f3 un balance de su [&hellip;]<\/p>\n","protected":false},"author":49,"featured_media":431261,"comment_status":"open","ping_status":"open","sticky":false,"template":"","format":"standard","meta":{"_stopmodifiedupdate":false,"_modified_date":"","inline_featured_image":false,"spay_email":"","jetpack_publicize_message":""},"categories":[2,501],"tags":[],"jetpack_featured_media_url":"https:\/\/notinor.com\/jujuy\/wp-content\/uploads\/2025\/08\/javier-milei.jpg","jetpack_publicize_connections":[],"_links":{"self":[{"href":"https:\/\/notinor.com\/jujuy\/wp-json\/wp\/v2\/posts\/431260"}],"collection":[{"href":"https:\/\/notinor.com\/jujuy\/wp-json\/wp\/v2\/posts"}],"about":[{"href":"https:\/\/notinor.com\/jujuy\/wp-json\/wp\/v2\/types\/post"}],"author":[{"embeddable":true,"href":"https:\/\/notinor.com\/jujuy\/wp-json\/wp\/v2\/users\/49"}],"replies":[{"embeddable":true,"href":"https:\/\/notinor.com\/jujuy\/wp-json\/wp\/v2\/comments?post=431260"}],"version-history":[{"count":1,"href":"https:\/\/notinor.com\/jujuy\/wp-json\/wp\/v2\/posts\/431260\/revisions"}],"predecessor-version":[{"id":431262,"href":"https:\/\/notinor.com\/jujuy\/wp-json\/wp\/v2\/posts\/431260\/revisions\/431262"}],"wp:featuredmedia":[{"embeddable":true,"href":"https:\/\/notinor.com\/jujuy\/wp-json\/wp\/v2\/media\/431261"}],"wp:attachment":[{"href":"https:\/\/notinor.com\/jujuy\/wp-json\/wp\/v2\/media?parent=431260"}],"wp:term":[{"taxonomy":"category","embeddable":true,"href":"https:\/\/notinor.com\/jujuy\/wp-json\/wp\/v2\/categories?post=431260"},{"taxonomy":"post_tag","embeddable":true,"href":"https:\/\/notinor.com\/jujuy\/wp-json\/wp\/v2\/tags?post=431260"}],"curies":[{"name":"wp","href":"https:\/\/api.w.org\/{rel}","templated":true}]}}