{"id":431253,"date":"2025-08-08T13:37:46","date_gmt":"2025-08-08T16:37:46","guid":{"rendered":"https:\/\/notinor.com\/jujuy\/?p=431253"},"modified":"2025-08-08T13:41:04","modified_gmt":"2025-08-08T16:41:04","slug":"ypf-se-asocio-a-un-ex-jugador-de-rugby-para-producir-combustibles-renovables-en-la-refineria-que-fue-de-cristobal-lopez","status":"publish","type":"post","link":"https:\/\/notinor.com\/jujuy\/ypf-se-asocio-a-un-ex-jugador-de-rugby-para-producir-combustibles-renovables-en-la-refineria-que-fue-de-cristobal-lopez\/","title":{"rendered":"YPF se asoci\u00f3 a un ex jugador de rugby para producir combustibles renovables en la refiner\u00eda que fue de Crist\u00f3bal L\u00f3pez"},"content":{"rendered":"\n<p class=\"has-medium-font-size\"><strong><em>El directorio de YPF S.A. aprob\u00f3 la creaci\u00f3n de Santa Fe Bio para la producci\u00f3n y comercializaci\u00f3n de bio-combustibles de \u00faltima generaci\u00f3n. La producci\u00f3n se orientar\u00e1 fundamentalmente a SAF (Sustainable Aviation Fuel) para la aviaci\u00f3n y alternativamente a HVO (Aceite Vegetal Hidrotratado), con propiedades similares a las del gasoil.<\/em><\/strong><\/p>\n\n\n<div class=\"wp-block-image\">\n<figure class=\"aligncenter size-full\"><img decoding=\"async\" loading=\"lazy\" width=\"745\" height=\"414\" src=\"https:\/\/notinor.com\/jujuy\/wp-content\/uploads\/2025\/08\/REFINERIA1.jpg\" alt=\"\" class=\"wp-image-431255\" srcset=\"https:\/\/notinor.com\/jujuy\/wp-content\/uploads\/2025\/08\/REFINERIA1.jpg 745w, https:\/\/notinor.com\/jujuy\/wp-content\/uploads\/2025\/08\/REFINERIA1-657x365.jpg 657w\" sizes=\"(max-width: 745px) 100vw, 745px\" \/><figcaption class=\"wp-element-caption\">Refiner\u00eda San Lorenzo<\/figcaption><\/figure><\/div>\n\n\n<p>Con una <strong>inversi\u00f3n estimada en 400 millones de d\u00f3lares<\/strong>, que se prev\u00e9 ser\u00e1 estructurada mayoritariamente por financiamiento del proyecto, Santa Fe Bio aprovechar\u00e1 la infraestructura existente en la refiner\u00eda de San Lorenzo, donde se instalar\u00e1 una planta de pretratamiento de materias primas y la Biorrefiner\u00eda de \u00faltima generaci\u00f3n. Tambi\u00e9n, se adecuar\u00e1n instalaciones del complejo industrial para llevar adelante la producci\u00f3n. El proyecto se desarrollar\u00e1 en dos fases y se prev\u00e9 la aplicaci\u00f3n al RIGI.<\/p>\n\n\n\n<p>Estos bio-combustibles <strong>se producir\u00e1n a partir del procesamiento de aceites vegetales y residuos, grasas animales<\/strong>, entre otros. Santa Fe Bio estar\u00e1 conformada en partes iguales entre <strong>YPF S.A<\/strong> y el grupo <strong>ESSENTIAL ENERGY<\/strong>, una compa\u00f1\u00eda referente en la elaboraci\u00f3n y comercializaci\u00f3n de biocombustibles de primera y segunda generaci\u00f3n, con presencia en el mercado nacional e internacional. La experiencia de ESSENTIAL ENERGY brindan solidez a esta alianza estrat\u00e9gica.<\/p>\n\n\n\n<p>Ambas compa\u00f1\u00edas comenzaron a trabajar en la factibilidad del proyecto en diciembre de 2024, tras la<br>firma de un Memorando de Entendimiento (MOU) y contin\u00faan trabajando en los t\u00e9rminos contractuales<br>finales de su vinculaci\u00f3n.<\/p>\n\n\n\n<p><strong>Sobre el SAF:<\/strong><\/p>\n\n\n\n<p>El combustible de aviaci\u00f3n (SAF) es reconocido por organismos internacionales como <strong>la \u00fanica alternativa sostenible y escalable del transporte a\u00e9reo a mediano plazo<\/strong>. Por esta raz\u00f3n, se proyecta un crecimiento de la demanda en los pr\u00f3ximos a\u00f1os, abri\u00e9ndose una oportunidad de exportaci\u00f3n a Europa y Estados Unidos con altas exigencias y necesidad de producto de calidad certificado (ISCC).<br>La ubicaci\u00f3n de la Refiner\u00eda de San Lorenzo resulta estrat\u00e9gica para este tipo de proyectos por la<br>disponibilidad de materia prima en esta zona n\u00facleo productiva y el v\u00ednculo con el puerto que habilitan la<br>log\u00edstica de comercializaci\u00f3n.<\/p>\n\n\n\n<p>Con este paso, YPF S.A. ingresa en un mercado global en expansi\u00f3n, alineado con las exigencias<br>ambientales del sector aerocomercial y con alto potencial de desarrollo en los pr\u00f3ximos a\u00f1os<\/p>\n","protected":false},"excerpt":{"rendered":"<p>El directorio de YPF S.A. aprob\u00f3 la creaci\u00f3n de Santa Fe Bio para la producci\u00f3n y comercializaci\u00f3n de bio-combustibles de \u00faltima generaci\u00f3n. La producci\u00f3n se orientar\u00e1 fundamentalmente a SAF (Sustainable Aviation Fuel) para la aviaci\u00f3n y alternativamente a HVO (Aceite Vegetal Hidrotratado), con propiedades similares a las del gasoil. Con una inversi\u00f3n estimada en 400 [&hellip;]<\/p>\n","protected":false},"author":5,"featured_media":431254,"comment_status":"open","ping_status":"open","sticky":false,"template":"","format":"standard","meta":{"_stopmodifiedupdate":false,"_modified_date":"","inline_featured_image":false,"spay_email":"","jetpack_publicize_message":""},"categories":[5],"tags":[],"jetpack_featured_media_url":"https:\/\/notinor.com\/jujuy\/wp-content\/uploads\/2025\/08\/REFINERIA.jpg","jetpack_publicize_connections":[],"_links":{"self":[{"href":"https:\/\/notinor.com\/jujuy\/wp-json\/wp\/v2\/posts\/431253"}],"collection":[{"href":"https:\/\/notinor.com\/jujuy\/wp-json\/wp\/v2\/posts"}],"about":[{"href":"https:\/\/notinor.com\/jujuy\/wp-json\/wp\/v2\/types\/post"}],"author":[{"embeddable":true,"href":"https:\/\/notinor.com\/jujuy\/wp-json\/wp\/v2\/users\/5"}],"replies":[{"embeddable":true,"href":"https:\/\/notinor.com\/jujuy\/wp-json\/wp\/v2\/comments?post=431253"}],"version-history":[{"count":1,"href":"https:\/\/notinor.com\/jujuy\/wp-json\/wp\/v2\/posts\/431253\/revisions"}],"predecessor-version":[{"id":431256,"href":"https:\/\/notinor.com\/jujuy\/wp-json\/wp\/v2\/posts\/431253\/revisions\/431256"}],"wp:featuredmedia":[{"embeddable":true,"href":"https:\/\/notinor.com\/jujuy\/wp-json\/wp\/v2\/media\/431254"}],"wp:attachment":[{"href":"https:\/\/notinor.com\/jujuy\/wp-json\/wp\/v2\/media?parent=431253"}],"wp:term":[{"taxonomy":"category","embeddable":true,"href":"https:\/\/notinor.com\/jujuy\/wp-json\/wp\/v2\/categories?post=431253"},{"taxonomy":"post_tag","embeddable":true,"href":"https:\/\/notinor.com\/jujuy\/wp-json\/wp\/v2\/tags?post=431253"}],"curies":[{"name":"wp","href":"https:\/\/api.w.org\/{rel}","templated":true}]}}