{"id":431249,"date":"2025-08-08T13:04:51","date_gmt":"2025-08-08T16:04:51","guid":{"rendered":"https:\/\/notinor.com\/jujuy\/?p=431249"},"modified":"2025-08-08T13:16:18","modified_gmt":"2025-08-08T16:16:18","slug":"milei-hablara-por-cadena-nacional-para-justificar-los-vetos-a-leyes-aprobadas-en-el-congreso","status":"publish","type":"post","link":"https:\/\/notinor.com\/jujuy\/milei-hablara-por-cadena-nacional-para-justificar-los-vetos-a-leyes-aprobadas-en-el-congreso\/","title":{"rendered":"Milei hablar\u00e1 por cadena nacional para justificar los vetos a leyes aprobadas en el Congreso"},"content":{"rendered":"\n<p class=\"has-medium-font-size\"><strong><em>El presidente Javier Milei se dirigir\u00e1 esta noche a la ciudadan\u00eda mediante cadena nacional para explicar los motivos de los vetos aplicados recientemente a proyectos sancionados por el Parlamento. Adem\u00e1s, adelantar\u00e1 la estrategia del Ejecutivo frente al rechazo legislativo a decretos centrales de su plan econ\u00f3mico.<\/em><\/strong><\/p>\n\n\n\n<p class=\"has-text-align-center\"><img decoding=\"async\" loading=\"lazy\" height=\"667\" width=\"1000\" src=\"https:\/\/www.infobae.com\/resizer\/v2\/N5YFA7QKZNDKZGYAYU3YLS2EBM.jpg?auth=6f9619c728c5c19967cf28ed46dd4c2c3160d9319ad74e2991a38635f0a07aa0&amp;smart=true&amp;width=350&amp;height=233&amp;quality=85\" alt=\"El presidente Javier Milei\">El presidente Javier Milei<\/p>\n\n\n\n<p>El presidente&nbsp;<strong>Javier Milei<\/strong>&nbsp;brindar\u00e1 esta noche un mensaje por&nbsp;<strong>cadena nacional<\/strong>&nbsp;en el que abordar\u00e1 las medidas del Ejecutivo frente al<strong> rechazo del Congreso a varios decretos clave<\/strong> para su programa de gobierno. La intervenci\u00f3n se da en un contexto de creciente tensi\u00f3n institucional, luego de que el Senado rechazara el&nbsp;<strong>Decreto de Necesidad y Urgencia (DNU) 70\/2023<\/strong>, y ambas c\u00e1maras repudiaran el&nbsp;<strong>DNU 302\/2024<\/strong>&nbsp;y el&nbsp;<strong>DNU 594\/2024<\/strong>, que inclu\u00edan reformas estructurales y recortes de partidas presupuestarias.<\/p>\n\n\n\n<p>As\u00ed lo anunci\u00f3 el vocero presidencial, Manuel&nbsp;<strong>Adorni<\/strong>, en conferencia de prensa.&nbsp;<strong>El anuncio ser\u00e1 a las 21, desde el Sal\u00f3n Blanco<\/strong>.<\/p>\n\n\n\n<p>M\u00e1s temprano, el jefe de Gabinete, Guillermo&nbsp;<strong>Francos<\/strong>, anticip\u00f3 que <strong>el Gobierno sostendr\u00e1 las reformas implementadas por los DNU<\/strong>, a pesar de las objeciones parlamentarias, a trav\u00e9s de resoluciones, reglamentos y otras herramientas jur\u00eddicas disponibles para el Ejecutivo.<\/p>\n\n\n\n<p>El funcionario critic\u00f3 con dureza que diputados que antes hab\u00edan acompa\u00f1ado los proyectos oficiales, como la&nbsp;<strong>Ley Bases<\/strong>, ahora se unieran a la oposici\u00f3n para rechazar los decretos.&nbsp;\u201cEs medio rid\u00edcula la situaci\u00f3n\u2026 Si te delegan y despu\u00e9s te rechazan cuando utiliz\u00e1s la delegaci\u00f3n, es como una cosa medio il\u00f3gica\u201d, cuestion\u00f3.<\/p>\n\n\n\n<p>En el debate sobre los organismos estatales, el jefe de Gabinete remarc\u00f3 que buena parte de las reformas operadas por el Ejecutivo ya produjeron efecto.&nbsp;Destac\u00f3 que el Gobierno avanz\u00f3 con la fusi\u00f3n y reducci\u00f3n de organismos como el&nbsp;<strong>INTA&nbsp;<\/strong>y el&nbsp;<strong>INTI<\/strong>, y que la estructura y el gasto p\u00fablico resultaban insostenibles.&nbsp;\u201cNo cuestionamos la funci\u00f3n del INTA, pero s\u00ed la burocracia administrativa que ten\u00eda\u201d, se\u00f1al\u00f3, y ejemplific\u00f3 que&nbsp;el INTA contaba con \u2018como seis mil empleados y tres mil autom\u00f3viles. Una cosa rid\u00edcula, \u00bfno?\u2019.<\/p>\n\n\n\n<p class=\"has-text-align-center\"><a rel=\"noreferrer noopener\" href=\"https:\/\/www.infobae.com\/politica\/2025\/08\/08\/estela-de-carlotto-repudio-la-foto-de-milei-con-la-consigna-nunca-mas-ya-no-saben-que-hacer-para-humillarnos\/\" target=\"_blank\"><\/a><img decoding=\"async\" loading=\"lazy\" height=\"1080\" width=\"1920\" src=\"https:\/\/www.infobae.com\/resizer\/v2\/3B4FOVCLJJFXLMRD4QC6QICZ5E.png?auth=857e75efa19fba7df74efd4fedd87832b550a7f96c379fe2f06d56aeacb5c2de&amp;smart=true&amp;width=350&amp;height=197&amp;quality=85\" alt=\"El vocero presidencial, Manuel Adorni\">El vocero presidencial, Manuel Adorni<\/p>\n\n\n\n<p>Seg\u00fan Francos,&nbsp;<strong>estas reformas permitieron avanzar en el ajuste del gasto estatal<\/strong>.&nbsp;\u201cSi vos ten\u00e9s un d\u00e9ficit del 15% sobre un producto de seiscientos mil millones, est\u00e1s teniendo un d\u00e9ficit de noventa mil millones de d\u00f3lares de d\u00e9ficit p\u00fablico. Eso no lo puede resistir nadie. Nuestro pa\u00eds no lo puede resistir\u201d, advirti\u00f3, y subray\u00f3 que, tras la llegada del nuevo gobierno,&nbsp;\u201cpasamos de d\u00e9ficit a super\u00e1vit, 3,8% del PBI en 2024 y 2,4% en 2025. Eso fue la primera parte de nuestras reformas\u201d.<\/p>\n\n\n\n<p>El jefe de Gabinete agreg\u00f3 que la sociedad percibe los efectos del recorte:&nbsp;<strong>asegur\u00f3 que las encuestas cualitativas muestran que la ciudadan\u00eda entiende la relaci\u00f3n entre el super\u00e1vit fiscal y la baja de la inflaci\u00f3n<\/strong>. \u201cEl resultado es que se acaba para siempre la inflaci\u00f3n. Y eso es lo que el kirchnerismo no tolera y por eso quiere atacar cargando al Gobierno de nuevos gastos\u201d, insisti\u00f3.<\/p>\n\n\n\n<p>Francos defendi\u00f3 el proceso de simplificaci\u00f3n administrativa liderado por&nbsp;<strong>Federico Sturzenegger<\/strong>: \u201cLo que ha hecho es simplificar el funcionamiento de la administraci\u00f3n p\u00fablica, hacerle m\u00e1s f\u00e1cil al empresario convivir con el Estado y desarrollar su actividad. Y todo eso es lo que va generando el cambio\u201d.<\/p>\n\n\n\n<p class=\"has-text-align-center\"><img decoding=\"async\" loading=\"lazy\" height=\"2848\" width=\"4280\" src=\"https:\/\/www.infobae.com\/resizer\/v2\/LT5HFTYUQ5AF7AZI52SYGPZYCU.jpg?auth=49d2e3e0ed1a3cee5dc03d8c8a398f7603ce72d6f3167de5e10696c6eef6ffb2&amp;smart=true&amp;width=350&amp;height=233&amp;quality=85\" alt=\"El ministro de Desregulaci\u00f3n y\">El ministro de Desregulaci\u00f3n y Transformaci\u00f3n del Estado, Federico Sturzenegger <\/p>\n\n\n\n<p>En la sesi\u00f3n del mi\u00e9rcoles pasado, la sesi\u00f3n logr\u00f3 los votos necesarios para rechazar 5 decretos delegados: 462\/25, que modifica organismos t\u00e9cnicos como el&nbsp;<strong>INTI&nbsp;<\/strong>y el&nbsp;<strong>INTA;&nbsp;<\/strong>345\/25, que busca disolver el&nbsp;<strong>Instituto del Teatro<\/strong>&nbsp;y la Comisi\u00f3n Nacional de Bibliotecas Populares; 351\/25 que transforma el&nbsp;<strong>Banco Nacional de Datos Gen\u00e9ticos&nbsp;<\/strong>en un organismo desconcentrado dependiente de la Jefatura de Gabinete; 340\/25 que desregula la&nbsp;<strong>Marina Mercante<\/strong>; y el 461\/25, que promueve la disoluci\u00f3n de&nbsp;<strong>Vialidad Nacional<\/strong>.<\/p>\n\n\n\n<p>Consultado sobre la posibilidad de frenar en el Senado el rechazo a los decretos, respondi\u00f3 que depender\u00e1 de las circunstancias parlamentarias y&nbsp;<strong>de la decisi\u00f3n de&nbsp;Victoria Villarruel&nbsp;como presidenta del cuerpo<\/strong>. \u201cPor m\u00e1s que sancionen el rechazo de los decretos delegados en el Senado, eso va a tener alg\u00fan impacto, pero no demasiado, porque esos decretos ya est\u00e1n en vigencia y las modificaciones ya se hicieron\u201d, asegur\u00f3.<\/p>\n\n\n\n<p>Francos se refiri\u00f3 a la historia de las delegaciones de facultades entre el&nbsp;Congreso&nbsp;y el&nbsp;Ejecutivo.&nbsp;<strong>Sostuvo que&nbsp;\u201cel peronismo y el kirchnerismo abusaron de la facultad constitucional durante todos sus gobiernos\u201d<\/strong>, mientras que el actual oficialismo pidi\u00f3 la delegaci\u00f3n por un a\u00f1o y cumpli\u00f3 con el plazo sin pedir pr\u00f3rroga.&nbsp;<\/p>\n\n\n\n<p>\u201cHemos hecho lo que pedimos y la facultad que se nos atribuy\u00f3 por el Congreso. Esos mismos que hoy est\u00e1n rechazando decretos delegados, son los que autorizaron a los gobiernos anteriores a funcionar todo el tiempo con delegaci\u00f3n de facultades\u201d, dispar\u00f3.<\/p>\n\n\n\n<p>Fuente Infobae<\/p>\n","protected":false},"excerpt":{"rendered":"<p>El presidente Javier Milei se dirigir\u00e1 esta noche a la ciudadan\u00eda mediante cadena nacional para explicar los motivos de los vetos aplicados recientemente a proyectos sancionados por el Parlamento. Adem\u00e1s, adelantar\u00e1 la estrategia del Ejecutivo frente al rechazo legislativo a decretos centrales de su plan econ\u00f3mico. El presidente Javier Milei El presidente&nbsp;Javier Milei&nbsp;brindar\u00e1 esta noche [&hellip;]<\/p>\n","protected":false},"author":5,"featured_media":431250,"comment_status":"open","ping_status":"open","sticky":false,"template":"","format":"standard","meta":{"_stopmodifiedupdate":false,"_modified_date":"","inline_featured_image":false,"spay_email":"","jetpack_publicize_message":""},"categories":[501],"tags":[],"jetpack_featured_media_url":"https:\/\/notinor.com\/jujuy\/wp-content\/uploads\/2025\/08\/milei-1.jpg","jetpack_publicize_connections":[],"_links":{"self":[{"href":"https:\/\/notinor.com\/jujuy\/wp-json\/wp\/v2\/posts\/431249"}],"collection":[{"href":"https:\/\/notinor.com\/jujuy\/wp-json\/wp\/v2\/posts"}],"about":[{"href":"https:\/\/notinor.com\/jujuy\/wp-json\/wp\/v2\/types\/post"}],"author":[{"embeddable":true,"href":"https:\/\/notinor.com\/jujuy\/wp-json\/wp\/v2\/users\/5"}],"replies":[{"embeddable":true,"href":"https:\/\/notinor.com\/jujuy\/wp-json\/wp\/v2\/comments?post=431249"}],"version-history":[{"count":2,"href":"https:\/\/notinor.com\/jujuy\/wp-json\/wp\/v2\/posts\/431249\/revisions"}],"predecessor-version":[{"id":431252,"href":"https:\/\/notinor.com\/jujuy\/wp-json\/wp\/v2\/posts\/431249\/revisions\/431252"}],"wp:featuredmedia":[{"embeddable":true,"href":"https:\/\/notinor.com\/jujuy\/wp-json\/wp\/v2\/media\/431250"}],"wp:attachment":[{"href":"https:\/\/notinor.com\/jujuy\/wp-json\/wp\/v2\/media?parent=431249"}],"wp:term":[{"taxonomy":"category","embeddable":true,"href":"https:\/\/notinor.com\/jujuy\/wp-json\/wp\/v2\/categories?post=431249"},{"taxonomy":"post_tag","embeddable":true,"href":"https:\/\/notinor.com\/jujuy\/wp-json\/wp\/v2\/tags?post=431249"}],"curies":[{"name":"wp","href":"https:\/\/api.w.org\/{rel}","templated":true}]}}