{"id":431196,"date":"2025-08-07T21:29:05","date_gmt":"2025-08-08T00:29:05","guid":{"rendered":"https:\/\/notinor.com\/jujuy\/?p=431196"},"modified":"2025-08-07T21:29:07","modified_gmt":"2025-08-08T00:29:07","slug":"sadir-celebro-el-inicio-del-centro-de-desarrollo-y-vitivinicola-de-jujuy","status":"publish","type":"post","link":"https:\/\/notinor.com\/jujuy\/sadir-celebro-el-inicio-del-centro-de-desarrollo-y-vitivinicola-de-jujuy\/","title":{"rendered":"Sadir celebr\u00f3 el inicio del Centro de Desarrollo y Vitivin\u00edcola de Jujuy"},"content":{"rendered":"\n<h2 class=\"has-medium-font-size\"><strong><em>El gobernador de la Provincia, Carlos Sadir, encabez\u00f3 el acto de lanzamiento del Centro de Desarrollo Vitivin\u00edcola de Jujuy (CDV), iniciativa que permitir\u00e1 la transferencia de tecnolog\u00eda, capacitaci\u00f3n t\u00e9cnica y gerencial a productores y bodegas de Jujuy.<\/em><\/strong><\/h2>\n\n\n\n<p><\/p>\n\n\n<div class=\"wp-block-image\">\n<figure class=\"aligncenter size-full\"><img decoding=\"async\" loading=\"lazy\" width=\"800\" height=\"450\" src=\"https:\/\/notinor.com\/jujuy\/wp-content\/uploads\/2025\/08\/sadir-1.jpg\" alt=\"\" class=\"wp-image-431197\" srcset=\"https:\/\/notinor.com\/jujuy\/wp-content\/uploads\/2025\/08\/sadir-1.jpg 800w, https:\/\/notinor.com\/jujuy\/wp-content\/uploads\/2025\/08\/sadir-1-649x365.jpg 649w, https:\/\/notinor.com\/jujuy\/wp-content\/uploads\/2025\/08\/sadir-1-500x280.jpg 500w, https:\/\/notinor.com\/jujuy\/wp-content\/uploads\/2025\/08\/sadir-1-768x432.jpg 768w, https:\/\/notinor.com\/jujuy\/wp-content\/uploads\/2025\/08\/sadir-1-750x422.jpg 750w\" sizes=\"(max-width: 800px) 100vw, 800px\" \/><\/figure><\/div>\n\n\n<p><\/p>\n\n\n\n<p>En la jornada, se llev\u00f3 adelante la presentaci\u00f3n oficial del Centro de Desarrollo Vitivin\u00edcola de Jujuy, una iniciativa estrat\u00e9gica que pone en valor la articulaci\u00f3n entre el saber t\u00e9cnico, el trabajo territorial y la ciencia aplicada al desarrollo productivo.<\/p>\n\n\n\n<p>A su vez, durante la ceremonia se concret\u00f3 la firma del acuerdo de trabajo entre los organismos del Estado provincial y entidades privadas presentes para unificar la Red Agroclim\u00e1tica Provincial.<\/p>\n\n\n\n<p>Acompa\u00f1aron el presidente de la Corporaci\u00f3n Vitivin\u00edcola Argentina (COVIAR), Mario Gonz\u00e1lez; el director de la Agencia de Ciencia, Tecnolog\u00eda e Innovaci\u00f3n, Luis Bono; la ministra de Educaci\u00f3n, Miriam Serrano; la directora de Vitivinicultura, Ver\u00f3nica Sato; el representante del INTA Regi\u00f3n Salta, Marcelo Echenique; funcionarios provinciales, productores, t\u00e9cnicos y profesionales del sector entre otros.<\/p>\n\n\n\n<p>En la oportunidad, el gobernador enfatiz\u00f3 que el encuentro permite poner en valor la actividad de la vitivinicultura como identidad para la provincia. \u201cCuando me toca ir a distintas provincias y al exterior veo como nuestros vinos son excelentes embajadores juje\u00f1os. Ya son conocidos, admirados por la gente, son muy premiados y eso es motivo de orgullo como juje\u00f1o\u201d, afirm\u00f3.&nbsp;<\/p>\n\n\n\n<p>Indic\u00f3 que, si bien Jujuy no cuenta con tantas hect\u00e1reas sembradas como otras provincias, \u201clo que la distingue es su buena calidad\u201d.&nbsp;<\/p>\n\n\n\n<p>Tambi\u00e9n record\u00f3 que en marzo se rubric\u00f3 una carta-acuerdo para la creaci\u00f3n del Centro de Desarrollo Vit\u00edcola (CDV) en Jujuy en la provincia de Mendoza y llegar en poco tiempo a concretar este proyecto entusiasma a quienes est\u00e1n involucrados en esta actividad.&nbsp;<\/p>\n\n\n\n<p>\u201cLa idea es fortalecer el sector que, si bien tiene un importante crecimiento, tambi\u00e9n permite el desarrollo del turismo, la gastronom\u00eda y otros sectores que est\u00e1n aportando mucho al producto bruto y lo que permite generar recursos para la provincia y puestos de trabajo\u201d, se\u00f1al\u00f3 Sadir.&nbsp;<\/p>\n\n\n\n<p>En esa l\u00ednea, el mandatario celebr\u00f3 el lanzamiento del Centro de Desarrollo Vitivin\u00edcola y destac\u00f3 que \u201ceste centro brindar\u00e1 tecnolog\u00eda, programas de educaci\u00f3n, de formaci\u00f3n, que siempre son tan importantes. As\u00ed que esto son buenas noticias para el sector\u201d.&nbsp;<\/p>\n\n\n\n<p>Finalmente, Sadir sostuvo que desde el gobierno se seguir\u00e1 confiando en la actividad vitivin\u00edcola para que el producto siga mejorando su calidad, su competitividad y apostando a puestos de trabajo.&nbsp;<\/p>\n\n\n\n<p>Por su parte, Mario Gonz\u00e1lez asegur\u00f3 que \u201cJujuy tiene cuatro partes muy importantes para m\u00ed, que son la cultura, el paisaje, los vinos y la gastronom\u00eda. Conjugando eso se puede lograr un buen resultado, porque la vitivinicultura no solo genera negocio, mano de obra a trav\u00e9s del vino, sino genera movimiento a trav\u00e9s de todo este ciclo. As\u00ed que creo que Jujuy tiene un desarrollo importante\u201d.&nbsp;<\/p>\n\n\n\n<p>Sobre el apoyo del Estado provincial para el crecimiento del sector, indic\u00f3 que \u201ces importante que un gobierno te abra las puertas y esto facilita todos los procesos\u201d.&nbsp;<\/p>\n\n\n\n<p>\u201cMuchas veces se pueden firmar convenios y pasan a\u00f1os y no se hacen avances. Esto demuestra que es muy f\u00e1cil cuando existe acuerdo en lo institucional, pero tambi\u00e9n en lo personal cuando hay buena voluntad de avanzar en cosas concretas\u201d, concluy\u00f3.<\/p>\n","protected":false},"excerpt":{"rendered":"<p>El gobernador de la Provincia, Carlos Sadir, encabez\u00f3 el acto de lanzamiento del Centro de Desarrollo Vitivin\u00edcola de Jujuy (CDV), iniciativa que permitir\u00e1 la transferencia de tecnolog\u00eda, capacitaci\u00f3n t\u00e9cnica y gerencial a productores y bodegas de Jujuy. En la jornada, se llev\u00f3 adelante la presentaci\u00f3n oficial del Centro de Desarrollo Vitivin\u00edcola de Jujuy, una iniciativa [&hellip;]<\/p>\n","protected":false},"author":49,"featured_media":431197,"comment_status":"open","ping_status":"open","sticky":false,"template":"","format":"standard","meta":{"_stopmodifiedupdate":false,"_modified_date":"","inline_featured_image":false,"spay_email":"","jetpack_publicize_message":""},"categories":[2,514],"tags":[],"jetpack_featured_media_url":"https:\/\/notinor.com\/jujuy\/wp-content\/uploads\/2025\/08\/sadir-1.jpg","jetpack_publicize_connections":[],"_links":{"self":[{"href":"https:\/\/notinor.com\/jujuy\/wp-json\/wp\/v2\/posts\/431196"}],"collection":[{"href":"https:\/\/notinor.com\/jujuy\/wp-json\/wp\/v2\/posts"}],"about":[{"href":"https:\/\/notinor.com\/jujuy\/wp-json\/wp\/v2\/types\/post"}],"author":[{"embeddable":true,"href":"https:\/\/notinor.com\/jujuy\/wp-json\/wp\/v2\/users\/49"}],"replies":[{"embeddable":true,"href":"https:\/\/notinor.com\/jujuy\/wp-json\/wp\/v2\/comments?post=431196"}],"version-history":[{"count":1,"href":"https:\/\/notinor.com\/jujuy\/wp-json\/wp\/v2\/posts\/431196\/revisions"}],"predecessor-version":[{"id":431198,"href":"https:\/\/notinor.com\/jujuy\/wp-json\/wp\/v2\/posts\/431196\/revisions\/431198"}],"wp:featuredmedia":[{"embeddable":true,"href":"https:\/\/notinor.com\/jujuy\/wp-json\/wp\/v2\/media\/431197"}],"wp:attachment":[{"href":"https:\/\/notinor.com\/jujuy\/wp-json\/wp\/v2\/media?parent=431196"}],"wp:term":[{"taxonomy":"category","embeddable":true,"href":"https:\/\/notinor.com\/jujuy\/wp-json\/wp\/v2\/categories?post=431196"},{"taxonomy":"post_tag","embeddable":true,"href":"https:\/\/notinor.com\/jujuy\/wp-json\/wp\/v2\/tags?post=431196"}],"curies":[{"name":"wp","href":"https:\/\/api.w.org\/{rel}","templated":true}]}}