{"id":431168,"date":"2025-08-07T14:25:00","date_gmt":"2025-08-07T17:25:00","guid":{"rendered":"https:\/\/notinor.com\/jujuy\/?p=431168"},"modified":"2025-08-08T00:43:21","modified_gmt":"2025-08-08T03:43:21","slug":"61o-aniversario-del-barrio-san-cayetano","status":"publish","type":"post","link":"https:\/\/notinor.com\/jujuy\/61o-aniversario-del-barrio-san-cayetano\/","title":{"rendered":"61\u00ba Aniversario del barrio San Cayetano"},"content":{"rendered":"\n<p class=\"has-medium-font-size\"><strong><em>Ediles capitalinos participaron este jueves por la ma\u00f1ana del acto protocolar por el Aniversario 61\u00b0 del Barrio San Cayetano de nuestra Ciudad, realizado sobre calle Abra Pampa.<\/em><\/strong><\/p>\n\n\n<div class=\"wp-block-image\">\n<figure class=\"aligncenter size-full\"><img decoding=\"async\" loading=\"lazy\" width=\"548\" height=\"365\" src=\"https:\/\/notinor.com\/jujuy\/wp-content\/uploads\/2025\/08\/Aniversario1-5-548x365-1.jpg\" alt=\"\" class=\"wp-image-431209\"\/><\/figure><\/div>\n\n\n<p>Finalizado el acto protocolar, numerosas instituciones escolares y civiles del sector desfilaron frente al palco de las autoridades, acompa\u00f1ados por los aplausos de los vecinos del sector.<\/p>\n\n\n\n<p>En ese marco, el Presidente del Concejo Deliberante, <strong>Lisandro Aguiar<\/strong>, manifest\u00f3: \"Sin lugar a dudas uno de los barrios hist\u00f3ricos que tiene San Salvador de Jujuy, el querido Sanca, compartiendo con los vecinos y las distintas instituciones que tiene el barrio 61 a\u00f1os de vida\".<\/p>\n\n\n\n<p>Asimismo, Lisandro Aguiar a\u00f1adi\u00f3: \"Reci\u00e9n en mi discurso hac\u00eda alusi\u00f3n a esos barrios que son gestados y creados por los propios vecinos, y San Cayetano es uno de ellos, un grupo de vecinos que con anhelos y objetivos en com\u00fan fueron desarrollando y haci\u00e9ndolo crecer, y hoy cuenta con varias generaciones que viven en \u00e9l\".<\/p>\n\n\n\n<p>\"Ver una comisi\u00f3n directiva joven como la que conduce<strong> Francisco Huanco<\/strong> -continu\u00f3 Aguiar- con la idea de poder avanzar con nuevos proyectos, como lo fue la iluminaci\u00f3n total que ya fue lograda con iluminarias led, y seguir avanzando con el pavimento que el barrio necesita, es fundamental. As\u00ed que simplemente agradecer a todos los vecinos que se hicieron presentes y desear que San Cayetano nos colme a todos los juje\u00f1os de paz, pan y trabajo, que es importante para la Argentina que estamos viviendo\".<\/p>\n\n\n\n<p>Por su parte, el presidente de Centro Vecinal, Francisco Huanco, resalt\u00f3: \"Muy contentos por todos los logros y el crecimiento que hemos tenido en estos \u00faltimos tiempos en el barrio, un crecimiento que se ve en cuanto a pavimentaci\u00f3n, iluminaci\u00f3n, en el \u00e1rea educativa y cultural, as\u00ed que creemos que vamos por buen camino\", finaliz\u00f3.<\/p>\n\n\n\n<p>Acompa\u00f1aron al presidente de la instituci\u00f3n parlamentaria, los concejales: Leandro Giubergia y N\u00e9stor Barrios; el presidente del Centro Vecinal, Francisco Huanco; Fabio M\u00e9ndez en representaci\u00f3n del Consejo Vecinal; funcionarios municipales y delegaciones escolares.<span style=\"padding: 0; margin: 0; margin-left: 5px;\"><\/span><\/p>\n","protected":false},"excerpt":{"rendered":"<p>Ediles capitalinos participaron este jueves por la ma\u00f1ana del acto protocolar por el Aniversario 61\u00b0 del Barrio San Cayetano de nuestra Ciudad, realizado sobre calle Abra Pampa. Finalizado el acto protocolar, numerosas instituciones escolares y civiles del sector desfilaron frente al palco de las autoridades, acompa\u00f1ados por los aplausos de los vecinos del sector. En [&hellip;]<\/p>\n","protected":false},"author":5,"featured_media":431209,"comment_status":"open","ping_status":"open","sticky":false,"template":"","format":"standard","meta":{"_stopmodifiedupdate":false,"_modified_date":"","inline_featured_image":false,"spay_email":"","jetpack_publicize_message":""},"categories":[514],"tags":[],"jetpack_featured_media_url":"https:\/\/notinor.com\/jujuy\/wp-content\/uploads\/2025\/08\/Aniversario1-5-548x365-1.jpg","jetpack_publicize_connections":[],"_links":{"self":[{"href":"https:\/\/notinor.com\/jujuy\/wp-json\/wp\/v2\/posts\/431168"}],"collection":[{"href":"https:\/\/notinor.com\/jujuy\/wp-json\/wp\/v2\/posts"}],"about":[{"href":"https:\/\/notinor.com\/jujuy\/wp-json\/wp\/v2\/types\/post"}],"author":[{"embeddable":true,"href":"https:\/\/notinor.com\/jujuy\/wp-json\/wp\/v2\/users\/5"}],"replies":[{"embeddable":true,"href":"https:\/\/notinor.com\/jujuy\/wp-json\/wp\/v2\/comments?post=431168"}],"version-history":[{"count":2,"href":"https:\/\/notinor.com\/jujuy\/wp-json\/wp\/v2\/posts\/431168\/revisions"}],"predecessor-version":[{"id":431211,"href":"https:\/\/notinor.com\/jujuy\/wp-json\/wp\/v2\/posts\/431168\/revisions\/431211"}],"wp:featuredmedia":[{"embeddable":true,"href":"https:\/\/notinor.com\/jujuy\/wp-json\/wp\/v2\/media\/431209"}],"wp:attachment":[{"href":"https:\/\/notinor.com\/jujuy\/wp-json\/wp\/v2\/media?parent=431168"}],"wp:term":[{"taxonomy":"category","embeddable":true,"href":"https:\/\/notinor.com\/jujuy\/wp-json\/wp\/v2\/categories?post=431168"},{"taxonomy":"post_tag","embeddable":true,"href":"https:\/\/notinor.com\/jujuy\/wp-json\/wp\/v2\/tags?post=431168"}],"curies":[{"name":"wp","href":"https:\/\/api.w.org\/{rel}","templated":true}]}}