{"id":431151,"date":"2025-08-07T10:57:52","date_gmt":"2025-08-07T13:57:52","guid":{"rendered":"https:\/\/notinor.com\/jujuy\/?p=431151"},"modified":"2025-08-07T10:57:55","modified_gmt":"2025-08-07T13:57:55","slug":"batalla-campal-en-un-recital-de-damas-gratis-en-colombia-un-muerto-y-graves-enfrentamientos-entre-los-fanaticos","status":"publish","type":"post","link":"https:\/\/notinor.com\/jujuy\/batalla-campal-en-un-recital-de-damas-gratis-en-colombia-un-muerto-y-graves-enfrentamientos-entre-los-fanaticos\/","title":{"rendered":"Batalla campal en un recital de Damas Gratis en Colombia: un muerto y graves enfrentamientos entre los fan\u00e1ticos"},"content":{"rendered":"\n<p class=\"has-medium-font-size\"><strong><em>Cientos de personas ingresaron al recinto antes de que comience el show, lo que desat\u00f3 un caos entre los asistentes. La palabra de Pablo Lescano<\/em><\/strong>.<\/p>\n\n\n<div class=\"wp-block-image\">\n<figure class=\"aligncenter size-large is-resized\"><img decoding=\"async\" loading=\"lazy\" src=\"https:\/\/notinor.com\/jujuy\/wp-content\/uploads\/2025\/08\/AVALANCHA-424x480.jpg\" alt=\"\" class=\"wp-image-431152\" width=\"563\" height=\"637\" srcset=\"https:\/\/notinor.com\/jujuy\/wp-content\/uploads\/2025\/08\/AVALANCHA-424x480.jpg 424w, https:\/\/notinor.com\/jujuy\/wp-content\/uploads\/2025\/08\/AVALANCHA-323x365.jpg 323w, https:\/\/notinor.com\/jujuy\/wp-content\/uploads\/2025\/08\/AVALANCHA.jpg 441w\" sizes=\"(max-width: 563px) 100vw, 563px\" \/><figcaption class=\"wp-element-caption\">Avalanchas en el ingreso al festival de Damas Gratis en Bogot\u00e1<\/figcaption><\/figure><\/div>\n\n\n<p>El eco de la m\u00fasica a\u00fan no hab\u00eda comenzado, pero el estruendo de los gritos y los golpes ya retumbaba en las paredes del\u00a0<strong>Movistar Arena de Bogot\u00e1<\/strong>.\u00a0<strong>La esperada presentaci\u00f3n de Damas Gratis<\/strong> <strong>termin\u00f3 cancelada antes de que sonara la primera canci\u00f3n,\u00a0<\/strong>despu\u00e9s de que una brutal pelea entre hinchas de f\u00fatbol se apoderara del recinto y dejara como saldo una persona muerta y cinco heridas de gravedad.<\/p>\n\n\n\n<p>Las filas de fan\u00e1ticos zigzagueaban a las afueras, envueltos en la emoci\u00f3n y el brillo el\u00e9ctrico de una noche que promet\u00eda el ritmo fren\u00e9tico de la&nbsp;<strong>cumbia villera argentina<\/strong>. Pero, tras el tel\u00f3n de luces, las tensiones de otra pasi\u00f3n \u2014la del f\u00fatbol\u2014 bull\u00edan en las afueras y penetraba la oscuridad de las gradas. Cuando faltaban minutos para las 21, los primeros empujones rompieron la energ\u00eda festiva.<\/p>\n\n\n\n<p>\u201cDuele ver esto en un concierto y m\u00e1s en el Movistar Arena, las hinchadas se pelean y da\u00f1an el recinto, da\u00f1aron la organizaci\u00f3n del promotor y \u00bfd\u00f3nde estar\u00e1 la polic\u00eda?\u201d, se\u00f1al\u00f3 uno de los asistentes, con la voz perdida entre la indignaci\u00f3n y la impotencia.<\/p>\n\n\n\n<p><strong>El enfrentamiento, protagonizado por presuntos hinchas de Millonarios e Independiente Santa Fe, los dos clubes m\u00e1s populares de Bogot\u00e1, creci\u00f3 como una ola violenta que no tard\u00f3 en arrasar con la alegr\u00eda de miles de fan\u00e1ticos<\/strong>&nbsp;que quer\u00edan celebrar el aniversario de la ciudad al ritmo de la m\u00fasica.<\/p>\n\n\n\n<p>Es que pese a estar en recinto lleno, con localidades agotadas, cientos de personas se mantuvieron en las inmediaciones hasta que se acercaba la hora se\u00f1alada de inicio del concierto. En un momento, ingresaron en manada por la puerta 5, lo que deriv\u00f3 en el principio del caos.<\/p>\n\n\n\n<p>Testigos cuentan que los golpes se multiplicaron y que, los objetos propios de la log\u00edstica de cada espect\u00e1culo, como las sillas o las vallas de contenci\u00f3n, volaron sobre la multitud como si fueran proyectiles de la improvisada batalla.\u00a0<strong>Las im\u00e1genes se repitieron en redes sociales, amplificadas por el p\u00e1nico: grupos de personas buscando d\u00f3nde cubrirse, padres cubriendo con sus cuerpos a los hijos peque\u00f1os, gritos ahogados bajo el estr\u00e9pito del desorden.<\/strong><\/p>\n\n\n<div class=\"wp-block-image\">\n<figure class=\"aligncenter size-large is-resized\"><img decoding=\"async\" loading=\"lazy\" src=\"https:\/\/notinor.com\/jujuy\/wp-content\/uploads\/2025\/08\/AVALANCHA1-420x480.jpg\" alt=\"\" class=\"wp-image-431153\" width=\"569\" height=\"650\" srcset=\"https:\/\/notinor.com\/jujuy\/wp-content\/uploads\/2025\/08\/AVALANCHA1-420x480.jpg 420w, https:\/\/notinor.com\/jujuy\/wp-content\/uploads\/2025\/08\/AVALANCHA1-319x365.jpg 319w, https:\/\/notinor.com\/jujuy\/wp-content\/uploads\/2025\/08\/AVALANCHA1.jpg 435w\" sizes=\"(max-width: 569px) 100vw, 569px\" \/><figcaption class=\"wp-element-caption\">El escenario del Movistar Arena de Bogot\u00e1 se convirti\u00f3 en un campo de batalla<\/figcaption><\/figure><\/div>\n\n\n<p>La intervenci\u00f3n del personal de seguridad, superado en n\u00famero y en furia por los revoltosos, result\u00f3 insuficiente. La escena se ti\u00f1\u00f3 pronto de tragedia:&nbsp;<strong>una persona muri\u00f3 y<\/strong>&nbsp;<strong>cinco m\u00e1s resultaron heridas gravemente<\/strong>, adem\u00e1s de muchos que dejaron el recinto con lesiones menores o el coraz\u00f3n apretado de miedo.<\/p>\n\n\n\n<p>El alcalde Carlos Fernando Gal\u00e1n confirm\u00f3 la muerte:&nbsp;<strong>\u201cLamento la muerte de una persona esta noche a las afueras del Movistar Arena,&nbsp;<\/strong>quien, seg\u00fan la informaci\u00f3n preliminar, habr\u00eda sido atropellado. En todo caso, esto ser\u00e1 motivo de investigaci\u00f3n\u201d, se\u00f1al\u00f3 Gal\u00e1n en su cuenta oficial de X<strong>.<\/strong><\/p>\n\n\n\n<p>El mandatario distrital expres\u00f3 su rechazo absoluto a los episodios violentos ocurridos poco antes de que la agrupaci\u00f3n argentina subiera al escenario e inform\u00f3 que varias personas requirieron atenci\u00f3n hospitalaria.<\/p>\n\n\n\n<p class=\"has-text-align-center\"><img decoding=\"async\" loading=\"lazy\" height=\"1080\" width=\"1920\" src=\"https:\/\/www.infobae.com\/resizer\/v2\/2HBVUEWB7VFRXGSQ3ZAHXJ3TPQ.jpg?auth=f89c5678b842fb44bbd39d283a9253ccc2c9d1973c971e8e2c2a4c85b28bcff6&amp;smart=true&amp;width=350&amp;height=197&amp;quality=85\" alt=\"Gal\u00e1n enfatiz\u00f3 que &quot;los hechos\">Gal\u00e1n enfatiz\u00f3 que \"los hechos violentos sucedidos en el Movistar Arena antes de un concierto son absolutamente repudiables\"<\/p>\n\n\n\n<p>Poco despu\u00e9s de los disturbios y el desenlace fatal, la administraci\u00f3n del Movistar Arena dio a conocer su posici\u00f3n mediante un comunicado oficial.<\/p>\n\n\n\n<p><strong>\u201cLamentamos profundamente los hechos ocurridos durante el evento de hoy. La administraci\u00f3n del espacio tuvo como prioridad proteger a los asistentes y colaboradores y suspender el espect\u00e1culo para que las autoridades pudieran intervenir y recuperar el orden\u201d<\/strong>, se lee en el mensaje divulgado en redes.<\/p>\n\n\n\n<p>La organizaci\u00f3n tom\u00f3 la decisi\u00f3n de\u00a0<strong>cancelar el concierto de Damas Gratis y evacuar completamente el recinto<\/strong>, con el fin de garantizar la seguridad y el bienestar de los asistentes. El Movistar Arena se comprometi\u00f3 a colaborar con las investigaciones de las autoridades y a mantener informados a los espectadores afectados a trav\u00e9s de sus canales oficiales.<\/p>\n\n\n\n<p><img decoding=\"async\" loading=\"lazy\" height=\"528\" width=\"580\" src=\"https:\/\/www.infobae.com\/resizer\/v2\/4QLQF5B2HREOLOIZV7YEHV6M5E.png?auth=3d9884c1829f6433e000b415580a3213f3fac485adaf0137329d46fbe95414fe&amp;smart=true&amp;width=350&amp;height=319&amp;quality=85\" alt=\"El alcalde de Bogot\u00e1, Carlos\">El alcalde de Bogot\u00e1, Carlos Fernando Gal\u00e1n, fue uno de los primeros en confirmar la muerte de una persona a las afueras del Movistar Arena - cr\u00e9dito X.<\/p>\n\n\n\n<p><img decoding=\"async\" loading=\"lazy\" height=\"1350\" width=\"1080\" src=\"https:\/\/www.infobae.com\/resizer\/v2\/UHX5KL3HIRFP7PPQ6IBT2FKUGA.jpg?auth=6773d5cc7e8b884baad324f9053db8263813df663e2aca211612cbec78d132d2&amp;smart=true&amp;width=350&amp;height=438&amp;quality=85\" alt=\"La administraci\u00f3n del Movistar Arena\">La administraci\u00f3n del Movistar Arena tambi\u00e9n lament\u00f3 lo ocurrido mediante un comunicado difundido en redes sociales. cr\u00e9dito - X @MovistarArenaCo<\/p>\n\n\n\n<p>La voz de la indignaci\u00f3n no tard\u00f3 en multiplicarse. \u201c<strong>El evento de Damas Gratis en Bogot\u00e1 se convirti\u00f3 en una completa pesadilla.&nbsp;<\/strong>Una turba de desadaptados se abalanz\u00f3 contra la escasa polic\u00eda y contra el personal log\u00edstico, sin importar si eran hombres o mujeres. Una l\u00e1stima, pero lo present\u00eda\u201d, relat\u00f3 un testigo desde su cuenta digital, cada palabra te\u00f1ida de la amargura de quien vio caer una fiesta.<\/p>\n\n\n\n<p><strong>La organizaci\u00f3n<\/strong>, en consulta con las autoridades y la administraci\u00f3n del Movistar Arena, opt\u00f3 por detener todo. El anuncio de la cancelaci\u00f3n, seco y breve, retumb\u00f3 sobre una multitud que ya solo quer\u00eda irse. No hubo detenidos hasta el momento, reportaron las autoridades tras la noche oscura, aunque decenas requirieron atenci\u00f3n m\u00e9dica y salieron en busca de un poco de aire.<\/p>\n\n\n\n<p><strong>Damas Gratis<\/strong>, la banda argentina que hab\u00eda agotado boletos en la capital colombiana,\u00a0<strong>nunca antes en sus giras por Am\u00e9rica Latina hab\u00edan visto caer la m\u00fasica bajo el peso de la violencia. En la ma\u00f1ana del viernes,<\/strong> <strong>Pablo Lescano<\/strong>, l\u00edder y cantante de la agrupaci\u00f3n, se manifest\u00f3 en sus redes sociales:<strong>\u00a0\u201cChau Bogot\u00e1, Colombia me rompiste el coraz\u00f3n, muy triste por todo lo sucedido\u201d<\/strong>. En la publicaci\u00f3n, comparti\u00f3 capturas de mensajes directos de seguidores y miembros de la organizaci\u00f3n del evento.<\/p>\n\n\n\n<p><img decoding=\"async\" loading=\"lazy\" height=\"1138\" width=\"640\" src=\"https:\/\/www.infobae.com\/resizer\/v2\/C5UV7ZQBFNAL7CZL2N6G7VZGZM.jpg?auth=0e3c5ff4af30629ac248e2e4e3f5b185a008cf8fd035a40ffe7fe53bd85e5d98&amp;smart=true&amp;width=350&amp;height=622&amp;quality=85\" alt=\"El mensaje de Pablo Lescano\"><\/p>\n\n\n\n<p>El mensaje de Pablo Lescano en su Instagram<\/p>\n\n\n\n<p><strong>\u201cNo se pudo hoy, nunca imagin\u00e9 terminar as\u00ed el d\u00eda\u201d<\/strong>, se\u00f1alaba uno de los mensajes que comparti\u00f3 el frontman, que tambi\u00e9n expresaba su tristeza y ofrec\u00eda disculpas por no haber logrado que el show se lleve a cabo. Otro asistente se\u00f1al\u00f3 que mucha gente compr\u00f3 su entrada y lament\u00f3 que el evento no se haya realizado, al agregar que los colombianos siempre esperan con ansias el regreso de Lescano. Otra usuaria tambi\u00e9n manifest\u00f3 su pesar por la situaci\u00f3n, al indicar que<strong>&nbsp;\u201cpor culpa de otras personas irresponsables\u201d<\/strong>&nbsp;los verdaderos fans se quedaron con la ilusi\u00f3n de ver la banda.<\/p>\n\n\n\n<p>Desde el p\u00fablico, un mensaje relat\u00f3 que hab\u00eda viajado desde una ciudad vecina solo para asistir al concierto, describiendo su tristeza y se\u00f1alando que nadie ofreci\u00f3 explicaciones claras a los asistentes. A la 1:35 am, otro seguidor expres\u00f3 que era un sue\u00f1o ver a la banda y que, por la conducta de unos pocos, todos pagaron las consecuencias, cerrando con la frase: \u201c<strong>Estaba cumpliendo a\u00f1os y ese era mi regalo<\/strong>\u201d. Una frase que sintetiza la tristeza y el dolor de una jornada que promet\u00eda ser una fiesta y termin\u00f3 en tragedia.<\/p>\n\n\n\n<p>Gentileza Infobae<\/p>\n","protected":false},"excerpt":{"rendered":"<p>Cientos de personas ingresaron al recinto antes de que comience el show, lo que desat\u00f3 un caos entre los asistentes. La palabra de Pablo Lescano. El eco de la m\u00fasica a\u00fan no hab\u00eda comenzado, pero el estruendo de los gritos y los golpes ya retumbaba en las paredes del\u00a0Movistar Arena de Bogot\u00e1.\u00a0La esperada presentaci\u00f3n de [&hellip;]<\/p>\n","protected":false},"author":5,"featured_media":431152,"comment_status":"open","ping_status":"open","sticky":false,"template":"","format":"standard","meta":{"_stopmodifiedupdate":false,"_modified_date":"","inline_featured_image":false,"spay_email":"","jetpack_publicize_message":""},"categories":[21],"tags":[],"jetpack_featured_media_url":"https:\/\/notinor.com\/jujuy\/wp-content\/uploads\/2025\/08\/AVALANCHA.jpg","jetpack_publicize_connections":[],"_links":{"self":[{"href":"https:\/\/notinor.com\/jujuy\/wp-json\/wp\/v2\/posts\/431151"}],"collection":[{"href":"https:\/\/notinor.com\/jujuy\/wp-json\/wp\/v2\/posts"}],"about":[{"href":"https:\/\/notinor.com\/jujuy\/wp-json\/wp\/v2\/types\/post"}],"author":[{"embeddable":true,"href":"https:\/\/notinor.com\/jujuy\/wp-json\/wp\/v2\/users\/5"}],"replies":[{"embeddable":true,"href":"https:\/\/notinor.com\/jujuy\/wp-json\/wp\/v2\/comments?post=431151"}],"version-history":[{"count":1,"href":"https:\/\/notinor.com\/jujuy\/wp-json\/wp\/v2\/posts\/431151\/revisions"}],"predecessor-version":[{"id":431154,"href":"https:\/\/notinor.com\/jujuy\/wp-json\/wp\/v2\/posts\/431151\/revisions\/431154"}],"wp:featuredmedia":[{"embeddable":true,"href":"https:\/\/notinor.com\/jujuy\/wp-json\/wp\/v2\/media\/431152"}],"wp:attachment":[{"href":"https:\/\/notinor.com\/jujuy\/wp-json\/wp\/v2\/media?parent=431151"}],"wp:term":[{"taxonomy":"category","embeddable":true,"href":"https:\/\/notinor.com\/jujuy\/wp-json\/wp\/v2\/categories?post=431151"},{"taxonomy":"post_tag","embeddable":true,"href":"https:\/\/notinor.com\/jujuy\/wp-json\/wp\/v2\/tags?post=431151"}],"curies":[{"name":"wp","href":"https:\/\/api.w.org\/{rel}","templated":true}]}}