{"id":431141,"date":"2025-08-07T09:32:38","date_gmt":"2025-08-07T12:32:38","guid":{"rendered":"https:\/\/notinor.com\/jujuy\/?p=431141"},"modified":"2025-08-07T21:37:22","modified_gmt":"2025-08-08T00:37:22","slug":"divorcio-entre-la-realidad-y-las-decisiones-politicas","status":"publish","type":"post","link":"https:\/\/notinor.com\/jujuy\/divorcio-entre-la-realidad-y-las-decisiones-politicas\/","title":{"rendered":"Divorcio entre la realidad y las decisiones politicas"},"content":{"rendered":"\n<p class=\"has-medium-font-size\"><strong><em>El Presidente de la Convenci\u00f3n Provincial de la Uni\u00f3n C\u00edvica Radical, Escribano Mario Pizarro expres\u00f3 su preocupaci\u00f3n respecto de los vetos presidenciales sobre la ley de aumento a las jubilaciones, la moratoria previsional y la emergencia en discapacidad a la vez que rechaz\u00f3 los argumentos oficiales dados por la Oficina de la Presidencia el lunes pasado.<\/em><\/strong><\/p>\n\n\n<div class=\"wp-block-image\">\n<figure class=\"aligncenter size-full is-resized\"><img decoding=\"async\" loading=\"lazy\" src=\"https:\/\/notinor.com\/jujuy\/wp-content\/uploads\/2025\/08\/PIZARO.jpg\" alt=\"\" class=\"wp-image-431142\" width=\"701\" height=\"462\" srcset=\"https:\/\/notinor.com\/jujuy\/wp-content\/uploads\/2025\/08\/PIZARO.jpg 634w, https:\/\/notinor.com\/jujuy\/wp-content\/uploads\/2025\/08\/PIZARO-554x365.jpg 554w\" sizes=\"(max-width: 701px) 100vw, 701px\" \/><figcaption class=\"wp-element-caption\">Escribano Mario Pizarro<\/figcaption><\/figure><\/div>\n\n\n<p>Advirti\u00f3 que&nbsp;<strong>\"el Estado nacional est\u00e1 en deuda con los derechos de las personas con discapacidad\u201d,&nbsp;<\/strong>dicen que no hay plata, pero los intereses de deuda se pagan, las partidas para la Side siguen, los fondos de manejo discrecional tambi\u00e9n.<\/p>\n\n\n\n<p>\"Lo que se vot\u00f3 significa un peque\u00f1o alivio y el Estado tiene los recursos para hacerle frente, es mentira que afecte el equilibrio fiscal\", asegur\u00f3 y precis\u00f3: \"Representa solo el 0,24% del PBI, es la mitad del costo fiscal de haberle perdonado el impuesto a los bienes personales a los ricos\".<\/p>\n\n\n\n<p>&nbsp;Milei \u201cvuelve a mostrar su verdadero rostro: el del&nbsp;<strong>desprecio por los sectores m\u00e1s vulnerables<\/strong>\u201d;&nbsp;y se\u00f1al\u00f3 que \u201clo hizo otra vez, porque no hay nada m\u00e1s revolucionario que ajustar a los que menos tienen\u201d.<\/p>\n\n\n\n<p>\u201cVetar leyes para personas con discapacidad y jubilados&nbsp;<strong>no es valent\u00eda, es crueldad<\/strong>. Una vez m\u00e1s, el ajuste no lo paga la casta, lo pagan los que m\u00e1s lo necesitan, finaliz\u00f3 Pizarro\".<\/p>\n","protected":false},"excerpt":{"rendered":"<p>El Presidente de la Convenci\u00f3n Provincial de la Uni\u00f3n C\u00edvica Radical, Escribano Mario Pizarro expres\u00f3 su preocupaci\u00f3n respecto de los vetos presidenciales sobre la ley de aumento a las jubilaciones, la moratoria previsional y la emergencia en discapacidad a la vez que rechaz\u00f3 los argumentos oficiales dados por la Oficina de la Presidencia el lunes [&hellip;]<\/p>\n","protected":false},"author":5,"featured_media":431205,"comment_status":"open","ping_status":"open","sticky":false,"template":"","format":"standard","meta":{"_stopmodifiedupdate":false,"_modified_date":"","inline_featured_image":false,"spay_email":"","jetpack_publicize_message":""},"categories":[2],"tags":[],"jetpack_featured_media_url":"https:\/\/notinor.com\/jujuy\/wp-content\/uploads\/2025\/08\/mario-pizarro.jpg","jetpack_publicize_connections":[],"_links":{"self":[{"href":"https:\/\/notinor.com\/jujuy\/wp-json\/wp\/v2\/posts\/431141"}],"collection":[{"href":"https:\/\/notinor.com\/jujuy\/wp-json\/wp\/v2\/posts"}],"about":[{"href":"https:\/\/notinor.com\/jujuy\/wp-json\/wp\/v2\/types\/post"}],"author":[{"embeddable":true,"href":"https:\/\/notinor.com\/jujuy\/wp-json\/wp\/v2\/users\/5"}],"replies":[{"embeddable":true,"href":"https:\/\/notinor.com\/jujuy\/wp-json\/wp\/v2\/comments?post=431141"}],"version-history":[{"count":1,"href":"https:\/\/notinor.com\/jujuy\/wp-json\/wp\/v2\/posts\/431141\/revisions"}],"predecessor-version":[{"id":431143,"href":"https:\/\/notinor.com\/jujuy\/wp-json\/wp\/v2\/posts\/431141\/revisions\/431143"}],"wp:featuredmedia":[{"embeddable":true,"href":"https:\/\/notinor.com\/jujuy\/wp-json\/wp\/v2\/media\/431205"}],"wp:attachment":[{"href":"https:\/\/notinor.com\/jujuy\/wp-json\/wp\/v2\/media?parent=431141"}],"wp:term":[{"taxonomy":"category","embeddable":true,"href":"https:\/\/notinor.com\/jujuy\/wp-json\/wp\/v2\/categories?post=431141"},{"taxonomy":"post_tag","embeddable":true,"href":"https:\/\/notinor.com\/jujuy\/wp-json\/wp\/v2\/tags?post=431141"}],"curies":[{"name":"wp","href":"https:\/\/api.w.org\/{rel}","templated":true}]}}