{"id":431058,"date":"2025-08-04T20:46:00","date_gmt":"2025-08-04T23:46:00","guid":{"rendered":"https:\/\/notinor.com\/jujuy\/?p=431058"},"modified":"2025-08-04T08:46:35","modified_gmt":"2025-08-04T08:46:35","slug":"la-comision-de-cultura-y-turismo-avanza-con-declaraciones-de-interes-en-apoyo-a-la-produccion-cultural-jujena","status":"publish","type":"post","link":"https:\/\/notinor.com\/jujuy\/la-comision-de-cultura-y-turismo-avanza-con-declaraciones-de-interes-en-apoyo-a-la-produccion-cultural-jujena\/","title":{"rendered":"<strong>La Comisi\u00f3n de Cultura y Turismo avanza con declaraciones de inter\u00e9s en apoyo a la producci\u00f3n cultural juje\u00f1a<\/strong>"},"content":{"rendered":"\n<p class=\"has-medium-font-size\"><strong><em>En una nueva jornada de trabajo realizada en el Sal\u00f3n Marcos Paz de la Legislatura, la Comisi\u00f3n de Cultura y Turismo abord\u00f3 iniciativas vinculadas a la producci\u00f3n literaria de autores juje\u00f1os y a propuestas impulsadas por organizaciones sociales de la provincia.<\/em><\/strong><\/p>\n\n\n<div class=\"wp-block-image\">\n<figure class=\"aligncenter size-large\"><img decoding=\"async\" loading=\"lazy\" width=\"720\" height=\"480\" src=\"https:\/\/notinor.com\/jujuy\/wp-content\/uploads\/2025\/08\/cultura1-720x480.jpeg\" alt=\"\" class=\"wp-image-431060\" srcset=\"https:\/\/notinor.com\/jujuy\/wp-content\/uploads\/2025\/08\/cultura1-720x480.jpeg 720w, https:\/\/notinor.com\/jujuy\/wp-content\/uploads\/2025\/08\/cultura1-547x365.jpeg 547w, https:\/\/notinor.com\/jujuy\/wp-content\/uploads\/2025\/08\/cultura1-768x512.jpeg 768w, https:\/\/notinor.com\/jujuy\/wp-content\/uploads\/2025\/08\/cultura1-1536x1024.jpeg 1536w, https:\/\/notinor.com\/jujuy\/wp-content\/uploads\/2025\/08\/cultura1-750x500.jpeg 750w, https:\/\/notinor.com\/jujuy\/wp-content\/uploads\/2025\/08\/cultura1-1140x760.jpeg 1140w, https:\/\/notinor.com\/jujuy\/wp-content\/uploads\/2025\/08\/cultura1.jpeg 1600w\" sizes=\"(max-width: 720px) 100vw, 720px\" \/><\/figure><\/div>\n\n\n<p>La presidenta de la Comisi\u00f3n, diputada <strong>Mariela del Valle Ort\u00edz<\/strong>, inform\u00f3 que se avanz\u00f3 en declaraciones de inter\u00e9s para publicaciones literarias y para instituciones que desarrollan una labor social significativa. \"Recibimos informes de nuestra Biblioteca Legislativa, que analiza los contenidos de los libros propuestos, lo que nos permite avanzar con los despachos\", explic\u00f3.<\/p>\n\n\n<div class=\"wp-block-image\">\n<figure class=\"aligncenter size-large\"><img decoding=\"async\" loading=\"lazy\" width=\"720\" height=\"480\" src=\"https:\/\/notinor.com\/jujuy\/wp-content\/uploads\/2025\/08\/cultura1-1-720x480.jpeg\" alt=\"\" class=\"wp-image-431061\" srcset=\"https:\/\/notinor.com\/jujuy\/wp-content\/uploads\/2025\/08\/cultura1-1-720x480.jpeg 720w, https:\/\/notinor.com\/jujuy\/wp-content\/uploads\/2025\/08\/cultura1-1-547x365.jpeg 547w, https:\/\/notinor.com\/jujuy\/wp-content\/uploads\/2025\/08\/cultura1-1-768x512.jpeg 768w, https:\/\/notinor.com\/jujuy\/wp-content\/uploads\/2025\/08\/cultura1-1-1536x1024.jpeg 1536w, https:\/\/notinor.com\/jujuy\/wp-content\/uploads\/2025\/08\/cultura1-1-750x500.jpeg 750w, https:\/\/notinor.com\/jujuy\/wp-content\/uploads\/2025\/08\/cultura1-1-1140x760.jpeg 1140w, https:\/\/notinor.com\/jujuy\/wp-content\/uploads\/2025\/08\/cultura1-1.jpeg 1600w\" sizes=\"(max-width: 720px) 100vw, 720px\" \/><\/figure><\/div>\n\n\n<p>En otro orden, Ort\u00edz manifest\u00f3 su preocupaci\u00f3n y repudio ante los recortes a pol\u00edticas p\u00fablicas culturales por parte del gobierno nacional, que afectan directamente a instituciones clave como el Instituto Nacional de la M\u00fasica, el Instituto Nacional del Teatro y el Instituto Nacional Belgraniano, presentes tambi\u00e9n en la provincia. \"Estos espacios han sido fundamentales para el desarrollo y crecimiento cultural en las provincias. Cre\u00edmos necesario manifestarnos sin lugar a dudas\", sostuvo.<\/p>\n\n\n\n<p>La diputada tambi\u00e9n evalu\u00f3 positivamente la temporada tur\u00edstica de invierno en Jujuy, destacando una alta afluencia de visitantes tanto nacionales como internacionales. \"Hasta hace pocos d\u00edas segu\u00edamos recibiendo turistas de provincias cuyos recesos escolares comenzaron m\u00e1s tarde. Esto nos habla de un destino que sigue posicion\u00e1ndose a nivel nacional e internacional\", remarc\u00f3.<\/p>\n\n\n\n<p>Respecto a la agenda del mes en curso, Ort\u00edz se\u00f1al\u00f3 que desde la Comisi\u00f3n se acompa\u00f1ar\u00e1n diversas actividades, entre ellas, la declaraci\u00f3n por el Bicentenario de la Rep\u00fablica de Bolivia, en articulaci\u00f3n con el Consulado boliviano en Jujuy. \"Este fin de semana se realizar\u00e1n presentaciones de m\u00fasicos, bandas y grupos de danza provenientes de Oruro, que compartir\u00e1n su arte con el pueblo juje\u00f1o\", destac\u00f3.<\/p>\n\n\n\n<p>Entre otras actividades que acompa\u00f1a la Comisi\u00f3n figuran: La Feria del Libro, que cont\u00f3 con declaraci\u00f3n de inter\u00e9s provincial. El Festival del Yac\u00f3n en la localidad de B\u00e1rcena. El Festival de Tango y Pacha, que se celebra en Ledesma.<\/p>\n\n\n\n<p>\"Seguimos acompa\u00f1ando a los gestores culturales y a las comunidades del interior en un mes tan especial como agosto, donde celebramos a la Pachamama y mostramos con orgullo nuestra diversidad cultural\", concluy\u00f3 la legisladora.<\/p>\n","protected":false},"excerpt":{"rendered":"<p>En una nueva jornada de trabajo realizada en el Sal\u00f3n Marcos Paz de la Legislatura, la Comisi\u00f3n de Cultura y Turismo abord\u00f3 iniciativas vinculadas a la producci\u00f3n literaria de autores juje\u00f1os y a propuestas impulsadas por organizaciones sociales de la provincia. La presidenta de la Comisi\u00f3n, diputada Mariela del Valle Ort\u00edz, inform\u00f3 que se avanz\u00f3 [&hellip;]<\/p>\n","protected":false},"author":5,"featured_media":431059,"comment_status":"open","ping_status":"open","sticky":false,"template":"","format":"standard","meta":{"_stopmodifiedupdate":false,"_modified_date":"","inline_featured_image":false,"spay_email":"","jetpack_publicize_message":""},"categories":[514],"tags":[],"jetpack_featured_media_url":"https:\/\/notinor.com\/jujuy\/wp-content\/uploads\/2025\/08\/cultura.jpeg","jetpack_publicize_connections":[],"_links":{"self":[{"href":"https:\/\/notinor.com\/jujuy\/wp-json\/wp\/v2\/posts\/431058"}],"collection":[{"href":"https:\/\/notinor.com\/jujuy\/wp-json\/wp\/v2\/posts"}],"about":[{"href":"https:\/\/notinor.com\/jujuy\/wp-json\/wp\/v2\/types\/post"}],"author":[{"embeddable":true,"href":"https:\/\/notinor.com\/jujuy\/wp-json\/wp\/v2\/users\/5"}],"replies":[{"embeddable":true,"href":"https:\/\/notinor.com\/jujuy\/wp-json\/wp\/v2\/comments?post=431058"}],"version-history":[{"count":1,"href":"https:\/\/notinor.com\/jujuy\/wp-json\/wp\/v2\/posts\/431058\/revisions"}],"predecessor-version":[{"id":431062,"href":"https:\/\/notinor.com\/jujuy\/wp-json\/wp\/v2\/posts\/431058\/revisions\/431062"}],"wp:featuredmedia":[{"embeddable":true,"href":"https:\/\/notinor.com\/jujuy\/wp-json\/wp\/v2\/media\/431059"}],"wp:attachment":[{"href":"https:\/\/notinor.com\/jujuy\/wp-json\/wp\/v2\/media?parent=431058"}],"wp:term":[{"taxonomy":"category","embeddable":true,"href":"https:\/\/notinor.com\/jujuy\/wp-json\/wp\/v2\/categories?post=431058"},{"taxonomy":"post_tag","embeddable":true,"href":"https:\/\/notinor.com\/jujuy\/wp-json\/wp\/v2\/tags?post=431058"}],"curies":[{"name":"wp","href":"https:\/\/api.w.org\/{rel}","templated":true}]}}