{"id":431037,"date":"2025-08-04T18:48:11","date_gmt":"2025-08-04T21:48:11","guid":{"rendered":"https:\/\/notinor.com\/jujuy\/?p=431037"},"modified":"2025-08-04T18:48:13","modified_gmt":"2025-08-04T21:48:13","slug":"natalia-sarapura-encabezo-la-jornada-de-evaluacion-para-designar-al-proximo-defensor-de-ninas-ninos-y-adolescentes","status":"publish","type":"post","link":"https:\/\/notinor.com\/jujuy\/natalia-sarapura-encabezo-la-jornada-de-evaluacion-para-designar-al-proximo-defensor-de-ninas-ninos-y-adolescentes\/","title":{"rendered":"<strong>Natalia Sarapura encabez\u00f3 la jornada de evaluaci\u00f3n para designar al pr\u00f3ximo Defensor de Ni\u00f1as, Ni\u00f1os y Adolescentes<\/strong>"},"content":{"rendered":"\n<p class=\"has-medium-font-size\"><strong><em>Este viernes 1 de agosto, en el recinto de la C\u00e1mara de Diputados de la Naci\u00f3n, se realiz\u00f3 la instancia de examen escrito del Concurso P\u00fablico de Oposici\u00f3n y Antecedentes 2025 para la designaci\u00f3n del nuevo Defensor o Defensora de los Derechos de las Ni\u00f1as, Ni\u00f1os y Adolescentes. La jornada estuvo encabezada por la diputada nacional Natalia Sarapura, presidenta de la Comisi\u00f3n Bicameral que conduce este proceso de alta relevancia institucional.<\/em><\/strong><\/p>\n\n\n\n<p><\/p>\n\n\n<div class=\"wp-block-image\">\n<figure class=\"aligncenter size-full\"><img decoding=\"async\" loading=\"lazy\" width=\"800\" height=\"450\" src=\"https:\/\/notinor.com\/jujuy\/wp-content\/uploads\/2025\/08\/natalia-sarapura.jpg\" alt=\"\" class=\"wp-image-431038\" srcset=\"https:\/\/notinor.com\/jujuy\/wp-content\/uploads\/2025\/08\/natalia-sarapura.jpg 800w, https:\/\/notinor.com\/jujuy\/wp-content\/uploads\/2025\/08\/natalia-sarapura-649x365.jpg 649w, https:\/\/notinor.com\/jujuy\/wp-content\/uploads\/2025\/08\/natalia-sarapura-500x280.jpg 500w, https:\/\/notinor.com\/jujuy\/wp-content\/uploads\/2025\/08\/natalia-sarapura-768x432.jpg 768w, https:\/\/notinor.com\/jujuy\/wp-content\/uploads\/2025\/08\/natalia-sarapura-750x422.jpg 750w\" sizes=\"(max-width: 800px) 100vw, 800px\" \/><figcaption class=\"wp-element-caption\">Diputada nacional por Jujuy, Natalia Sarapura<\/figcaption><\/figure><\/div>\n\n\n<p><\/p>\n\n\n\n<p>\u201c<strong>Este es un paso fundamental para garantizar un sistema de protecci\u00f3n de derechos m\u00e1s federal, transparente y comprometido con el inter\u00e9s superior de la ni\u00f1ez<\/strong>\u201d, expres\u00f3 Sarapura, quien destac\u00f3 la participaci\u00f3n de 147 postulantes de todo el pa\u00eds.<\/p>\n\n\n\n<p>La legisladora juje\u00f1a subray\u00f3 el valor del proceso: \u201c<strong>Tuvimos el orgullo de recibir a 147 argentinos y argentinas que expresaron su vocaci\u00f3n de ocupar este rol clave. Todos y todas, desde distintos lugares del pa\u00eds, reafirmaron con su presencia que la defensa de la ni\u00f1ez es una causa nacional<\/strong>\u201d.<\/p>\n\n\n\n<p>Asimismo, reconoci\u00f3 el aporte t\u00e9cnico de los consejeros, consejeras y especialistas que acompa\u00f1aron el desarrollo de la evaluaci\u00f3n, y reafirm\u00f3 su visi\u00f3n pol\u00edtica: \u201c<strong>Necesitamos una Defensor\u00eda m\u00e1s presente en el territorio, con una mirada integral y capacidad de rendir cuentas. Hoy m\u00e1s que nunca, la ni\u00f1ez necesita pol\u00edticas p\u00fablicas activas y voces que la representen<\/strong>\u201d.<\/p>\n\n\n\n<p>Sarapura tambi\u00e9n remarc\u00f3 la construcci\u00f3n de consensos en el marco de la Bicameral: \u201c<strong>Este proceso refleja un compromiso colectivo. Hoy, con acciones concretas, decimos que los derechos de la ni\u00f1ez no pueden esperar<\/strong>\u201d.<\/p>\n\n\n\n<p>El proceso continuar\u00e1 con la publicaci\u00f3n del listado de personas que hayan aprobado el examen, el pr\u00f3ximo 8 de agosto. Las audiencias p\u00fablicas ante la Comisi\u00f3n Bicameral se desarrollar\u00e1n entre el 28 de agosto y el 1 de septiembre. La etapa final est\u00e1 prevista para el 22 de septiembre, cuando se designar\u00e1 al nuevo defensor o defensora.<\/p>\n","protected":false},"excerpt":{"rendered":"<p>Este viernes 1 de agosto, en el recinto de la C\u00e1mara de Diputados de la Naci\u00f3n, se realiz\u00f3 la instancia de examen escrito del Concurso P\u00fablico de Oposici\u00f3n y Antecedentes 2025 para la designaci\u00f3n del nuevo Defensor o Defensora de los Derechos de las Ni\u00f1as, Ni\u00f1os y Adolescentes. La jornada estuvo encabezada por la diputada [&hellip;]<\/p>\n","protected":false},"author":49,"featured_media":431038,"comment_status":"open","ping_status":"open","sticky":false,"template":"","format":"standard","meta":{"_stopmodifiedupdate":false,"_modified_date":"","inline_featured_image":false,"spay_email":"","jetpack_publicize_message":""},"categories":[2,5],"tags":[],"jetpack_featured_media_url":"https:\/\/notinor.com\/jujuy\/wp-content\/uploads\/2025\/08\/natalia-sarapura.jpg","jetpack_publicize_connections":[],"_links":{"self":[{"href":"https:\/\/notinor.com\/jujuy\/wp-json\/wp\/v2\/posts\/431037"}],"collection":[{"href":"https:\/\/notinor.com\/jujuy\/wp-json\/wp\/v2\/posts"}],"about":[{"href":"https:\/\/notinor.com\/jujuy\/wp-json\/wp\/v2\/types\/post"}],"author":[{"embeddable":true,"href":"https:\/\/notinor.com\/jujuy\/wp-json\/wp\/v2\/users\/49"}],"replies":[{"embeddable":true,"href":"https:\/\/notinor.com\/jujuy\/wp-json\/wp\/v2\/comments?post=431037"}],"version-history":[{"count":1,"href":"https:\/\/notinor.com\/jujuy\/wp-json\/wp\/v2\/posts\/431037\/revisions"}],"predecessor-version":[{"id":431039,"href":"https:\/\/notinor.com\/jujuy\/wp-json\/wp\/v2\/posts\/431037\/revisions\/431039"}],"wp:featuredmedia":[{"embeddable":true,"href":"https:\/\/notinor.com\/jujuy\/wp-json\/wp\/v2\/media\/431038"}],"wp:attachment":[{"href":"https:\/\/notinor.com\/jujuy\/wp-json\/wp\/v2\/media?parent=431037"}],"wp:term":[{"taxonomy":"category","embeddable":true,"href":"https:\/\/notinor.com\/jujuy\/wp-json\/wp\/v2\/categories?post=431037"},{"taxonomy":"post_tag","embeddable":true,"href":"https:\/\/notinor.com\/jujuy\/wp-json\/wp\/v2\/tags?post=431037"}],"curies":[{"name":"wp","href":"https:\/\/api.w.org\/{rel}","templated":true}]}}