{"id":431032,"date":"2025-08-04T11:47:50","date_gmt":"2025-08-04T14:47:50","guid":{"rendered":"https:\/\/notinor.com\/jujuy\/?p=431032"},"modified":"2025-08-04T18:38:36","modified_gmt":"2025-08-04T21:38:36","slug":"el-gobierno-veto-oficialmente-las-leyes-de-aumento-a-jubilados-y-emergencia-en-discapacidad","status":"publish","type":"post","link":"https:\/\/notinor.com\/jujuy\/el-gobierno-veto-oficialmente-las-leyes-de-aumento-a-jubilados-y-emergencia-en-discapacidad\/","title":{"rendered":"El Gobierno formaliz\u00f3 este lunes el vet\u00f3 oficial a tres leyes aprobadas por el Congreso a trav\u00e9s del Decreto 534\/2025"},"content":{"rendered":"\n<p class=\"has-medium-font-size\"><strong><em>Javier Milei firm\u00f3 el sabado los decretos y este lunes se publicaron en el Bolet\u00edn Oficial. En el oficialismo aseguran contar con los votos para defender la decisi\u00f3n en la C\u00e1mara de Diputados.<\/em><\/strong><\/p>\n\n\n\n<p class=\"has-text-align-center\"><img decoding=\"async\" loading=\"lazy\" height=\"1080\" width=\"1920\" src=\"https:\/\/www.infobae.com\/resizer\/v2\/ZB36HHX23NFGNAJNJHMFXVNXRE.jpeg?auth=51c547fa7c6d5a51b942960ff4960d273dfb0071509d7ca40561feaf12333800&amp;smart=true&amp;width=350&amp;height=197&amp;quality=85\" alt=\"El Gobierno oficializ\u00f3 el veto\">El Gobierno oficializ\u00f3 el veto de las leyes de aumento a jubilados y emergencia en discapacidad<\/p>\n\n\n\n<p>El presidente Javier Milei vet\u00f3 de forma total tres leyes (27.791, 27.792 y 27.793), sancionadas por el Congreso el 10 de julio, que establec\u00edan aumentos en las&nbsp;<strong>jubilaciones&nbsp;<\/strong>y una suba en los&nbsp;<strong>bonos otorgados<\/strong>, la reincorporaci\u00f3n de la moratoria previsional por dos a\u00f1os y la declaraci\u00f3n de&nbsp;<strong>emergencia en discapacidad<\/strong>. Los decretos fueron publicados esta madrugada en el Bolet\u00edn Oficial, al cumplirse el l\u00edmite del plazo constitucional de diez d\u00edas h\u00e1biles.<\/p>\n\n\n\n<p>De esta manera, tras d\u00edas de demora, el Ejecutivo rechaz\u00f3 las tres legislaciones, mediante el Decreto<strong>&nbsp;534\/2025<\/strong>, argumentando que las iniciativas carecen de fuentes de financiamiento suficientes y presentaron graves irregularidades en su tratamiento legislativo. El veto fue firmado por el Presidente y refrendado por los ministros&nbsp;<strong>Guillermo Francos<\/strong>,&nbsp;<strong>Federico Sturzenegger<\/strong>,&nbsp;<strong>Sandra Pettovello<\/strong>,&nbsp;<strong>Mario Iv\u00e1n Lugones<\/strong>,&nbsp;<strong>Patricia Bullrich<\/strong>,&nbsp;<strong>Mariano C\u00faneo Libarona<\/strong>,&nbsp;<strong>Luis Caputo<\/strong>,&nbsp;<strong>Luis Petri<\/strong>&nbsp;y&nbsp;<strong>Gerardo Werthein<\/strong>.<\/p>\n\n\n\n<p>Con respecto a las jubilaciones, la ley aprobada en ambas c\u00e1maras fijaba un&nbsp;<strong>aumento real para todos los haberes y pensiones del 7,2%&nbsp;<\/strong>\u2014excepto los reg\u00edmenes especiales\u2014 y un incremento para el&nbsp;<strong>bono<\/strong>, que pasar\u00eda de&nbsp;<strong>$70 mil a $110 mil&nbsp;<\/strong>y se actualizar\u00eda por inflaci\u00f3n. Adem\u00e1s, planteaba la restituci\u00f3n por dos a\u00f1os de la&nbsp;<strong>moratoria<\/strong>,que permite que las personas que no cuenten con los 30 a\u00f1os de aportes puedan comprar los saldos faltantes para acceder al haber m\u00ednimo.<\/p>\n\n\n\n<p>Seg\u00fan sus c\u00e1lculos, esas medidas<strong>&nbsp;representan una suba del gasto del 1,68% del PBI&nbsp;<\/strong>y fueron aprobadas en un contexto de \u201ccreciente presi\u00f3n electoral\u201d e intensificaci\u00f3n de campa\u00f1as pol\u00edticas, tanto a nivel nacional como provincial, de cara a las elecciones legislativas de octubre.<\/p>\n\n\n\n<p>El proyecto 27.793 declaraba la&nbsp;<strong>emergencia nacional en discapacidad hasta 2026<\/strong>, creaba una nueva pensi\u00f3n no contributiva compatible con el trabajo formal y establec\u00eda actualizaciones autom\u00e1ticas de aranceles y compensaciones para prestadores. El Ejecutivo estim\u00f3 que esto implicar\u00eda un gasto de m\u00e1s de 2 billones de pesos en 2025 y 4,7 billones en 2026, sin contemplar el impacto en el programa de atenci\u00f3n m\u00e9dica \u201cIncluir Salud\u201d.<\/p>\n\n\n\n<p><strong>\u201cVamos a vetar. Aun si se dieran las circunstancias, que no creo, que el veto se caiga, lo vamos a judicializar.&nbsp;<\/strong>Aun si se diera el peor de los casos que de repente la Justicia tuviera un acto de celeridad, y lo decidiera tratar en poco tiempo, aun as\u00ed, el da\u00f1o que podr\u00edan causar podr\u00eda ser m\u00ednimo. Ser\u00eda una mancha en dos meses, la cual el 11 de diciembre se la vamos a revertir en caso de que tuviera \u00e9xito. La pol\u00edtica del super\u00e1vit fiscal es permanente\u201d, hab\u00eda anunciado Milei ante la Bolsa de Comercio semanas atr\u00e1s, despu\u00e9s de la contundente votaci\u00f3n a favor del incremento en el Senado.<\/p>\n\n\n\n<p>La decisi\u00f3n de&nbsp;<strong>Javier Milei&nbsp;<\/strong>no se limita a un simple acto de gobierno, sino que se inscribe en un contexto de intensas conversaciones entre el Ejecutivo y los gobernadores para sostener el veto con el apoyo de una parte de Diputados, de modo que necesita evitar que haya&nbsp;<strong>dos tercios de legisladores presentes que voten a favor de rechazarlo&nbsp;<\/strong>en una de las dos c\u00e1maras.<\/p>\n\n\n\n<p>En el oficialismo, el clima es de&nbsp;<strong>\u201calt\u00edsimo entusiasmo\u201d<\/strong>&nbsp;ante la perspectiva de&nbsp;<strong>que la oposici\u00f3n no logre los votos necesarios para revertir los vetos<\/strong>. El bloque de La Libertad Avanza contar\u00eda con aliados suficientes para alcanzar el tercio de los presentes requerido para ratificar la decisi\u00f3n presidencial.<\/p>\n\n\n\n<p>El n\u00famero de diputados que votar\u00eda en contra de la insistencia sobre los proyectos a\u00fan no est\u00e1 definido, ya que depende de la asistencia y las abstenciones en la sesi\u00f3n. No obstante,&nbsp;<strong>el oficialismo estima superar los 80 votos negativos<\/strong>, cifra similar a la obtenida en sesiones previas sobre vetos presidenciales, como las de septiembre y octubre del a\u00f1o pasado, cuando se registraron 87 y 84 votos negativos, respectivamente.<\/p>\n\n\n\n<p class=\"has-text-align-center\"><img decoding=\"async\" loading=\"lazy\" height=\"1080\" width=\"1920\" src=\"https:\/\/www.infobae.com\/resizer\/v2\/O7HFTBX4TJBSNLQCAGWLRA3SLA.jpg?auth=5f2bda3015aa232bcf2a9cc5c12fc8a52758a39ce3aa06ebd7a92f1657375048&amp;smart=true&amp;width=350&amp;height=197&amp;quality=85\" alt=\"En el oficialismo creen que\">En el oficialismo creen que tienen los votos para defender la decisi\u00f3n en la C\u00e1mara de Diputados<\/p>\n\n\n\n<p>La&nbsp;<strong>sesi\u00f3n prevista para el mi\u00e9rcoles<\/strong>&nbsp;incluir\u00e1 una amplia agenda, entre la que figuran el financiamiento universitario, la emergencia del&nbsp;<strong>Hospital Garrahan<\/strong>&nbsp;y del&nbsp;<strong>Sistema Nacional de Ciencia<\/strong>, y el tratamiento de decretos desreguladores que afectan organismos como el&nbsp;<strong>INTI<\/strong>,&nbsp;<strong>INTA<\/strong>, el&nbsp;<strong>Banco Nacional de Datos Gen\u00e9ticos<\/strong>, la&nbsp;<strong>Marina Mercante<\/strong>&nbsp;y&nbsp;<strong>Vialidad<\/strong>. Tambi\u00e9n se debatir\u00e1n proyectos de los gobernadores para eliminar fondos fiduciarios, coparticipar el impuesto a los combustibles y modificar el esquema de los Aportes del Tesoro Nacional (ATN).<\/p>\n\n\n\n<p>Seg\u00fan inform\u00f3 este medio d\u00edas atr\u00e1s, la Casa Rosada analiza presentarles a las provincias una oferta para repartir una parte de los ATN, todav\u00eda sin definir el monto, y as\u00ed atenuar el conflicto.<\/p>\n\n\n\n<p>Los mandatarios provinciales reclaman los fondos del Tesoro y una modificaci\u00f3n en la distribuci\u00f3n de los recursos que el pa\u00eds obtiene a trav\u00e9s del impuesto a los combustibles l\u00edquidos.<\/p>\n","protected":false},"excerpt":{"rendered":"<p>Javier Milei firm\u00f3 el sabado los decretos y este lunes se publicaron en el Bolet\u00edn Oficial. En el oficialismo aseguran contar con los votos para defender la decisi\u00f3n en la C\u00e1mara de Diputados. El Gobierno oficializ\u00f3 el veto de las leyes de aumento a jubilados y emergencia en discapacidad El presidente Javier Milei vet\u00f3 de [&hellip;]<\/p>\n","protected":false},"author":5,"featured_media":431033,"comment_status":"open","ping_status":"open","sticky":false,"template":"","format":"standard","meta":{"_stopmodifiedupdate":false,"_modified_date":"","inline_featured_image":false,"spay_email":"","jetpack_publicize_message":""},"categories":[2,501],"tags":[],"jetpack_featured_media_url":"https:\/\/notinor.com\/jujuy\/wp-content\/uploads\/2025\/08\/MILEI-e1756162895931.jpg","jetpack_publicize_connections":[],"_links":{"self":[{"href":"https:\/\/notinor.com\/jujuy\/wp-json\/wp\/v2\/posts\/431032"}],"collection":[{"href":"https:\/\/notinor.com\/jujuy\/wp-json\/wp\/v2\/posts"}],"about":[{"href":"https:\/\/notinor.com\/jujuy\/wp-json\/wp\/v2\/types\/post"}],"author":[{"embeddable":true,"href":"https:\/\/notinor.com\/jujuy\/wp-json\/wp\/v2\/users\/5"}],"replies":[{"embeddable":true,"href":"https:\/\/notinor.com\/jujuy\/wp-json\/wp\/v2\/comments?post=431032"}],"version-history":[{"count":2,"href":"https:\/\/notinor.com\/jujuy\/wp-json\/wp\/v2\/posts\/431032\/revisions"}],"predecessor-version":[{"id":431036,"href":"https:\/\/notinor.com\/jujuy\/wp-json\/wp\/v2\/posts\/431032\/revisions\/431036"}],"wp:featuredmedia":[{"embeddable":true,"href":"https:\/\/notinor.com\/jujuy\/wp-json\/wp\/v2\/media\/431033"}],"wp:attachment":[{"href":"https:\/\/notinor.com\/jujuy\/wp-json\/wp\/v2\/media?parent=431032"}],"wp:term":[{"taxonomy":"category","embeddable":true,"href":"https:\/\/notinor.com\/jujuy\/wp-json\/wp\/v2\/categories?post=431032"},{"taxonomy":"post_tag","embeddable":true,"href":"https:\/\/notinor.com\/jujuy\/wp-json\/wp\/v2\/tags?post=431032"}],"curies":[{"name":"wp","href":"https:\/\/api.w.org\/{rel}","templated":true}]}}