{"id":431027,"date":"2025-08-03T22:21:00","date_gmt":"2025-08-04T01:21:00","guid":{"rendered":"https:\/\/notinor.com\/jujuy\/?p=431027"},"modified":"2025-08-03T10:21:07","modified_gmt":"2025-08-03T10:21:07","slug":"continuan-abiertas-las-inscripciones-para-los-pre-hornitos-2025","status":"publish","type":"post","link":"https:\/\/notinor.com\/jujuy\/continuan-abiertas-las-inscripciones-para-los-pre-hornitos-2025\/","title":{"rendered":"Contin\u00faan abiertas las inscripciones para los Pre Hornitos 2025"},"content":{"rendered":"\n<p class=\"has-medium-font-size\"><strong><em>La Municipalidad de San Salvador de Jujuy, a trav\u00e9s de la Secretar\u00eda de Cultura y Turismo y el Concejo Deliberante, recuerda que se encuentran abiertas las inscripciones para participar del Certamen Folkl\u00f3rico Pre Hornitos 2025, una iniciativa que busca promover la diversidad cultural y brindar oportunidades a m\u00fasicos y bailarines emergentes de la provincia.<\/em><\/strong><\/p>\n\n\n\n<figure class=\"wp-block-image\"><img decoding=\"async\" src=\"https:\/\/www.sansalvadordejujuy.gob.ar\/wp-content\/uploads\/2025\/07\/prehornitos-819x1024.jpeg\" alt=\"\" class=\"wp-image-90905\"\/><\/figure>\n\n\n\n<p>El evento se realizar\u00e1 el pr\u00f3ximo s\u00e1bado 10 de agosto, en la Casa de la Historia y la Cultura Jorge Cafrune, ubicada en el barrio Alto Comedero. Los participantes deber\u00e1n presentarse previamente para registrar su presencia. El orden de los rubros y de las presentaciones se definir\u00e1 por sorteo.<\/p>\n\n\n\n<p>Podr\u00e1n participar m\u00fasicos solistas o grupos que interpreten m\u00fasica folkl\u00f3rica juje\u00f1a, argentina o latinoamericana, as\u00ed como conjuntos de baile folkl\u00f3rico, tanto en modalidad tradicional como estilizada, con puestas que reflejen el repertorio y lenguaje corporal regional. En todos los casos, los aspirantes deber\u00e1n ser oriundos o residentes en la provincia de Jujuy.<\/p>\n\n\n\n<p>La inscripci\u00f3n estar\u00e1 habilitada hasta el 6 de agosto de 2025. Para participar, es requisito leer el reglamento del certamen y completar el formulario disponible en el siguiente enlace:&nbsp;<a class=\"\" href=\"https:\/\/docs.google.com\/forms\/d\/e\/1FAIpQLSe17icReIi79BPVGWfchyZkmvsQ4VdOxy8d-R0dpKHj_F4fvQ\/viewform\">Formulario de inscripci\u00f3n<\/a><\/p>\n\n\n\n<p>Los ganadores de cada categor\u00eda ser\u00e1n premiados con la contrataci\u00f3n para actuar en la Feria de Comida Regional \u201cLos Hornitos\u201d \u2013 Edici\u00f3n 2025, uno de los festivales m\u00e1s representativos de la provincia.<\/p>\n","protected":false},"excerpt":{"rendered":"<p>La Municipalidad de San Salvador de Jujuy, a trav\u00e9s de la Secretar\u00eda de Cultura y Turismo y el Concejo Deliberante, recuerda que se encuentran abiertas las inscripciones para participar del Certamen Folkl\u00f3rico Pre Hornitos 2025, una iniciativa que busca promover la diversidad cultural y brindar oportunidades a m\u00fasicos y bailarines emergentes de la provincia. El [&hellip;]<\/p>\n","protected":false},"author":5,"featured_media":131812,"comment_status":"open","ping_status":"open","sticky":false,"template":"","format":"standard","meta":{"_stopmodifiedupdate":false,"_modified_date":"","inline_featured_image":false,"spay_email":"","jetpack_publicize_message":""},"categories":[21],"tags":[],"jetpack_featured_media_url":"https:\/\/notinor.com\/jujuy\/wp-content\/uploads\/2017\/08\/Hornitos-2017.jpg","jetpack_publicize_connections":[],"_links":{"self":[{"href":"https:\/\/notinor.com\/jujuy\/wp-json\/wp\/v2\/posts\/431027"}],"collection":[{"href":"https:\/\/notinor.com\/jujuy\/wp-json\/wp\/v2\/posts"}],"about":[{"href":"https:\/\/notinor.com\/jujuy\/wp-json\/wp\/v2\/types\/post"}],"author":[{"embeddable":true,"href":"https:\/\/notinor.com\/jujuy\/wp-json\/wp\/v2\/users\/5"}],"replies":[{"embeddable":true,"href":"https:\/\/notinor.com\/jujuy\/wp-json\/wp\/v2\/comments?post=431027"}],"version-history":[{"count":1,"href":"https:\/\/notinor.com\/jujuy\/wp-json\/wp\/v2\/posts\/431027\/revisions"}],"predecessor-version":[{"id":431028,"href":"https:\/\/notinor.com\/jujuy\/wp-json\/wp\/v2\/posts\/431027\/revisions\/431028"}],"wp:featuredmedia":[{"embeddable":true,"href":"https:\/\/notinor.com\/jujuy\/wp-json\/wp\/v2\/media\/131812"}],"wp:attachment":[{"href":"https:\/\/notinor.com\/jujuy\/wp-json\/wp\/v2\/media?parent=431027"}],"wp:term":[{"taxonomy":"category","embeddable":true,"href":"https:\/\/notinor.com\/jujuy\/wp-json\/wp\/v2\/categories?post=431027"},{"taxonomy":"post_tag","embeddable":true,"href":"https:\/\/notinor.com\/jujuy\/wp-json\/wp\/v2\/tags?post=431027"}],"curies":[{"name":"wp","href":"https:\/\/api.w.org\/{rel}","templated":true}]}}