{"id":431018,"date":"2025-08-04T09:51:02","date_gmt":"2025-08-04T12:51:02","guid":{"rendered":"https:\/\/notinor.com\/jujuy\/?p=431018"},"modified":"2025-08-04T09:58:13","modified_gmt":"2025-08-04T12:58:13","slug":"este-martes-ejesa-realizara-tareas-de-mejora-y-mantenimiento-de-redes-electricas-en-barrios-de-monterrico","status":"publish","type":"post","link":"https:\/\/notinor.com\/jujuy\/este-martes-ejesa-realizara-tareas-de-mejora-y-mantenimiento-de-redes-electricas-en-barrios-de-monterrico\/","title":{"rendered":"Este martes EJESA realizar\u00e1 tareas de mejora y mantenimiento de redes el\u00e9ctricas en barrios de Monterrico"},"content":{"rendered":"\n<p class=\"has-medium-font-size\"><strong>&nbsp;<em>Informamos&nbsp;que, con el objeto de&nbsp;elevar la calidad de nuestro servicio,&nbsp;se realizar\u00e1n tareas de&nbsp;mantenimiento y renovaci\u00f3n&nbsp;en las instalaciones de nuestro sistema.<\/em><\/strong><\/p>\n\n\n<div class=\"wp-block-image\">\n<figure class=\"aligncenter size-large\"><img decoding=\"async\" loading=\"lazy\" width=\"637\" height=\"480\" src=\"https:\/\/notinor.com\/jujuy\/wp-content\/uploads\/2022\/11\/MONTERRICO-637x480.jpg\" alt=\"\" class=\"wp-image-362817\" srcset=\"https:\/\/notinor.com\/jujuy\/wp-content\/uploads\/2022\/11\/MONTERRICO-637x480.jpg 637w, https:\/\/notinor.com\/jujuy\/wp-content\/uploads\/2022\/11\/MONTERRICO-484x365.jpg 484w, https:\/\/notinor.com\/jujuy\/wp-content\/uploads\/2022\/11\/MONTERRICO.jpg 650w\" sizes=\"(max-width: 637px) 100vw, 637px\" \/><\/figure><\/div>\n\n\n<p>Con este fin, ser\u00e1 necesario efectuar una&nbsp;interrupci\u00f3n programada en las siguientes zonas y horarios:<\/p>\n\n\n\n<p>\ud83d\udcccMONTERRICO<\/p>\n\n\n\n<p>\ud83d\uddd3\ufe0f MARTES 05\/08\/2025&nbsp;&nbsp;&nbsp;&nbsp;&nbsp;&nbsp;&nbsp;&nbsp;&nbsp;&nbsp;&nbsp;&nbsp;&nbsp;&nbsp;&nbsp;&nbsp;&nbsp;&nbsp;&nbsp;&nbsp;&nbsp;&nbsp;&nbsp;&nbsp;&nbsp;&nbsp;&nbsp;&nbsp;&nbsp;&nbsp;&nbsp;&nbsp;&nbsp;&nbsp;&nbsp;&nbsp;&nbsp;&nbsp;&nbsp;&nbsp;&nbsp;&nbsp;&nbsp;&nbsp;&nbsp;&nbsp;&nbsp;&nbsp;&nbsp;&nbsp;&nbsp;&nbsp;&nbsp;&nbsp;&nbsp;&nbsp;&nbsp;&nbsp;&nbsp;&nbsp;&nbsp;&nbsp;<\/p>\n\n\n\n<p>\ud83d\udd52&nbsp;De 08:00 a 14:00 Hs aprox.<\/p>\n\n\n\n<p>Zonas: B\u00b0 San Santiago, B\u00b0 25 de Mayo, Cruce El Tio y zonas aleda\u00f1as.<\/p>\n\n\n\n<p>Agradecemos tomar las precauciones necesarias durante la duraci\u00f3n de dicha interrupci\u00f3n a fin de evitar mayores inconvenientes.<\/p>\n\n\n\n<p>Por consultas y\/o requerimientos te recordamos nuestros canales oficiales de contacto disponibles las 24hs. A trav\u00e9s de este link:&nbsp;<a href=\"https:\/\/linktr.ee\/ejesa\" target=\"_blank\" rel=\"noreferrer noopener\">https:\/\/linktr.ee\/ejesa<\/a><\/p>\n","protected":false},"excerpt":{"rendered":"<p>&nbsp;Informamos&nbsp;que, con el objeto de&nbsp;elevar la calidad de nuestro servicio,&nbsp;se realizar\u00e1n tareas de&nbsp;mantenimiento y renovaci\u00f3n&nbsp;en las instalaciones de nuestro sistema. Con este fin, ser\u00e1 necesario efectuar una&nbsp;interrupci\u00f3n programada en las siguientes zonas y horarios: \ud83d\udcccMONTERRICO \ud83d\uddd3\ufe0f MARTES 05\/08\/2025&nbsp;&nbsp;&nbsp;&nbsp;&nbsp;&nbsp;&nbsp;&nbsp;&nbsp;&nbsp;&nbsp;&nbsp;&nbsp;&nbsp;&nbsp;&nbsp;&nbsp;&nbsp;&nbsp;&nbsp;&nbsp;&nbsp;&nbsp;&nbsp;&nbsp;&nbsp;&nbsp;&nbsp;&nbsp;&nbsp;&nbsp;&nbsp;&nbsp;&nbsp;&nbsp;&nbsp;&nbsp;&nbsp;&nbsp;&nbsp;&nbsp;&nbsp;&nbsp;&nbsp;&nbsp;&nbsp;&nbsp;&nbsp;&nbsp;&nbsp;&nbsp;&nbsp;&nbsp;&nbsp;&nbsp;&nbsp;&nbsp;&nbsp;&nbsp;&nbsp;&nbsp;&nbsp; \ud83d\udd52&nbsp;De 08:00 a 14:00 Hs aprox. Zonas: B\u00b0 San Santiago, B\u00b0 25 de Mayo, Cruce El Tio [&hellip;]<\/p>\n","protected":false},"author":5,"featured_media":362817,"comment_status":"open","ping_status":"open","sticky":false,"template":"","format":"standard","meta":{"_stopmodifiedupdate":false,"_modified_date":"","inline_featured_image":false,"spay_email":"","jetpack_publicize_message":""},"categories":[4],"tags":[],"jetpack_featured_media_url":"https:\/\/notinor.com\/jujuy\/wp-content\/uploads\/2022\/11\/MONTERRICO.jpg","jetpack_publicize_connections":[],"_links":{"self":[{"href":"https:\/\/notinor.com\/jujuy\/wp-json\/wp\/v2\/posts\/431018"}],"collection":[{"href":"https:\/\/notinor.com\/jujuy\/wp-json\/wp\/v2\/posts"}],"about":[{"href":"https:\/\/notinor.com\/jujuy\/wp-json\/wp\/v2\/types\/post"}],"author":[{"embeddable":true,"href":"https:\/\/notinor.com\/jujuy\/wp-json\/wp\/v2\/users\/5"}],"replies":[{"embeddable":true,"href":"https:\/\/notinor.com\/jujuy\/wp-json\/wp\/v2\/comments?post=431018"}],"version-history":[{"count":2,"href":"https:\/\/notinor.com\/jujuy\/wp-json\/wp\/v2\/posts\/431018\/revisions"}],"predecessor-version":[{"id":431020,"href":"https:\/\/notinor.com\/jujuy\/wp-json\/wp\/v2\/posts\/431018\/revisions\/431020"}],"wp:featuredmedia":[{"embeddable":true,"href":"https:\/\/notinor.com\/jujuy\/wp-json\/wp\/v2\/media\/362817"}],"wp:attachment":[{"href":"https:\/\/notinor.com\/jujuy\/wp-json\/wp\/v2\/media?parent=431018"}],"wp:term":[{"taxonomy":"category","embeddable":true,"href":"https:\/\/notinor.com\/jujuy\/wp-json\/wp\/v2\/categories?post=431018"},{"taxonomy":"post_tag","embeddable":true,"href":"https:\/\/notinor.com\/jujuy\/wp-json\/wp\/v2\/tags?post=431018"}],"curies":[{"name":"wp","href":"https:\/\/api.w.org\/{rel}","templated":true}]}}