{"id":431015,"date":"2025-08-03T21:29:00","date_gmt":"2025-08-04T00:29:00","guid":{"rendered":"https:\/\/notinor.com\/jujuy\/?p=431015"},"modified":"2025-08-03T09:29:35","modified_gmt":"2025-08-03T09:29:35","slug":"conversatorio-sobre-el-derecho-a-informar-y-libertad-de-expresion","status":"publish","type":"post","link":"https:\/\/notinor.com\/jujuy\/conversatorio-sobre-el-derecho-a-informar-y-libertad-de-expresion\/","title":{"rendered":"Conversatorio sobre el derecho a informar y libertad de expresi\u00f3n\u00a0"},"content":{"rendered":"\n<p><strong><em>Este lunes 4 de agosto, a partir de las 17 horas, en el sal\u00f3n Marcos Paz de la Legislatura se llevar\u00e1 a cabo el conversatorio titulado \"\u00bfQui\u00e9n garantiza el derecho a informar? Periodismo, algoritmos y pauta\". La actividad est\u00e1 dirigida a trabajadores de la comunicaci\u00f3n, estudiantes de carreras afines y a toda persona interesada en la tem\u00e1tica.<\/em><\/strong><\/p>\n\n\n<div class=\"wp-block-image\">\n<figure class=\"aligncenter size-large\"><img decoding=\"async\" loading=\"lazy\" width=\"474\" height=\"480\" src=\"https:\/\/notinor.com\/jujuy\/wp-content\/uploads\/2025\/08\/LEGISLATURA-PERIODISMO-474x480.jpg\" alt=\"\" class=\"wp-image-431016\" srcset=\"https:\/\/notinor.com\/jujuy\/wp-content\/uploads\/2025\/08\/LEGISLATURA-PERIODISMO-474x480.jpg 474w, https:\/\/notinor.com\/jujuy\/wp-content\/uploads\/2025\/08\/LEGISLATURA-PERIODISMO-361x365.jpg 361w, https:\/\/notinor.com\/jujuy\/wp-content\/uploads\/2025\/08\/LEGISLATURA-PERIODISMO-75x75.jpg 75w, https:\/\/notinor.com\/jujuy\/wp-content\/uploads\/2025\/08\/LEGISLATURA-PERIODISMO.jpg 495w\" sizes=\"(max-width: 474px) 100vw, 474px\" \/><\/figure><\/div>\n\n\n<p>El mismo es organizado por FURP Jujuy (Fundaci\u00f3n Universitaria del R\u00edo de la Plata), el Senado de la Naci\u00f3n, Jujuy 4.0 y la Legislatura, el encuentro tiene como prop\u00f3sito<strong> reflexionar sobre la compleja relaci\u00f3n entre medios de comunicaci\u00f3n, redes sociales y sociedad civil<\/strong>, en especial su influencia en los procesos democr\u00e1ticos y electorales actuales.<\/p>\n\n\n\n<p>Durante la jornada, se abordar\u00e1n temas clave como la desinformaci\u00f3n, la proliferaci\u00f3n de fake news, el rol de las plataformas digitales y los desaf\u00edos que enfrentan los medios tradicionales. Tambi\u00e9n se debatir\u00e1 sobre la construcci\u00f3n de la agenda p\u00fablica, la pauta oficial y el surgimiento de nuevas voces que, si bien ampl\u00edan la participaci\u00f3n ciudadana, tambi\u00e9n pueden habilitar discursos de odio y contenidos falsos.<\/p>\n\n\n\n<p><strong>El programa incluye:<\/strong><\/p>\n\n\n\n<p>17:00 hs. \u2013 Apertura oficial, con la participaci\u00f3n de autoridades institucionales y la presentaci\u00f3n de la Comisi\u00f3n de Sistemas, Medios de Comunicaci\u00f3n y Libertad de Expresi\u00f3n del Senado de la Naci\u00f3n.<\/p>\n\n\n\n<p>17:45 hs. \u2013 Panel 1: \u00bfEl periodismo ante un clima hostil? Agenda p\u00fablica y construcci\u00f3n de credibilidad en los medios tradicionales. Expondr\u00e1n referentes de medios locales.<\/p>\n\n\n\n<p>18:30 hs. \u2013 Conversatorio: Libertad de empresa: El impacto de la pauta en las l\u00edneas editoriales.<\/p>\n\n\n\n<p>19:15 hs. \u2013 Panel 2: Era Digital: \u00bfDesinformaci\u00f3n, fake news, discursos violentos o mayor participaci\u00f3n y diversidad de voces?, a cargo de integrantes de canales de streaming juje\u00f1os.<\/p>\n\n\n\n<p>La actividad es gratuita y abierta a todo p\u00fablico. Se invita especialmente a quienes est\u00e9n interesados en los desaf\u00edos actuales de la comunicaci\u00f3n, la libertad de expresi\u00f3n y el ejercicio del periodismo.<\/p>\n","protected":false},"excerpt":{"rendered":"<p>Este lunes 4 de agosto, a partir de las 17 horas, en el sal\u00f3n Marcos Paz de la Legislatura se llevar\u00e1 a cabo el conversatorio titulado \"\u00bfQui\u00e9n garantiza el derecho a informar? Periodismo, algoritmos y pauta\". La actividad est\u00e1 dirigida a trabajadores de la comunicaci\u00f3n, estudiantes de carreras afines y a toda persona interesada en [&hellip;]<\/p>\n","protected":false},"author":5,"featured_media":423517,"comment_status":"open","ping_status":"open","sticky":false,"template":"","format":"standard","meta":{"_stopmodifiedupdate":false,"_modified_date":"","inline_featured_image":false,"spay_email":"","jetpack_publicize_message":""},"categories":[514],"tags":[],"jetpack_featured_media_url":"https:\/\/notinor.com\/jujuy\/wp-content\/uploads\/2025\/02\/LEGISLATURA.jpeg","jetpack_publicize_connections":[],"_links":{"self":[{"href":"https:\/\/notinor.com\/jujuy\/wp-json\/wp\/v2\/posts\/431015"}],"collection":[{"href":"https:\/\/notinor.com\/jujuy\/wp-json\/wp\/v2\/posts"}],"about":[{"href":"https:\/\/notinor.com\/jujuy\/wp-json\/wp\/v2\/types\/post"}],"author":[{"embeddable":true,"href":"https:\/\/notinor.com\/jujuy\/wp-json\/wp\/v2\/users\/5"}],"replies":[{"embeddable":true,"href":"https:\/\/notinor.com\/jujuy\/wp-json\/wp\/v2\/comments?post=431015"}],"version-history":[{"count":1,"href":"https:\/\/notinor.com\/jujuy\/wp-json\/wp\/v2\/posts\/431015\/revisions"}],"predecessor-version":[{"id":431017,"href":"https:\/\/notinor.com\/jujuy\/wp-json\/wp\/v2\/posts\/431015\/revisions\/431017"}],"wp:featuredmedia":[{"embeddable":true,"href":"https:\/\/notinor.com\/jujuy\/wp-json\/wp\/v2\/media\/423517"}],"wp:attachment":[{"href":"https:\/\/notinor.com\/jujuy\/wp-json\/wp\/v2\/media?parent=431015"}],"wp:term":[{"taxonomy":"category","embeddable":true,"href":"https:\/\/notinor.com\/jujuy\/wp-json\/wp\/v2\/categories?post=431015"},{"taxonomy":"post_tag","embeddable":true,"href":"https:\/\/notinor.com\/jujuy\/wp-json\/wp\/v2\/tags?post=431015"}],"curies":[{"name":"wp","href":"https:\/\/api.w.org\/{rel}","templated":true}]}}