{"id":431007,"date":"2025-08-04T09:24:57","date_gmt":"2025-08-04T12:24:57","guid":{"rendered":"https:\/\/notinor.com\/jujuy\/?p=431007"},"modified":"2025-08-03T08:58:03","modified_gmt":"2025-08-03T08:58:03","slug":"declararon-de-interes-municipal-el-180-aniversario-de-la-policia-de-jujuy","status":"publish","type":"post","link":"https:\/\/notinor.com\/jujuy\/declararon-de-interes-municipal-el-180-aniversario-de-la-policia-de-jujuy\/","title":{"rendered":"Declararon de Inter\u00e9s Municipal el 180\u00b0 Aniversario de la Polic\u00eda de Jujuy"},"content":{"rendered":"\n<p class=\"has-medium-font-size\"><strong><em>Concejales capitalinos participaron del acto central y desfile que se realiz\u00f3 en Ciudad Cultural el pasado viernes, en conmemoraci\u00f3n del 180\u00b0 Aniversario de la Polic\u00eda de Jujuy, que fue declarado de Inter\u00e9s Municipal por el cuerpo parlamentario<\/em><\/strong>. \u00a0<\/p>\n\n\n<div class=\"wp-block-image\">\n<figure class=\"aligncenter size-large\"><img decoding=\"async\" loading=\"lazy\" width=\"720\" height=\"480\" src=\"https:\/\/notinor.com\/jujuy\/wp-content\/uploads\/2025\/08\/Aniversario1-720x480.jpg\" alt=\"\" class=\"wp-image-431009\" srcset=\"https:\/\/notinor.com\/jujuy\/wp-content\/uploads\/2025\/08\/Aniversario1-720x480.jpg 720w, https:\/\/notinor.com\/jujuy\/wp-content\/uploads\/2025\/08\/Aniversario1-548x365.jpg 548w, https:\/\/notinor.com\/jujuy\/wp-content\/uploads\/2025\/08\/Aniversario1-768x512.jpg 768w, https:\/\/notinor.com\/jujuy\/wp-content\/uploads\/2025\/08\/Aniversario1-1536x1024.jpg 1536w, https:\/\/notinor.com\/jujuy\/wp-content\/uploads\/2025\/08\/Aniversario1-2048x1365.jpg 2048w, https:\/\/notinor.com\/jujuy\/wp-content\/uploads\/2025\/08\/Aniversario1-750x500.jpg 750w, https:\/\/notinor.com\/jujuy\/wp-content\/uploads\/2025\/08\/Aniversario1-1140x760.jpg 1140w\" sizes=\"(max-width: 720px) 100vw, 720px\" \/><\/figure><\/div>\n\n\n<p>En representaci\u00f3n del Concejo Deliberante estuvieron las concejalas <strong>Melisa Silva<\/strong> y <strong>Blanca Ontiveros.<\/strong> Adem\u00e1s, el acto cont\u00f3 con la presencia del gobernador <strong>Carlos Sadir, <\/strong>autoridades de la Polic\u00eda, funcionarios provinciales y municipales.<\/p>\n\n\n<div class=\"wp-block-image\">\n<figure class=\"aligncenter size-large\"><img decoding=\"async\" loading=\"lazy\" width=\"720\" height=\"480\" src=\"https:\/\/notinor.com\/jujuy\/wp-content\/uploads\/2025\/08\/Aniversario1-1-720x480.jpg\" alt=\"\" class=\"wp-image-431010\" srcset=\"https:\/\/notinor.com\/jujuy\/wp-content\/uploads\/2025\/08\/Aniversario1-1-720x480.jpg 720w, https:\/\/notinor.com\/jujuy\/wp-content\/uploads\/2025\/08\/Aniversario1-1-548x365.jpg 548w, https:\/\/notinor.com\/jujuy\/wp-content\/uploads\/2025\/08\/Aniversario1-1-768x512.jpg 768w, https:\/\/notinor.com\/jujuy\/wp-content\/uploads\/2025\/08\/Aniversario1-1-1536x1024.jpg 1536w, https:\/\/notinor.com\/jujuy\/wp-content\/uploads\/2025\/08\/Aniversario1-1-2048x1365.jpg 2048w, https:\/\/notinor.com\/jujuy\/wp-content\/uploads\/2025\/08\/Aniversario1-1-750x500.jpg 750w, https:\/\/notinor.com\/jujuy\/wp-content\/uploads\/2025\/08\/Aniversario1-1-1140x760.jpg 1140w\" sizes=\"(max-width: 720px) 100vw, 720px\" \/><\/figure><\/div>\n\n\n<p>Una vez finalizado el evento, la impulsora del dispositivo legal, la concejala Blanca Ontiveros, manifest\u00f3: \"Estamos participando del 180\u00b0 aniversario, donde hemos declarado de Inter\u00e9s Municipal este gran evento y ahora estamos acompa\u00f1ando este gran desfile, donde hay varias delegaciones de polic\u00edas\". Y continu\u00f3: \"Nosotros queremos reconocer a esta instituci\u00f3n por toda la labor que realizan y el servicio a la comunidad que brindan, protegi\u00e9ndonos y cuid\u00e1ndonos\".<\/p>\n\n\n<div class=\"wp-block-image\">\n<figure class=\"aligncenter size-large is-resized\"><img decoding=\"async\" loading=\"lazy\" src=\"https:\/\/notinor.com\/jujuy\/wp-content\/uploads\/2025\/08\/Aniversario1-2-720x480.jpg\" alt=\"\" class=\"wp-image-431011\" width=\"768\" height=\"512\" srcset=\"https:\/\/notinor.com\/jujuy\/wp-content\/uploads\/2025\/08\/Aniversario1-2-720x480.jpg 720w, https:\/\/notinor.com\/jujuy\/wp-content\/uploads\/2025\/08\/Aniversario1-2-548x365.jpg 548w, https:\/\/notinor.com\/jujuy\/wp-content\/uploads\/2025\/08\/Aniversario1-2-768x512.jpg 768w, https:\/\/notinor.com\/jujuy\/wp-content\/uploads\/2025\/08\/Aniversario1-2-1536x1024.jpg 1536w, https:\/\/notinor.com\/jujuy\/wp-content\/uploads\/2025\/08\/Aniversario1-2-2048x1365.jpg 2048w, https:\/\/notinor.com\/jujuy\/wp-content\/uploads\/2025\/08\/Aniversario1-2-750x500.jpg 750w, https:\/\/notinor.com\/jujuy\/wp-content\/uploads\/2025\/08\/Aniversario1-2-1140x760.jpg 1140w\" sizes=\"(max-width: 768px) 100vw, 768px\" \/><\/figure><\/div>\n\n\n<p>A su turno, la concejala Melisa Silva, resalt\u00f3: \"Estoy muy contenta de estar acompa\u00f1ando este nuevo aniversario de la Polic\u00eda de la provincia, reconocer la tarea tan importante que llevan a cabo ellos, en defensa de la vida, de la libertad y de la seguridad del ciudadano, adem\u00e1s que es un pilar fundamental para la sociedad organizada\",<\/p>\n\n\n<div class=\"wp-block-image\">\n<figure class=\"aligncenter size-large\"><img decoding=\"async\" loading=\"lazy\" width=\"720\" height=\"480\" src=\"https:\/\/notinor.com\/jujuy\/wp-content\/uploads\/2025\/08\/Aniversario1-3-720x480.jpg\" alt=\"\" class=\"wp-image-431012\" srcset=\"https:\/\/notinor.com\/jujuy\/wp-content\/uploads\/2025\/08\/Aniversario1-3-720x480.jpg 720w, https:\/\/notinor.com\/jujuy\/wp-content\/uploads\/2025\/08\/Aniversario1-3-548x365.jpg 548w, https:\/\/notinor.com\/jujuy\/wp-content\/uploads\/2025\/08\/Aniversario1-3.jpg 750w\" sizes=\"(max-width: 720px) 100vw, 720px\" \/><\/figure><\/div>\n\n\n<p>M\u00e1s adelante, Melisa Silva a\u00f1adi\u00f3: \"Me enorgullece como Concejo Deliberante poder reconocer su tarea y ahora acompa\u00f1ando en un d\u00eda tan especial para ellos, donde hay un mont\u00f3n de instituciones y organizaciones que est\u00e1n participando de este evento\".<\/p>\n\n\n<div class=\"wp-block-image\">\n<figure class=\"aligncenter size-large\"><img decoding=\"async\" loading=\"lazy\" width=\"720\" height=\"480\" src=\"https:\/\/notinor.com\/jujuy\/wp-content\/uploads\/2025\/08\/Aniversario1-4-720x480.jpg\" alt=\"\" class=\"wp-image-431013\" srcset=\"https:\/\/notinor.com\/jujuy\/wp-content\/uploads\/2025\/08\/Aniversario1-4-720x480.jpg 720w, https:\/\/notinor.com\/jujuy\/wp-content\/uploads\/2025\/08\/Aniversario1-4-548x365.jpg 548w, https:\/\/notinor.com\/jujuy\/wp-content\/uploads\/2025\/08\/Aniversario1-4-768x512.jpg 768w, https:\/\/notinor.com\/jujuy\/wp-content\/uploads\/2025\/08\/Aniversario1-4-1536x1024.jpg 1536w, https:\/\/notinor.com\/jujuy\/wp-content\/uploads\/2025\/08\/Aniversario1-4-2048x1365.jpg 2048w, https:\/\/notinor.com\/jujuy\/wp-content\/uploads\/2025\/08\/Aniversario1-4-750x500.jpg 750w, https:\/\/notinor.com\/jujuy\/wp-content\/uploads\/2025\/08\/Aniversario1-4-1140x760.jpg 1140w\" sizes=\"(max-width: 720px) 100vw, 720px\" \/><\/figure><\/div>\n\n\n<p>Por \u00faltimo, Silva remarc\u00f3: \"Es importante que el Concejo destaque estas fechas importantes, acompa\u00f1ando y tambi\u00e9n fortaleciendo a las instituciones, en este caso a la polic\u00eda, porque son pilares fundamentales de nuestra sociedad, por eso la importancia de destacar la tarea y labor que realizan\".<\/p>\n\n\n\n<p>Para finalizar, el Comisario General <strong>Milton S\u00e1nchez<\/strong>, expres\u00f3: \"Festejando un nuevo aniversario, aunque el tiempo nos jug\u00f3 una mala pasada, lo pudimos realizar gracias a Dios. Hoy era el acto central, y bueno se culmina con el desfile de la polic\u00eda. Es un d\u00eda importante porque el Gobernador firm\u00f3 el decreto de ascenso de 1900 efectivos policiales, si bien la parte administrativa es lo que se demora, pero vimos la preocupaci\u00f3n del Gobernador para que salgan r\u00e1pido los ascensos, por eso estamos contentos\".<\/p>\n","protected":false},"excerpt":{"rendered":"<p>Concejales capitalinos participaron del acto central y desfile que se realiz\u00f3 en Ciudad Cultural el pasado viernes, en conmemoraci\u00f3n del 180\u00b0 Aniversario de la Polic\u00eda de Jujuy, que fue declarado de Inter\u00e9s Municipal por el cuerpo parlamentario. \u00a0 En representaci\u00f3n del Concejo Deliberante estuvieron las concejalas Melisa Silva y Blanca Ontiveros. Adem\u00e1s, el acto cont\u00f3 [&hellip;]<\/p>\n","protected":false},"author":5,"featured_media":431008,"comment_status":"open","ping_status":"open","sticky":false,"template":"","format":"standard","meta":{"_stopmodifiedupdate":false,"_modified_date":"","inline_featured_image":false,"spay_email":"","jetpack_publicize_message":""},"categories":[3],"tags":[],"jetpack_featured_media_url":"https:\/\/notinor.com\/jujuy\/wp-content\/uploads\/2025\/08\/Aniversario.jpg","jetpack_publicize_connections":[],"_links":{"self":[{"href":"https:\/\/notinor.com\/jujuy\/wp-json\/wp\/v2\/posts\/431007"}],"collection":[{"href":"https:\/\/notinor.com\/jujuy\/wp-json\/wp\/v2\/posts"}],"about":[{"href":"https:\/\/notinor.com\/jujuy\/wp-json\/wp\/v2\/types\/post"}],"author":[{"embeddable":true,"href":"https:\/\/notinor.com\/jujuy\/wp-json\/wp\/v2\/users\/5"}],"replies":[{"embeddable":true,"href":"https:\/\/notinor.com\/jujuy\/wp-json\/wp\/v2\/comments?post=431007"}],"version-history":[{"count":1,"href":"https:\/\/notinor.com\/jujuy\/wp-json\/wp\/v2\/posts\/431007\/revisions"}],"predecessor-version":[{"id":431014,"href":"https:\/\/notinor.com\/jujuy\/wp-json\/wp\/v2\/posts\/431007\/revisions\/431014"}],"wp:featuredmedia":[{"embeddable":true,"href":"https:\/\/notinor.com\/jujuy\/wp-json\/wp\/v2\/media\/431008"}],"wp:attachment":[{"href":"https:\/\/notinor.com\/jujuy\/wp-json\/wp\/v2\/media?parent=431007"}],"wp:term":[{"taxonomy":"category","embeddable":true,"href":"https:\/\/notinor.com\/jujuy\/wp-json\/wp\/v2\/categories?post=431007"},{"taxonomy":"post_tag","embeddable":true,"href":"https:\/\/notinor.com\/jujuy\/wp-json\/wp\/v2\/tags?post=431007"}],"curies":[{"name":"wp","href":"https:\/\/api.w.org\/{rel}","templated":true}]}}