{"id":430825,"date":"2025-07-30T12:15:12","date_gmt":"2025-07-30T15:15:12","guid":{"rendered":"https:\/\/notinor.com\/jujuy\/?p=430825"},"modified":"2025-07-30T12:15:14","modified_gmt":"2025-07-30T15:15:14","slug":"karina-milei-y-santiago-caputo-se-reunen-hoy-para-sellar-la-tregua-y-poner-en-marcha-la-campana-en-pba","status":"publish","type":"post","link":"https:\/\/notinor.com\/jujuy\/karina-milei-y-santiago-caputo-se-reunen-hoy-para-sellar-la-tregua-y-poner-en-marcha-la-campana-en-pba\/","title":{"rendered":"Karina Milei y Santiago Caputo se re\u00fanen hoy para sellar la tregua y poner en marcha la campa\u00f1a en PBA"},"content":{"rendered":"\n<p class=\"has-medium-font-size\"><strong><em>El encuentro de la mesa electoral es a las 12 en la oficina de la secretaria General de Presidencia. Participar\u00e1n tambi\u00e9n los equipos del armador de La Libertad Avanza en el territorio bonaerense, Sebasti\u00e1n Pareja.<\/em><\/strong><\/p>\n\n\n<div class=\"wp-block-image\">\n<figure class=\"aligncenter\"><img decoding=\"async\" src=\"https:\/\/tn.com.ar\/resizer\/v2\/karina-milei-se-reune-con-santiago-caputo-y-la-mesa-electoral-para-definir-la-estrategia-de-campana-en-pba-X4HCSJXDEBEJRNRQJAG3KJ5ECQ.jpg?auth=69e06d2b2ec3c3f82c7666d2b9bebe505fa3a126b05b2c0e11d28b4cd328b676&amp;width=767\" alt=\"Karina Milei se re\u00fane con Santiago Caputo y la mesa electoral para definir la estrategia de campa\u00f1a en PBA. \"\/><figcaption class=\"wp-element-caption\">Karina Milei se re\u00fane con Santiago Caputo y la mesa electoral para definir la estrategia de campa\u00f1a en PBA.<\/figcaption><\/figure><\/div>\n\n\n<p><strong>La secretaria general de la Presidencia<\/strong>, <strong>Karina Milei, encabeza hoy la primera reuni\u00f3n de la mesa electoral de La Libertad Avanza para definir la estrategia de campa\u00f1a<\/strong>\u00a0para las elecciones legislativas en la provincia de Buenos Aires. La presidenta del partido convoc\u00f3 al asesor\u00a0<strong>Santiago Caputo\u00a0<\/strong>y a los equipos del armador de LLA en el territorio bonaerense, Sebasti\u00e1n Pareja.<\/p>\n\n\n\n<p>Seg\u00fan pudo saber&nbsp;<strong>TN<\/strong>,&nbsp;<strong>el encuentro es a las 12 en las oficinas de la hermana del jefe de Estado<\/strong>&nbsp;y no contar\u00e1 con la presencia del primer mandatario. En Naci\u00f3n no descartan que asista el subsecretario de Gesti\u00f3n Institucional, Eduardo \u201cLule\u201d Menem, y aseguran que definir\u00e1n el esquema de recorridas, l\u00edneas discursivas y actos de los candidatos.<\/p>\n\n\n\n<p>En la Casa Rosada sostienen que&nbsp;<strong>Caputo pasar\u00e1 hoy a ser estar a cargo de la campa\u00f1a de la elecci\u00f3n bonaerense<\/strong>. El asesor no particip\u00f3 del trasfondo y de la planificaci\u00f3n sobre la elecci\u00f3n de candidatos y la agrupaci\u00f3n \u201cLas Fuerzas del Cielo\u201d -que coordina- qued\u00f3 afuera de los principales lugares en las listas.<\/p>\n\n\n\n<p>Es por eso que en el entorno del consultor expresan que<strong>&nbsp;ir\u00e1 a interiorizarse sobre los planes respecto a la estrategia electoral que se delinearon hasta el momento en las oficinas de Menem<\/strong>. En el oficialismo aseguran que ya hubo una bajada de l\u00ednea a los postulantes sin la intervenci\u00f3n del estratega del presidente.<\/p>\n\n\n<div class=\"wp-block-image\">\n<figure class=\"aligncenter\"><img decoding=\"async\" src=\"https:\/\/tn.com.ar\/resizer\/v2\/karina-milei-y-santiago-caputo-se-reunen-para-poner-en-marcha-la-campana-en-la-provincia-de-buenos-aires-foto-presidencia-de-la-nacion-ASI2FYF2YRDARFJNJ2RRY5V2ZQ.jpg?auth=abd9416085beb9260ca85d139963487db2adb7a29b01e240f99b24cf6d438b26&amp;width=767\" alt=\"Karina Milei y Santiago Caputo se re\u00fanen para poner en marcha la campa\u00f1a en la provincia de Buenos Aires (Foto: Presidencia de la Naci\u00f3n).\"\/><figcaption class=\"wp-element-caption\">Karina Milei y Santiago Caputo se re\u00fanen para poner en marcha la campa\u00f1a en la provincia de Buenos Aires <\/figcaption><\/figure><\/div>\n\n\n<p>En el Gobierno&nbsp;<strong>esperan que se conforme una mesa de campa\u00f1a con integrantes de ambos espacios luego de la reuni\u00f3n de hoy<\/strong>. Ambos sectores quieren replicar la coordinaci\u00f3n que mantuvieron para la elecci\u00f3n en la Ciudad de Buenos Aires, que abarc\u00f3 dos reuniones semanales en el despacho del asesor con la participaci\u00f3n de candidatos y armadores.<\/p>\n\n\n\n<p>Seg\u00fan pudo saber&nbsp;<strong>TN<\/strong>,&nbsp;<strong>una de las principales preocupaciones de la Casa Rosada es la baja participaci\u00f3n en las elecciones<\/strong>, que apunta a elevar a trav\u00e9s de la discursiva y de la participaci\u00f3n de figuras nacionales en las actividades. En Balcarce 50 reconocen que tambi\u00e9n har\u00e1n foco en la seguridad como uno de los ejes.<\/p>\n\n\n\n<p>La \u00fanica integrante del gabinete que se mostr\u00f3 con un candidato de La Libertad Avanza fue la ministra de Seguridad, Patricia Bullrich, con el postulante libertario a la Tercera Secci\u00f3n Electoral de la provincia de Buenos Aires, Maximilano Bondarenko. En Naci\u00f3n aseguran que&nbsp;<strong>Milei se involucrar\u00e1 de forma directa en la campa\u00f1a y que se mostrar\u00e1 con los candidatos<\/strong>.<\/p>\n\n\n\n<p>Los equipos electorales del Ejecutivo&nbsp;<strong>modificaron su postura sobre que la elecci\u00f3n bonaerense estar\u00e1 separada de la nacional de octubre en t\u00e9rminos de impacto<\/strong>&nbsp;y ahora aseguran que \u201cvan a estar unidas\u201d respecto a la previsi\u00f3n de campa\u00f1a. \u201cEst\u00e1n muy pegadas como para que haya una pausa. La campa\u00f1a va a ser toda la misma\u201d, agregan en el oficialismo.<\/p>\n","protected":false},"excerpt":{"rendered":"<p>El encuentro de la mesa electoral es a las 12 en la oficina de la secretaria General de Presidencia. Participar\u00e1n tambi\u00e9n los equipos del armador de La Libertad Avanza en el territorio bonaerense, Sebasti\u00e1n Pareja. La secretaria general de la Presidencia, Karina Milei, encabeza hoy la primera reuni\u00f3n de la mesa electoral de La Libertad [&hellip;]<\/p>\n","protected":false},"author":5,"featured_media":430826,"comment_status":"open","ping_status":"open","sticky":false,"template":"","format":"standard","meta":{"_stopmodifiedupdate":false,"_modified_date":"","inline_featured_image":false,"spay_email":"","jetpack_publicize_message":""},"categories":[501],"tags":[],"jetpack_featured_media_url":"https:\/\/notinor.com\/jujuy\/wp-content\/uploads\/2025\/07\/KARINA.jpg","jetpack_publicize_connections":[],"_links":{"self":[{"href":"https:\/\/notinor.com\/jujuy\/wp-json\/wp\/v2\/posts\/430825"}],"collection":[{"href":"https:\/\/notinor.com\/jujuy\/wp-json\/wp\/v2\/posts"}],"about":[{"href":"https:\/\/notinor.com\/jujuy\/wp-json\/wp\/v2\/types\/post"}],"author":[{"embeddable":true,"href":"https:\/\/notinor.com\/jujuy\/wp-json\/wp\/v2\/users\/5"}],"replies":[{"embeddable":true,"href":"https:\/\/notinor.com\/jujuy\/wp-json\/wp\/v2\/comments?post=430825"}],"version-history":[{"count":1,"href":"https:\/\/notinor.com\/jujuy\/wp-json\/wp\/v2\/posts\/430825\/revisions"}],"predecessor-version":[{"id":430827,"href":"https:\/\/notinor.com\/jujuy\/wp-json\/wp\/v2\/posts\/430825\/revisions\/430827"}],"wp:featuredmedia":[{"embeddable":true,"href":"https:\/\/notinor.com\/jujuy\/wp-json\/wp\/v2\/media\/430826"}],"wp:attachment":[{"href":"https:\/\/notinor.com\/jujuy\/wp-json\/wp\/v2\/media?parent=430825"}],"wp:term":[{"taxonomy":"category","embeddable":true,"href":"https:\/\/notinor.com\/jujuy\/wp-json\/wp\/v2\/categories?post=430825"},{"taxonomy":"post_tag","embeddable":true,"href":"https:\/\/notinor.com\/jujuy\/wp-json\/wp\/v2\/tags?post=430825"}],"curies":[{"name":"wp","href":"https:\/\/api.w.org\/{rel}","templated":true}]}}