{"id":430822,"date":"2025-07-30T11:43:21","date_gmt":"2025-07-30T14:43:21","guid":{"rendered":"https:\/\/notinor.com\/jujuy\/?p=430822"},"modified":"2025-07-30T11:43:23","modified_gmt":"2025-07-30T14:43:23","slug":"se-cayo-el-sistema-de-arca-se-multiplican-los-reclamos-de-los-contribuyentes","status":"publish","type":"post","link":"https:\/\/notinor.com\/jujuy\/se-cayo-el-sistema-de-arca-se-multiplican-los-reclamos-de-los-contribuyentes\/","title":{"rendered":"Se cay\u00f3 el sistema de ARCA: se multiplican los reclamos de los contribuyentes"},"content":{"rendered":"\n<p class=\"has-medium-font-size\"><strong><em>La p\u00e1gina web del organismo dej\u00f3 de funcionar en una fecha clave. \u201cEstamos trabajando para activarlo a la brevedad\u201d, comunic\u00f3 el ente<\/em><\/strong>.<\/p>\n\n\n<div class=\"wp-block-image\">\n<figure class=\"aligncenter\"><img decoding=\"async\" src=\"https:\/\/tn.com.ar\/resizer\/v2\/el-sistema-de-arca-se-cayo-en-pleno-fin-de-mes-foto-arca-CE3YZDB6NJBPVH5VCKBJQPKPTU.png?auth=da04a0e7c25156ea990b6f9a6b75261694213125502e87a6256ccbc91c613a0f&amp;width=767\" alt=\"El sistema de ARCA se cay\u00f3 en pleno fin de mes. (Foto: ARCA)\"\/><figcaption class=\"wp-element-caption\">El sistema de ARCA se cay\u00f3 en pleno fin de mes<\/figcaption><\/figure><\/div>\n\n\n<p>La Agencia de Recaudaci\u00f3n y Control Aduanero\u00a0<strong>(<\/strong>ARCA<strong>)<\/strong>\u00a0registr\u00f3 una ca\u00edda en su sistema este mi\u00e9rcoles y desat\u00f3 un verdadero caos entre\u00a0<strong>contribuyentes y contadores<\/strong>.<\/p>\n\n\n\n<p>El problema ocurri\u00f3 en pleno fin de mes y durante el&nbsp;<strong>periodo de recategorizaci\u00f3n del Monotributo<\/strong>, cuando miles de personas y empresas necesitan cumplir con&nbsp;<strong>tr\u00e1mites obligatorios<\/strong>.<\/p>\n\n\n\n<p>En principio, la portada del sitio se muestra sin inconvenientes, pero cuando los usuarios intentan ingresar con su clave fiscal,&nbsp;<strong>la p\u00e1gina se cae<\/strong>&nbsp;y&nbsp;<strong>no permite avanzar con ning\u00fan tr\u00e1mite<\/strong>.<\/p>\n\n\n\n<p>Desde la cuenta oficial de ARCA en<strong>&nbsp;X<\/strong>, el organismo public\u00f3 un mensaje para llevar algo de tranquilidad:&nbsp;<strong>\u201cMoment\u00e1neamente, estamos experimentando problemas con los sistemas de ARCA. Estamos trabajando para activarlo a la brevedad\u201d<\/strong>.<\/p>\n\n\n\n<figure class=\"wp-block-image\"><img decoding=\"async\" src=\"https:\/\/tn.com.ar\/resizer\/v2\/el-mensaje-de-la-cuenta-oficial-del-arca-tras-la-caida-del-sistema-captura-xarcainforma-3OFRDM47IRA3JJUBRXY7F5YERA.jpg?auth=0990002b45574e281991e94054fae2f07717aa6b3403b041c49c02b18827ec5d&amp;width=767\" alt=\"El mensaje de la cuenta oficial del ARCA tras la ca\u00edda del sistema. (Captura: X\/@ARCA_informa)\"\/><figcaption class=\"wp-element-caption\">El mensaje de la cuenta oficial del ARCA tras la ca\u00edda del sistema<\/figcaption><\/figure>\n","protected":false},"excerpt":{"rendered":"<p>La p\u00e1gina web del organismo dej\u00f3 de funcionar en una fecha clave. \u201cEstamos trabajando para activarlo a la brevedad\u201d, comunic\u00f3 el ente. La Agencia de Recaudaci\u00f3n y Control Aduanero\u00a0(ARCA)\u00a0registr\u00f3 una ca\u00edda en su sistema este mi\u00e9rcoles y desat\u00f3 un verdadero caos entre\u00a0contribuyentes y contadores. El problema ocurri\u00f3 en pleno fin de mes y durante el&nbsp;periodo [&hellip;]<\/p>\n","protected":false},"author":5,"featured_media":430823,"comment_status":"open","ping_status":"open","sticky":false,"template":"","format":"standard","meta":{"_stopmodifiedupdate":false,"_modified_date":"","inline_featured_image":false,"spay_email":"","jetpack_publicize_message":""},"categories":[2],"tags":[],"jetpack_featured_media_url":"https:\/\/notinor.com\/jujuy\/wp-content\/uploads\/2025\/07\/ARCA1.jpg","jetpack_publicize_connections":[],"_links":{"self":[{"href":"https:\/\/notinor.com\/jujuy\/wp-json\/wp\/v2\/posts\/430822"}],"collection":[{"href":"https:\/\/notinor.com\/jujuy\/wp-json\/wp\/v2\/posts"}],"about":[{"href":"https:\/\/notinor.com\/jujuy\/wp-json\/wp\/v2\/types\/post"}],"author":[{"embeddable":true,"href":"https:\/\/notinor.com\/jujuy\/wp-json\/wp\/v2\/users\/5"}],"replies":[{"embeddable":true,"href":"https:\/\/notinor.com\/jujuy\/wp-json\/wp\/v2\/comments?post=430822"}],"version-history":[{"count":1,"href":"https:\/\/notinor.com\/jujuy\/wp-json\/wp\/v2\/posts\/430822\/revisions"}],"predecessor-version":[{"id":430824,"href":"https:\/\/notinor.com\/jujuy\/wp-json\/wp\/v2\/posts\/430822\/revisions\/430824"}],"wp:featuredmedia":[{"embeddable":true,"href":"https:\/\/notinor.com\/jujuy\/wp-json\/wp\/v2\/media\/430823"}],"wp:attachment":[{"href":"https:\/\/notinor.com\/jujuy\/wp-json\/wp\/v2\/media?parent=430822"}],"wp:term":[{"taxonomy":"category","embeddable":true,"href":"https:\/\/notinor.com\/jujuy\/wp-json\/wp\/v2\/categories?post=430822"},{"taxonomy":"post_tag","embeddable":true,"href":"https:\/\/notinor.com\/jujuy\/wp-json\/wp\/v2\/tags?post=430822"}],"curies":[{"name":"wp","href":"https:\/\/api.w.org\/{rel}","templated":true}]}}