{"id":430743,"date":"2025-07-29T10:31:01","date_gmt":"2025-07-29T13:31:01","guid":{"rendered":"https:\/\/notinor.com\/jujuy\/?p=430743"},"modified":"2025-07-29T10:31:03","modified_gmt":"2025-07-29T13:31:03","slug":"sadir-participo-del-izamiento-de-la-bandera-nacional-en-la-semana-de-la-policia","status":"publish","type":"post","link":"https:\/\/notinor.com\/jujuy\/sadir-participo-del-izamiento-de-la-bandera-nacional-en-la-semana-de-la-policia\/","title":{"rendered":"Sadir particip\u00f3 del izamiento de la Bandera Nacional en la Semana de la Polic\u00eda"},"content":{"rendered":"\n<p class=\"has-medium-font-size\"><strong><em>En el marco de las actividades conmemorativas por el 180\u00b0 aniversario de la Polic\u00eda de la Provincia, el gobernador Carlos Sadir encabez\u00f3 el acto de izamiento del Pabell\u00f3n Nacional en la explanada de Casa de Gobierno.<\/em><\/strong><\/p>\n\n\n<div class=\"wp-block-image\">\n<figure class=\"aligncenter\"><img decoding=\"async\" src=\"https:\/\/media.prensa.jujuy.gob.ar\/p\/79087a958cd2cd9183e3110f4e3210a9\/adjuntos\/301\/imagenes\/000\/414\/0000414720\/1200x0\/smart\/3k4a5154.jpg\" alt=\"Sadir particip\u00f3 del izamiento de la Bandera Nacional en la Semana de la Polic\u00eda\" title=\"Sadir particip\u00f3 del izamiento de la Bandera Nacional en la Semana de la Polic\u00eda\"\/><\/figure><\/div>\n\n\n<p>La ceremonia se desarroll\u00f3 como parte de la agenda institucional que precede a la celebraci\u00f3n oficial del pr\u00f3ximo 1 de agosto, fecha en la que se recuerda los 180 a\u00f1os de la fuerza de seguridad al servicio de la comunidad.<a href=\"https:\/\/media.prensa.jujuy.gob.ar\/p\/79087a958cd2cd9183e3110f4e3210a9\/adjuntos\/301\/imagenes\/000\/414\/0000414720\/1200x0\/smart\/3k4a5154.jpg\"><\/a><\/p>\n\n\n<div class=\"wp-block-image\">\n<figure class=\"aligncenter\"><img decoding=\"async\" src=\"https:\/\/media.prensa.jujuy.gob.ar\/p\/95d845c20f50977b323ca6bb810977f6\/adjuntos\/301\/imagenes\/000\/414\/0000414722\/1200x0\/smart\/3k4a5152.jpg\" alt=\"Sadir particip\u00f3 del izamiento de la Bandera Nacional en la Semana de la Polic\u00eda\" title=\"Sadir particip\u00f3 del izamiento de la Bandera Nacional en la Semana de la Polic\u00eda\"\/><\/figure><\/div>\n\n\n<p>El mandatario provincial estuvo acompa\u00f1ado por la ministra de Educaci\u00f3n, Miriam Serrano; el jefe de la Polic\u00eda de la Provincia, comisario general Milton S\u00e1nchez; y el subjefe de Polic\u00eda, comisario general Joaqu\u00edn Carrillo.<a href=\"https:\/\/media.prensa.jujuy.gob.ar\/p\/95d845c20f50977b323ca6bb810977f6\/adjuntos\/301\/imagenes\/000\/414\/0000414722\/1200x0\/smart\/3k4a5152.jpg\"><\/a><\/p>\n\n\n<div class=\"wp-block-image\">\n<figure class=\"aligncenter\"><img decoding=\"async\" src=\"https:\/\/media.prensa.jujuy.gob.ar\/p\/40c5bab5b1fc53af8072de002f25f240\/adjuntos\/301\/imagenes\/000\/414\/0000414723\/1200x0\/smart\/3k4a5147.jpg\" alt=\"Sadir particip\u00f3 del izamiento de la Bandera Nacional en la Semana de la Polic\u00eda\" title=\"Sadir particip\u00f3 del izamiento de la Bandera Nacional en la Semana de la Polic\u00eda\"\/><\/figure><\/div>\n\n\n<p><a href=\"https:\/\/media.prensa.jujuy.gob.ar\/p\/40c5bab5b1fc53af8072de002f25f240\/adjuntos\/301\/imagenes\/000\/414\/0000414723\/1200x0\/smart\/3k4a5147.jpg\"><\/a><\/p>\n","protected":false},"excerpt":{"rendered":"<p>En el marco de las actividades conmemorativas por el 180\u00b0 aniversario de la Polic\u00eda de la Provincia, el gobernador Carlos Sadir encabez\u00f3 el acto de izamiento del Pabell\u00f3n Nacional en la explanada de Casa de Gobierno. La ceremonia se desarroll\u00f3 como parte de la agenda institucional que precede a la celebraci\u00f3n oficial del pr\u00f3ximo 1 [&hellip;]<\/p>\n","protected":false},"author":5,"featured_media":430744,"comment_status":"open","ping_status":"open","sticky":false,"template":"","format":"standard","meta":{"_stopmodifiedupdate":false,"_modified_date":"","inline_featured_image":false,"spay_email":"","jetpack_publicize_message":""},"categories":[3],"tags":[],"jetpack_featured_media_url":"https:\/\/notinor.com\/jujuy\/wp-content\/uploads\/2025\/07\/POLICIA-1.jpg","jetpack_publicize_connections":[],"_links":{"self":[{"href":"https:\/\/notinor.com\/jujuy\/wp-json\/wp\/v2\/posts\/430743"}],"collection":[{"href":"https:\/\/notinor.com\/jujuy\/wp-json\/wp\/v2\/posts"}],"about":[{"href":"https:\/\/notinor.com\/jujuy\/wp-json\/wp\/v2\/types\/post"}],"author":[{"embeddable":true,"href":"https:\/\/notinor.com\/jujuy\/wp-json\/wp\/v2\/users\/5"}],"replies":[{"embeddable":true,"href":"https:\/\/notinor.com\/jujuy\/wp-json\/wp\/v2\/comments?post=430743"}],"version-history":[{"count":1,"href":"https:\/\/notinor.com\/jujuy\/wp-json\/wp\/v2\/posts\/430743\/revisions"}],"predecessor-version":[{"id":430745,"href":"https:\/\/notinor.com\/jujuy\/wp-json\/wp\/v2\/posts\/430743\/revisions\/430745"}],"wp:featuredmedia":[{"embeddable":true,"href":"https:\/\/notinor.com\/jujuy\/wp-json\/wp\/v2\/media\/430744"}],"wp:attachment":[{"href":"https:\/\/notinor.com\/jujuy\/wp-json\/wp\/v2\/media?parent=430743"}],"wp:term":[{"taxonomy":"category","embeddable":true,"href":"https:\/\/notinor.com\/jujuy\/wp-json\/wp\/v2\/categories?post=430743"},{"taxonomy":"post_tag","embeddable":true,"href":"https:\/\/notinor.com\/jujuy\/wp-json\/wp\/v2\/tags?post=430743"}],"curies":[{"name":"wp","href":"https:\/\/api.w.org\/{rel}","templated":true}]}}