{"id":430737,"date":"2025-07-28T21:39:00","date_gmt":"2025-07-29T00:39:00","guid":{"rendered":"https:\/\/notinor.com\/jujuy\/?p=430737"},"modified":"2025-07-28T09:39:20","modified_gmt":"2025-07-28T09:39:20","slug":"el-municipio-capitalino-convoca-a-musicos-y-artistas-emergentes-a-participar-de-los-pre-hornitos-2025","status":"publish","type":"post","link":"https:\/\/notinor.com\/jujuy\/el-municipio-capitalino-convoca-a-musicos-y-artistas-emergentes-a-participar-de-los-pre-hornitos-2025\/","title":{"rendered":"El Municipio Capitalino convoca a m\u00fasicos y artistas emergentes a participar de los Pre Hornitos 2025"},"content":{"rendered":"\n<p class=\"has-medium-font-size\"><strong><em>La Municipalidad de San Salvador de Jujuy, a trav\u00e9s de Secretar\u00eda de Cultura y Turismo, convoca a m\u00fasicos y artistas de toda la ciudad y la provincia a participar de los Pre Hornitos, el certamen flokl\u00f3rico preselectivo de nuevos valores que se llevar\u00e1 a cabo el pr\u00f3ximo 10 de agosto en el Multiespacio de Alto Comedero. El intendente Ra\u00fal \u201cChuli\u201d Jorge destac\u00f3 que esta propuesta busca abrirles las puertas a los artistas emergentes, a uno de los festivales m\u00e1s emblem\u00e1ticos de la provincia: Los Hornitos, para ello, los interesados deber\u00e1n inscribirse mediante el siguiente formulario:\u00a0<a href=\"https:\/\/docs.google.com\/forms\/d\/e\/1FAIpQLSe17icReIi79BPVGWfchyZkmvsQ4VdOxy8d-R0dpKHj_F4fvQ\/viewform\">https:\/\/docs.google.com\/forms\/d\/e\/1FAIpQLSe17icReIi79BPVGWfchyZkmvsQ4VdOxy8d-R0dpKHj_F4fvQ\/viewform<\/a><\/em><\/strong><\/p>\n\n\n\n<figure class=\"wp-block-image\"><img decoding=\"async\" src=\"https:\/\/www.sansalvadordejujuy.gob.ar\/wp-content\/uploads\/2025\/07\/Pre-hornitos-Prensa-Muni-Jujuy-2-1024x617.jpg\" alt=\"\" class=\"wp-image-90907\"\/><\/figure>\n\n\n\n<p>En este sentido, el director de Cultura, <strong>Joaqu\u00edn L\u00f3pez<\/strong>, destac\u00f3, que \u201cLos Hornitos es un festival tradicional en nuestra ciudad y, a partir del a\u00f1o pasado, despu\u00e9s de que el Concejo Deliberante, a trav\u00e9s de una ordenanza, generara la instancia de Los Pre Hornitos, que significa continuar democratizando el acceso a los festivales y la participaci\u00f3n de artistas emergentes. El a\u00f1o pasado hemos tenido un \u00e9xito rotundo, de hecho, uno de los grupos que gan\u00f3 en la primera edici\u00f3n de Los Pre Hornitos gan\u00f3 el Festival de Cosqu\u00edn, y posiblemente est\u00e9n tambi\u00e9n este a\u00f1o\u201d.<\/p>\n\n\n\n<figure class=\"wp-block-image\"><img decoding=\"async\" src=\"https:\/\/www.sansalvadordejujuy.gob.ar\/wp-content\/uploads\/2025\/07\/prehornitos-819x1024.jpeg\" alt=\"\" class=\"wp-image-90905\"\/><\/figure>\n\n\n\n<p>L\u00f3pez subray\u00f3 adem\u00e1s que, \u201ces a trav\u00e9s de estas pol\u00edticas que buscamos que m\u00e1s artistas puedan mostrar sus propuestas y participar de uno de los festivales m\u00e1s importantes de nuestra provincia, como son Los Hornitos\u201d.<\/p>\n\n\n\n<p>Por su parte, <strong>Adri\u00e1n Montalvo<\/strong>, administrador de la Casa de la Historia y la Cultura \u201cJorge Cafrune\u201d, invit\u00f3 a los artistas interesados a estar atentos a las novedades, \u201cen primer lugar, instamos a los artistas a que est\u00e9n atentos a la p\u00e1gina de Cultura Muni, all\u00ed podr\u00e1n ver las condiciones y bases de este evento que se realizar\u00e1 el pr\u00f3ximo 10 de agosto. Los Pre Hornitos es una celebraci\u00f3n, una promoci\u00f3n de artistas emergentes que sirve para descubrir nuevos valores\u201d.<\/p>\n\n\n\n<p>Montalvo record\u00f3 que \u201cel a\u00f1o pasado estuvo Kimsa Juy, que despu\u00e9s gan\u00f3 el Pre Cosqu\u00edn y Cosqu\u00edn, y tambi\u00e9n Jos\u00e9 Rojas, un artista que luego se present\u00f3 en el Palacio Libertad\u201d. Y agreg\u00f3, \u201ccreemos que es un lugar muy importante para el lanzamiento, y los nuevos artistas van a tener un escenario con buen sonido y, sobre todo, mucha gente que se va a acercar. Se va a hacer en el Multiespacio El Alto, un lugar que cada vez se consolida m\u00e1s como un espacio cultural y que la gente lo quiere. As\u00ed que muy contentos por esta convocatoria y esperamos que se sumen todos los artistas para el pr\u00f3ximo 10 de agosto\u201d.<\/p>\n\n\n\n<p><strong>Nota audiovisual:<\/strong>&nbsp;<a href=\"https:\/\/youtu.be\/aEiEP_wHGyU\">https:\/\/youtu.be\/aEiEP_wHGyU<\/a><\/p>\n","protected":false},"excerpt":{"rendered":"<p>La Municipalidad de San Salvador de Jujuy, a trav\u00e9s de Secretar\u00eda de Cultura y Turismo, convoca a m\u00fasicos y artistas de toda la ciudad y la provincia a participar de los Pre Hornitos, el certamen flokl\u00f3rico preselectivo de nuevos valores que se llevar\u00e1 a cabo el pr\u00f3ximo 10 de agosto en el Multiespacio de Alto [&hellip;]<\/p>\n","protected":false},"author":5,"featured_media":430738,"comment_status":"open","ping_status":"open","sticky":false,"template":"","format":"standard","meta":{"_stopmodifiedupdate":false,"_modified_date":"","inline_featured_image":false,"spay_email":"","jetpack_publicize_message":""},"categories":[21],"tags":[],"jetpack_featured_media_url":"https:\/\/notinor.com\/jujuy\/wp-content\/uploads\/2025\/07\/certamen.jpg","jetpack_publicize_connections":[],"_links":{"self":[{"href":"https:\/\/notinor.com\/jujuy\/wp-json\/wp\/v2\/posts\/430737"}],"collection":[{"href":"https:\/\/notinor.com\/jujuy\/wp-json\/wp\/v2\/posts"}],"about":[{"href":"https:\/\/notinor.com\/jujuy\/wp-json\/wp\/v2\/types\/post"}],"author":[{"embeddable":true,"href":"https:\/\/notinor.com\/jujuy\/wp-json\/wp\/v2\/users\/5"}],"replies":[{"embeddable":true,"href":"https:\/\/notinor.com\/jujuy\/wp-json\/wp\/v2\/comments?post=430737"}],"version-history":[{"count":1,"href":"https:\/\/notinor.com\/jujuy\/wp-json\/wp\/v2\/posts\/430737\/revisions"}],"predecessor-version":[{"id":430739,"href":"https:\/\/notinor.com\/jujuy\/wp-json\/wp\/v2\/posts\/430737\/revisions\/430739"}],"wp:featuredmedia":[{"embeddable":true,"href":"https:\/\/notinor.com\/jujuy\/wp-json\/wp\/v2\/media\/430738"}],"wp:attachment":[{"href":"https:\/\/notinor.com\/jujuy\/wp-json\/wp\/v2\/media?parent=430737"}],"wp:term":[{"taxonomy":"category","embeddable":true,"href":"https:\/\/notinor.com\/jujuy\/wp-json\/wp\/v2\/categories?post=430737"},{"taxonomy":"post_tag","embeddable":true,"href":"https:\/\/notinor.com\/jujuy\/wp-json\/wp\/v2\/tags?post=430737"}],"curies":[{"name":"wp","href":"https:\/\/api.w.org\/{rel}","templated":true}]}}