{"id":430731,"date":"2025-07-28T20:56:00","date_gmt":"2025-07-28T23:56:00","guid":{"rendered":"https:\/\/notinor.com\/jujuy\/?p=430731"},"modified":"2025-07-28T08:56:30","modified_gmt":"2025-07-28T08:56:30","slug":"municipio-inicio-un-plan-de-tareas-de-nivelado-perfilado-y-enripiado-en-villa-jardin-de-reyes","status":"publish","type":"post","link":"https:\/\/notinor.com\/jujuy\/municipio-inicio-un-plan-de-tareas-de-nivelado-perfilado-y-enripiado-en-villa-jardin-de-reyes\/","title":{"rendered":"Municipio inici\u00f3 un plan de tareas de nivelado, perfilado y enripiado en Villa Jard\u00edn de Reyes"},"content":{"rendered":"\n<p class=\"has-medium-font-size\"><strong><em>Con la presencia del Intendente Municipal, Ra\u00fal \u201cChuli\u201d Jorge, se dio inicio a un importante operativo de enripiado, nivelaci\u00f3n y perfilado de calles en diversos sectores de Villa Jard\u00edn de Reyes, a los efectos de reparar los da\u00f1os causados por las intensas lluvias del verano pasado y preparar diversas arterias para la pr\u00f3xima temporada estival.<\/em><\/strong><\/p>\n\n\n<div class=\"wp-block-image\">\n<figure class=\"aligncenter\"><img decoding=\"async\" src=\"https:\/\/www.sansalvadordejujuy.gob.ar\/wp-content\/uploads\/2025\/07\/Programa-enripiado-en-Reyes-Prensa-Muni-Jujuy-2-1024x663.jpg\" alt=\"\" class=\"wp-image-90776\"\/><\/figure><\/div>\n\n\n<p>Al supervisar las tareas, el mandatario municipal puntualiz\u00f3 \u201cestamos comenzando por las arterias que presentaban mayor deterioro, priorizando aquellas que m\u00e1s lo necesitaban, realizando un trabajo sostenido que no solo brinde soluciones inmediatas, sino que tambi\u00e9n deje a Villa Jard\u00edn de Reyes, preparada para enfrentar el pr\u00f3ximo verano\u201d.<\/p>\n\n\n\n<p>Asegur\u00f3 en este sentido, \u201cobviamente se aprovechar\u00e1 el tiempo que se viene para avanzar tambi\u00e9n con tareas de limpieza de canales y arroyos, ya que muchas veces complican el normal escurrimiento del agua y dificultan los trabajos\u201d. Al respecto solicit\u00f3 la colaboraci\u00f3n de los vecinos, de no arrojar residuos en lugares indebidos y que acompa\u00f1en las tareas comprometidos con su comunidad.<\/p>\n\n\n<div class=\"wp-block-image\">\n<figure class=\"aligncenter\"><img decoding=\"async\" src=\"https:\/\/www.sansalvadordejujuy.gob.ar\/wp-content\/uploads\/2025\/07\/Programa-enripiado-en-Reyes-Prensa-Muni-Jujuy-5-1024x683.jpg\" alt=\"\" class=\"wp-image-90777\"\/><\/figure><\/div>\n\n\n<p>Luego, el secretario de Gobierno, Ezequiel Aldao Fascio, record\u00f3 un verano marcado por intensas lluvias y se\u00f1al\u00f3 que \u201cfue necesario intervenir en varias arterias de la villa veraniega. El personal comenz\u00f3 los trabajos con gran entusiasmo al ver las m\u00e1quinas en acci\u00f3n, lo que permiti\u00f3 avanzar con el compromiso de mejorar los sectores afectados para garantizar una mejor transitabilidad a los vecinos\u201d.<\/p>\n\n\n\n<p>Por su parte, el director de la Delegaci\u00f3n de Villa Jard\u00edn de Reyes, Roberto Soraide, explic\u00f3 que \u201cse trata de un programa impulsado por el municipio que contempla tareas de nivelado, perfilado y enripiado en calles que fueron da\u00f1adas por las lluvias del verano\u201d.<\/p>\n\n\n<div class=\"wp-block-image\">\n<figure class=\"aligncenter\"><img decoding=\"async\" src=\"https:\/\/www.sansalvadordejujuy.gob.ar\/wp-content\/uploads\/2025\/07\/Programa-enripiado-en-Reyes-Prensa-Muni-Jujuy-1-1024x677.jpg\" alt=\"\" class=\"wp-image-90775\"\/><\/figure><\/div>\n\n\n<p>Luego agreg\u00f3 \u201ces parte de un cronograma de trabajo que avanza por distintos sectores, priorizando \u00e1reas da\u00f1adas con una superficie de aproximadamente 9.000 metros cuadrados, puesto que la iniciativa busca mejorar la transitabilidad y brindar respuestas concretas a los vecinos\u201d.<\/p>\n\n\n\n<p>En esta primera parte, Soraide nombr\u00f3 a las calles intervenidas; Gladys L\u00f3pez, Sunchurrumpi, Tarrito Cu\u00f1ado y Canilla Costa, beneficiadas con las tareas de mejora, extendi\u00e9ndose a otras zonas conforme al cronograma previsto.<\/p>\n\n\n\n<p><strong>Nota audiovisual:<\/strong>&nbsp;<a href=\"https:\/\/youtu.be\/J2z8OksWac8\">https:\/\/youtu.be\/J2z8OksWac8<\/a><\/p>\n","protected":false},"excerpt":{"rendered":"<p>Con la presencia del Intendente Municipal, Ra\u00fal \u201cChuli\u201d Jorge, se dio inicio a un importante operativo de enripiado, nivelaci\u00f3n y perfilado de calles en diversos sectores de Villa Jard\u00edn de Reyes, a los efectos de reparar los da\u00f1os causados por las intensas lluvias del verano pasado y preparar diversas arterias para la pr\u00f3xima temporada estival. [&hellip;]<\/p>\n","protected":false},"author":5,"featured_media":430732,"comment_status":"open","ping_status":"open","sticky":false,"template":"","format":"standard","meta":{"_stopmodifiedupdate":false,"_modified_date":"","inline_featured_image":false,"spay_email":"","jetpack_publicize_message":""},"categories":[514],"tags":[],"jetpack_featured_media_url":"https:\/\/notinor.com\/jujuy\/wp-content\/uploads\/2025\/07\/OPERATIVO.jpg","jetpack_publicize_connections":[],"_links":{"self":[{"href":"https:\/\/notinor.com\/jujuy\/wp-json\/wp\/v2\/posts\/430731"}],"collection":[{"href":"https:\/\/notinor.com\/jujuy\/wp-json\/wp\/v2\/posts"}],"about":[{"href":"https:\/\/notinor.com\/jujuy\/wp-json\/wp\/v2\/types\/post"}],"author":[{"embeddable":true,"href":"https:\/\/notinor.com\/jujuy\/wp-json\/wp\/v2\/users\/5"}],"replies":[{"embeddable":true,"href":"https:\/\/notinor.com\/jujuy\/wp-json\/wp\/v2\/comments?post=430731"}],"version-history":[{"count":1,"href":"https:\/\/notinor.com\/jujuy\/wp-json\/wp\/v2\/posts\/430731\/revisions"}],"predecessor-version":[{"id":430733,"href":"https:\/\/notinor.com\/jujuy\/wp-json\/wp\/v2\/posts\/430731\/revisions\/430733"}],"wp:featuredmedia":[{"embeddable":true,"href":"https:\/\/notinor.com\/jujuy\/wp-json\/wp\/v2\/media\/430732"}],"wp:attachment":[{"href":"https:\/\/notinor.com\/jujuy\/wp-json\/wp\/v2\/media?parent=430731"}],"wp:term":[{"taxonomy":"category","embeddable":true,"href":"https:\/\/notinor.com\/jujuy\/wp-json\/wp\/v2\/categories?post=430731"},{"taxonomy":"post_tag","embeddable":true,"href":"https:\/\/notinor.com\/jujuy\/wp-json\/wp\/v2\/tags?post=430731"}],"curies":[{"name":"wp","href":"https:\/\/api.w.org\/{rel}","templated":true}]}}