{"id":430718,"date":"2025-07-28T21:42:38","date_gmt":"2025-07-29T00:42:38","guid":{"rendered":"https:\/\/notinor.com\/jujuy\/?p=430718"},"modified":"2025-07-28T21:42:39","modified_gmt":"2025-07-29T00:42:39","slug":"jujuy-refuerza-la-salud-publica-con-la-incorporacion-de-un-ecografo-de-ultima-generacion-para-el-hospital-materno-infantil","status":"publish","type":"post","link":"https:\/\/notinor.com\/jujuy\/jujuy-refuerza-la-salud-publica-con-la-incorporacion-de-un-ecografo-de-ultima-generacion-para-el-hospital-materno-infantil\/","title":{"rendered":"Jujuy refuerza la salud p\u00fablica con la incorporaci\u00f3n de un ec\u00f3grafo de \u00faltima generaci\u00f3n para el Hospital Materno Infantil"},"content":{"rendered":"\n<p class=\"has-medium-font-size\"><strong><em>El gobernador de Jujuy, Carlos Sadir, present\u00f3 hoy oficialmente un nuevo ec\u00f3grafo de \u00faltima generaci\u00f3n destinado a los servicios de terapia intensiva e intermedia del Hospital Materno Infantil \u201cDr. H\u00e9ctor Quintana\u201d. Con esta adquisici\u00f3n se potenciar\u00e1n los diagn\u00f3sticos oportunos y tempranos en el nosocomio.<\/em><\/strong><\/p>\n\n\n\n<p><\/p>\n\n\n<div class=\"wp-block-image\">\n<figure class=\"aligncenter size-full\"><img decoding=\"async\" loading=\"lazy\" width=\"800\" height=\"450\" src=\"https:\/\/notinor.com\/jujuy\/wp-content\/uploads\/2025\/07\/ecografo-hospital-materno-infantil.jpg\" alt=\"\" class=\"wp-image-430719\" srcset=\"https:\/\/notinor.com\/jujuy\/wp-content\/uploads\/2025\/07\/ecografo-hospital-materno-infantil.jpg 800w, https:\/\/notinor.com\/jujuy\/wp-content\/uploads\/2025\/07\/ecografo-hospital-materno-infantil-649x365.jpg 649w, https:\/\/notinor.com\/jujuy\/wp-content\/uploads\/2025\/07\/ecografo-hospital-materno-infantil-500x280.jpg 500w, https:\/\/notinor.com\/jujuy\/wp-content\/uploads\/2025\/07\/ecografo-hospital-materno-infantil-768x432.jpg 768w, https:\/\/notinor.com\/jujuy\/wp-content\/uploads\/2025\/07\/ecografo-hospital-materno-infantil-750x422.jpg 750w\" sizes=\"(max-width: 800px) 100vw, 800px\" \/><\/figure><\/div>\n\n\n<p><\/p>\n\n\n\n<p>El mandatario provincial destac\u00f3 la relevancia de este equipamiento para la labor diaria que se lleva a cabo en el hospital. <strong>\"Ahora tenemos equipamiento nuevo para este hospital, y se suma a la cantidad de equipo que venimos comparando para equipar los nosocomios de la provincia, demostrando un fuerte compromiso con la salud p\u00fablica y con la gente\",<\/strong> afirm\u00f3 Sadir, subrayando la decisi\u00f3n del gobierno de seguir invirtiendo en salud p\u00fablica a pesar de la compleja situaci\u00f3n econ\u00f3mica que atraviesa el pa\u00eds.<\/p>\n\n\n\n<p>Adem\u00e1s de la incorporaci\u00f3n del ec\u00f3grafo, el gobernador Sadir anticip\u00f3 la pr\u00f3xima realizaci\u00f3n de obras destinadas a mejorar la comodidad de las familias que acompa\u00f1an a los ni\u00f1os y ni\u00f1as internados en el servicio. <strong>Esta iniciativa surgi\u00f3 a ra\u00edz de un di\u00e1logo directo con el equipo de terapia del hospital, reconociendo la importante funci\u00f3n que cumplen en esta \u00e1rea.<\/strong><\/p>\n\n\n\n<p>El gobernador estuvo acompa\u00f1ado por el ministro de Salud de Jujuy, Gustavo Bouhid, y el director del hospital, Marcelo Labarta, junto a otros funcionarios de la cartera sanitaria y autoridades del nosocomio.<\/p>\n\n\n\n<p class=\"has-medium-font-size\"><strong>Mejora en la calidad del servicio<\/strong><\/p>\n\n\n\n<p>Por su parte, el ministro de Salud, Gustavo Bouhid, destac\u00f3 que \u201ceste equipo permite tanto diagn\u00f3sticos como tratamientos para ni\u00f1as y ni\u00f1os en terapia intensiva y permite adem\u00e1s realizarlos en tiempo real, dando respuesta a las distintas patolog\u00edas\u201d mientras detall\u00f3 que <strong>\u201cesta nueva inversi\u00f3n ratifica el compromiso con la mejora continua, porque hasta ahora el ec\u00f3grafo se compart\u00eda con el Servicio de Diagn\u00f3stico por Im\u00e1genes. El se\u00f1or gobernador ha escuchado la necesidad y ha dado respuesta inmediata, lo que ampl\u00eda la capacidad de resoluci\u00f3n en la terapia intensiva del Materno Infantil\u201d.<\/strong><\/p>\n\n\n\n<p>Asimismo, resalt\u00f3 que se trata de un equipo de \u00faltima generaci\u00f3n y apunt\u00f3 que \u201ccomo bien comentaron nuestros profesionales, a nivel mundial se trabaja con el ec\u00f3grafo al lado para los diagn\u00f3sticos oportunos y tempranos, los procedimientos y corroborar cada proceso frente a patolog\u00eda cardiovascular, respiratoria, renal, entre otras\u201d.<\/p>\n\n\n\n<p><strong>\u201cSiempre debemos tener en cuenta que en cada paciente tenemos una familia con una historia de vida y junto a ellos, el trabajo que se hace en equipo con nuestros m\u00e9dicos, enfermeros, kinesi\u00f3logos, fonoaudi\u00f3logos, psic\u00f3logos, personal administrativo y de servicios generales, siempre con la formaci\u00f3n continua, el apoyo mutuo en especial en un servicio que es \u00fanico en la provincia, abocado a ni\u00f1as y ni\u00f1os con situaciones cr\u00edticas de salud que llegan de toda la provincia, e inclusive de Salta\u201d, <\/strong>concluy\u00f3 Bouhid.<\/p>\n\n\n\n<p>A su turno, el director del Hospital Materno Infantil, Marcelo Labarta, resalt\u00f3 que \u201choy es un d\u00eda de mucha alegr\u00eda, tenemos que agradecer al se\u00f1or gobernador, al se\u00f1or ministro porque este nuevo equipamiento suma a la calidad que se brinda a la poblaci\u00f3n juje\u00f1a y facilita much\u00edsimo el funcionamiento del servicio de terapia intensiva\u201d.<\/p>\n","protected":false},"excerpt":{"rendered":"<p>El gobernador de Jujuy, Carlos Sadir, present\u00f3 hoy oficialmente un nuevo ec\u00f3grafo de \u00faltima generaci\u00f3n destinado a los servicios de terapia intensiva e intermedia del Hospital Materno Infantil \u201cDr. H\u00e9ctor Quintana\u201d. Con esta adquisici\u00f3n se potenciar\u00e1n los diagn\u00f3sticos oportunos y tempranos en el nosocomio. El mandatario provincial destac\u00f3 la relevancia de este equipamiento para la [&hellip;]<\/p>\n","protected":false},"author":49,"featured_media":430719,"comment_status":"open","ping_status":"open","sticky":false,"template":"","format":"standard","meta":{"_stopmodifiedupdate":false,"_modified_date":"","inline_featured_image":false,"spay_email":"","jetpack_publicize_message":""},"categories":[2,514],"tags":[],"jetpack_featured_media_url":"https:\/\/notinor.com\/jujuy\/wp-content\/uploads\/2025\/07\/ecografo-hospital-materno-infantil.jpg","jetpack_publicize_connections":[],"_links":{"self":[{"href":"https:\/\/notinor.com\/jujuy\/wp-json\/wp\/v2\/posts\/430718"}],"collection":[{"href":"https:\/\/notinor.com\/jujuy\/wp-json\/wp\/v2\/posts"}],"about":[{"href":"https:\/\/notinor.com\/jujuy\/wp-json\/wp\/v2\/types\/post"}],"author":[{"embeddable":true,"href":"https:\/\/notinor.com\/jujuy\/wp-json\/wp\/v2\/users\/49"}],"replies":[{"embeddable":true,"href":"https:\/\/notinor.com\/jujuy\/wp-json\/wp\/v2\/comments?post=430718"}],"version-history":[{"count":1,"href":"https:\/\/notinor.com\/jujuy\/wp-json\/wp\/v2\/posts\/430718\/revisions"}],"predecessor-version":[{"id":430720,"href":"https:\/\/notinor.com\/jujuy\/wp-json\/wp\/v2\/posts\/430718\/revisions\/430720"}],"wp:featuredmedia":[{"embeddable":true,"href":"https:\/\/notinor.com\/jujuy\/wp-json\/wp\/v2\/media\/430719"}],"wp:attachment":[{"href":"https:\/\/notinor.com\/jujuy\/wp-json\/wp\/v2\/media?parent=430718"}],"wp:term":[{"taxonomy":"category","embeddable":true,"href":"https:\/\/notinor.com\/jujuy\/wp-json\/wp\/v2\/categories?post=430718"},{"taxonomy":"post_tag","embeddable":true,"href":"https:\/\/notinor.com\/jujuy\/wp-json\/wp\/v2\/tags?post=430718"}],"curies":[{"name":"wp","href":"https:\/\/api.w.org\/{rel}","templated":true}]}}