{"id":430714,"date":"2025-07-28T20:26:35","date_gmt":"2025-07-28T23:26:35","guid":{"rendered":"https:\/\/notinor.com\/jujuy\/?p=430714"},"modified":"2025-07-28T20:43:28","modified_gmt":"2025-07-28T23:43:28","slug":"pachamama-el-viernes-1-de-agosto-sera-asueto-provincial-administrativo-y-escolar","status":"publish","type":"post","link":"https:\/\/notinor.com\/jujuy\/pachamama-el-viernes-1-de-agosto-sera-asueto-provincial-administrativo-y-escolar\/","title":{"rendered":"Pachamama: el viernes 1 de agosto ser\u00e1 asueto provincial administrativo y escolar"},"content":{"rendered":"\n<p class=\"has-medium-font-size\"><strong><em>Mediante Decreto N\u00ba 3593, el Gobierno de Jujuy dispuso asueto provincial administrativo y escolar en todos los niveles para el d\u00eda viernes 1 de agosto, jornada de honras y gratitud a la Madre Tierra.<\/em><\/strong><\/p>\n\n\n\n<p><\/p>\n\n\n<div class=\"wp-block-image\">\n<figure class=\"aligncenter size-full\"><img decoding=\"async\" loading=\"lazy\" width=\"800\" height=\"450\" src=\"https:\/\/notinor.com\/jujuy\/wp-content\/uploads\/2023\/07\/pachamama.jpg\" alt=\"\" class=\"wp-image-386585\" srcset=\"https:\/\/notinor.com\/jujuy\/wp-content\/uploads\/2023\/07\/pachamama.jpg 800w, https:\/\/notinor.com\/jujuy\/wp-content\/uploads\/2023\/07\/pachamama-649x365.jpg 649w, https:\/\/notinor.com\/jujuy\/wp-content\/uploads\/2023\/07\/pachamama-500x280.jpg 500w, https:\/\/notinor.com\/jujuy\/wp-content\/uploads\/2023\/07\/pachamama-768x432.jpg 768w, https:\/\/notinor.com\/jujuy\/wp-content\/uploads\/2023\/07\/pachamama-750x422.jpg 750w\" sizes=\"(max-width: 800px) 100vw, 800px\" \/><\/figure><\/div>\n\n\n<p><\/p>\n\n\n\n<p>La ceremonia a la Pachamama constituye un ritual de origen ancestral que forma parte de un sistema de reciprocidad entre el mundo material y el plano espiritual.<\/p>\n\n\n\n<p><strong>Es pol\u00edtica del Gobierno de la Provincia vigorizar el rescate de la cultura ind\u00edgena, acompa\u00f1ando el camino de la reafirmaci\u00f3n de la interculturalidad y la promoci\u00f3n de sus pr\u00e1cticas <\/strong>que se traduzcan en la conservaci\u00f3n del paisaje, el suelo, los ritos, las se\u00f1as y los secretos de crianza.<\/p>\n\n\n\n<p><\/p>\n\n\n<a href=\"https:\/\/notinor.com\/jujuy\/wp-content\/uploads\/2025\/07\/asueto-pachamama.pdf\" class=\"pdfemb-viewer\" style=\"\" data-width=\"max\" data-height=\"max\"  data-toolbar=\"bottom\" data-toolbar-fixed=\"off\">asueto-pachamama<br\/><\/a>\n<p class=\"wp-block-pdfemb-pdf-embedder-viewer\"><\/p>\n","protected":false},"excerpt":{"rendered":"<p>Mediante Decreto N\u00ba 3593, el Gobierno de Jujuy dispuso asueto provincial administrativo y escolar en todos los niveles para el d\u00eda viernes 1 de agosto, jornada de honras y gratitud a la Madre Tierra. La ceremonia a la Pachamama constituye un ritual de origen ancestral que forma parte de un sistema de reciprocidad entre el [&hellip;]<\/p>\n","protected":false},"author":49,"featured_media":386585,"comment_status":"open","ping_status":"open","sticky":false,"template":"","format":"standard","meta":{"_stopmodifiedupdate":false,"_modified_date":"","inline_featured_image":false,"spay_email":"","jetpack_publicize_message":""},"categories":[2,514],"tags":[],"jetpack_featured_media_url":"https:\/\/notinor.com\/jujuy\/wp-content\/uploads\/2023\/07\/pachamama.jpg","jetpack_publicize_connections":[],"_links":{"self":[{"href":"https:\/\/notinor.com\/jujuy\/wp-json\/wp\/v2\/posts\/430714"}],"collection":[{"href":"https:\/\/notinor.com\/jujuy\/wp-json\/wp\/v2\/posts"}],"about":[{"href":"https:\/\/notinor.com\/jujuy\/wp-json\/wp\/v2\/types\/post"}],"author":[{"embeddable":true,"href":"https:\/\/notinor.com\/jujuy\/wp-json\/wp\/v2\/users\/49"}],"replies":[{"embeddable":true,"href":"https:\/\/notinor.com\/jujuy\/wp-json\/wp\/v2\/comments?post=430714"}],"version-history":[{"count":2,"href":"https:\/\/notinor.com\/jujuy\/wp-json\/wp\/v2\/posts\/430714\/revisions"}],"predecessor-version":[{"id":430717,"href":"https:\/\/notinor.com\/jujuy\/wp-json\/wp\/v2\/posts\/430714\/revisions\/430717"}],"wp:featuredmedia":[{"embeddable":true,"href":"https:\/\/notinor.com\/jujuy\/wp-json\/wp\/v2\/media\/386585"}],"wp:attachment":[{"href":"https:\/\/notinor.com\/jujuy\/wp-json\/wp\/v2\/media?parent=430714"}],"wp:term":[{"taxonomy":"category","embeddable":true,"href":"https:\/\/notinor.com\/jujuy\/wp-json\/wp\/v2\/categories?post=430714"},{"taxonomy":"post_tag","embeddable":true,"href":"https:\/\/notinor.com\/jujuy\/wp-json\/wp\/v2\/tags?post=430714"}],"curies":[{"name":"wp","href":"https:\/\/api.w.org\/{rel}","templated":true}]}}