{"id":430711,"date":"2025-07-28T19:58:42","date_gmt":"2025-07-28T22:58:42","guid":{"rendered":"https:\/\/notinor.com\/jujuy\/?p=430711"},"modified":"2025-07-28T19:58:44","modified_gmt":"2025-07-28T22:58:44","slug":"el-viernes-1-de-agosto-inicia-el-cronograma-de-pagos-de-la-administracion-publica","status":"publish","type":"post","link":"https:\/\/notinor.com\/jujuy\/el-viernes-1-de-agosto-inicia-el-cronograma-de-pagos-de-la-administracion-publica\/","title":{"rendered":"El viernes 1 de agosto inicia el cronograma de pagos de la administraci\u00f3n p\u00fablica"},"content":{"rendered":"\n<p class=\"has-medium-font-size\"><strong><em>El Gobierno de la provincia inform\u00f3 que el viernes 1 de agosto empieza el cronograma de pagos de Jujuy correspondiente al mes de julio de 2025.<\/em><\/strong><\/p>\n\n\n\n<p><\/p>\n\n\n<div class=\"wp-block-image\">\n<figure class=\"aligncenter size-full\"><img decoding=\"async\" loading=\"lazy\" width=\"800\" height=\"450\" src=\"https:\/\/notinor.com\/jujuy\/wp-content\/uploads\/2024\/01\/cajero-automatico.jpg\" alt=\"\" class=\"wp-image-401450\" srcset=\"https:\/\/notinor.com\/jujuy\/wp-content\/uploads\/2024\/01\/cajero-automatico.jpg 800w, https:\/\/notinor.com\/jujuy\/wp-content\/uploads\/2024\/01\/cajero-automatico-649x365.jpg 649w, https:\/\/notinor.com\/jujuy\/wp-content\/uploads\/2024\/01\/cajero-automatico-500x280.jpg 500w, https:\/\/notinor.com\/jujuy\/wp-content\/uploads\/2024\/01\/cajero-automatico-768x432.jpg 768w, https:\/\/notinor.com\/jujuy\/wp-content\/uploads\/2024\/01\/cajero-automatico-750x422.jpg 750w\" sizes=\"(max-width: 800px) 100vw, 800px\" \/><\/figure><\/div>\n\n\n<p><\/p>\n\n\n\n<p>El pr\u00f3ximo viernes 1 de agosto comenzar\u00e1 en la provincia de Jujuy el cronograma de pagos correspondiente al mes de julio 2025 para los empleados de la administraci\u00f3n p\u00fablica.<\/p>\n\n\n\n<p class=\"has-medium-font-size\"><strong>V<\/strong><strong>iernes 1 de agosto de 2025<\/strong><\/p>\n\n\n\n<ul>\n<li>Veteranos y ex combatientes de Malvinas<\/li>\n\n\n\n<li>Polic\u00eda de la Provincia<\/li>\n\n\n\n<li>Servicio Penitenciario<\/li>\n\n\n\n<li>Organismos Aut\u00e1rquicos<\/li>\n<\/ul>\n\n\n\n<p class=\"has-medium-font-size\"><strong>S<\/strong><strong>\u00e1bado 2 de agosto de 2025<\/strong><\/p>\n\n\n\n<ul>\n<li>Municipios<\/li>\n\n\n\n<li>Administraci\u00f3n Central<\/li>\n\n\n\n<li>Ministerio de Salud<\/li>\n\n\n\n<li>Ministerio de Desarrollo Humano<\/li>\n<\/ul>\n\n\n\n<p class=\"has-medium-font-size\"><strong>L<\/strong><strong>unes 4 de agosto de 2025<\/strong><\/p>\n\n\n\n<ul>\n<li>Educaci\u00f3n Nivel Inicial y Primario<\/li>\n\n\n\n<li>Educaci\u00f3n Nivel Secundario y Superior<\/li>\n<\/ul>\n\n\n\n<p class=\"has-medium-font-size\"><strong>M<\/strong><strong>artes 5 de agosto de 2025<\/strong><\/p>\n\n\n\n<ul>\n<li>Organismos Descentralizados<\/li>\n\n\n\n<li>Poder Judicial<\/li>\n\n\n\n<li>Poder Legislativo<\/li>\n\n\n\n<li>Auditor\u00eda General<\/li>\n\n\n\n<li>Funcionarios<\/li>\n<\/ul>\n\n\n\n<p><\/p>\n\n\n<div class=\"wp-block-image\">\n<figure class=\"aligncenter size-large\"><img decoding=\"async\" loading=\"lazy\" width=\"384\" height=\"480\" src=\"https:\/\/notinor.com\/jujuy\/wp-content\/uploads\/2025\/07\/cronograma-de-pagos-julio-2025-384x480.webp\" alt=\"\" class=\"wp-image-430712\" srcset=\"https:\/\/notinor.com\/jujuy\/wp-content\/uploads\/2025\/07\/cronograma-de-pagos-julio-2025-384x480.webp 384w, https:\/\/notinor.com\/jujuy\/wp-content\/uploads\/2025\/07\/cronograma-de-pagos-julio-2025-292x365.webp 292w, https:\/\/notinor.com\/jujuy\/wp-content\/uploads\/2025\/07\/cronograma-de-pagos-julio-2025-768x960.webp 768w, https:\/\/notinor.com\/jujuy\/wp-content\/uploads\/2025\/07\/cronograma-de-pagos-julio-2025-750x938.webp 750w, https:\/\/notinor.com\/jujuy\/wp-content\/uploads\/2025\/07\/cronograma-de-pagos-julio-2025.webp 790w\" sizes=\"(max-width: 384px) 100vw, 384px\" \/><\/figure><\/div>","protected":false},"excerpt":{"rendered":"<p>El Gobierno de la provincia inform\u00f3 que el viernes 1 de agosto empieza el cronograma de pagos de Jujuy correspondiente al mes de julio de 2025. El pr\u00f3ximo viernes 1 de agosto comenzar\u00e1 en la provincia de Jujuy el cronograma de pagos correspondiente al mes de julio 2025 para los empleados de la administraci\u00f3n p\u00fablica. [&hellip;]<\/p>\n","protected":false},"author":49,"featured_media":401450,"comment_status":"open","ping_status":"open","sticky":false,"template":"","format":"standard","meta":{"_stopmodifiedupdate":false,"_modified_date":"","inline_featured_image":false,"spay_email":"","jetpack_publicize_message":""},"categories":[2,514],"tags":[],"jetpack_featured_media_url":"https:\/\/notinor.com\/jujuy\/wp-content\/uploads\/2024\/01\/cajero-automatico.jpg","jetpack_publicize_connections":[],"_links":{"self":[{"href":"https:\/\/notinor.com\/jujuy\/wp-json\/wp\/v2\/posts\/430711"}],"collection":[{"href":"https:\/\/notinor.com\/jujuy\/wp-json\/wp\/v2\/posts"}],"about":[{"href":"https:\/\/notinor.com\/jujuy\/wp-json\/wp\/v2\/types\/post"}],"author":[{"embeddable":true,"href":"https:\/\/notinor.com\/jujuy\/wp-json\/wp\/v2\/users\/49"}],"replies":[{"embeddable":true,"href":"https:\/\/notinor.com\/jujuy\/wp-json\/wp\/v2\/comments?post=430711"}],"version-history":[{"count":1,"href":"https:\/\/notinor.com\/jujuy\/wp-json\/wp\/v2\/posts\/430711\/revisions"}],"predecessor-version":[{"id":430713,"href":"https:\/\/notinor.com\/jujuy\/wp-json\/wp\/v2\/posts\/430711\/revisions\/430713"}],"wp:featuredmedia":[{"embeddable":true,"href":"https:\/\/notinor.com\/jujuy\/wp-json\/wp\/v2\/media\/401450"}],"wp:attachment":[{"href":"https:\/\/notinor.com\/jujuy\/wp-json\/wp\/v2\/media?parent=430711"}],"wp:term":[{"taxonomy":"category","embeddable":true,"href":"https:\/\/notinor.com\/jujuy\/wp-json\/wp\/v2\/categories?post=430711"},{"taxonomy":"post_tag","embeddable":true,"href":"https:\/\/notinor.com\/jujuy\/wp-json\/wp\/v2\/tags?post=430711"}],"curies":[{"name":"wp","href":"https:\/\/api.w.org\/{rel}","templated":true}]}}