{"id":430708,"date":"2025-07-28T18:51:56","date_gmt":"2025-07-28T21:51:56","guid":{"rendered":"https:\/\/notinor.com\/jujuy\/?p=430708"},"modified":"2025-07-28T18:51:57","modified_gmt":"2025-07-28T21:51:57","slug":"murio-alejandra-locomotora-oliveras-a-los-47-anos","status":"publish","type":"post","link":"https:\/\/notinor.com\/jujuy\/murio-alejandra-locomotora-oliveras-a-los-47-anos\/","title":{"rendered":"Muri\u00f3 Alejandra \u201cLocomotora\u201d Oliveras a los 47 a\u00f1os"},"content":{"rendered":"\n<p class=\"has-medium-font-size\"><strong><em>La boxeadora fue un s\u00edmbolo de la disciplina en la rama femenina y dej\u00f3 un legado imborrable. Estaba internada en grave estado tras sufrir un ACV isqu\u00e9mico.<\/em><\/strong><\/p>\n\n\n\n<p><\/p>\n\n\n<div class=\"wp-block-image\">\n<figure class=\"aligncenter size-full\"><img decoding=\"async\" loading=\"lazy\" width=\"800\" height=\"450\" src=\"https:\/\/notinor.com\/jujuy\/wp-content\/uploads\/2025\/07\/alejandra-locomotora-oliveras-1.jpg\" alt=\"\" class=\"wp-image-430709\" srcset=\"https:\/\/notinor.com\/jujuy\/wp-content\/uploads\/2025\/07\/alejandra-locomotora-oliveras-1.jpg 800w, https:\/\/notinor.com\/jujuy\/wp-content\/uploads\/2025\/07\/alejandra-locomotora-oliveras-1-649x365.jpg 649w, https:\/\/notinor.com\/jujuy\/wp-content\/uploads\/2025\/07\/alejandra-locomotora-oliveras-1-500x280.jpg 500w, https:\/\/notinor.com\/jujuy\/wp-content\/uploads\/2025\/07\/alejandra-locomotora-oliveras-1-768x432.jpg 768w, https:\/\/notinor.com\/jujuy\/wp-content\/uploads\/2025\/07\/alejandra-locomotora-oliveras-1-750x422.jpg 750w\" sizes=\"(max-width: 800px) 100vw, 800px\" \/><\/figure><\/div>\n\n\n<p><\/p>\n\n\n\n<p><strong>Alejandra Marina Locomotora Oliveras muri\u00f3 este lunes a los 47 a\u00f1os. La ex boxeadora, que estaba internada en estado delicado desde el lunes 14 de julio tras sufrir un accidente cerebrovascular (ACV) isqu\u00e9mico falleci\u00f3 a las 16 Hospital Jos\u00e9 Mar\u00eda Cullen, de la ciudad de Santa Fe.<\/strong><\/p>\n\n\n\n<p>El \u00faltimo parte m\u00e9dico de quien fuera una de las mejores boxeadoras argentinas hab\u00eda consignado que continuaba estable, pero que su estado era \u201creservado\u201d. <strong>\u201cMantiene per\u00edodos de respuesta motora y apertura ocular, tanto espont\u00e1nea como a la orden, como los d\u00edas previos. Debido a esta estabilidad, se contin\u00faa con el proceso de desvinculaci\u00f3n de la asistencia respiratoria mec\u00e1nica, con per\u00edodos m\u00e1s prolongados de respiraci\u00f3n espont\u00e1nea\u201d.<\/strong> El viernes pasado, los m\u00e9dicos le hab\u00edan practicado una traqueotom\u00eda y hab\u00edan consignado \u201calgunos signos de respuesta motora\u201d. Sin embargo, en las \u00faltimas horas su salud se agrav\u00f3.<\/p>\n\n\n\n<p><strong>A lo largo de su carrera, la peleadora juje\u00f1a tuvo un total de 38 combates, en los que registr\u00f3 33 victorias, 16 de ellas por nocaut, sumado a tres derrotas y dos empates, seg\u00fan detall\u00f3 el portal especializado Box Rec. Su primera ca\u00edda fue en el Luna Park contra su compatriota, Marcela La Tigresa Acu\u00f1a, quien le sac\u00f3 el t\u00edtulo del Consejo Mundial de Boxeo (CMB) en 2008 por la categor\u00eda Supergallo<\/strong> en un combate envuelto en pol\u00e9mica: se cay\u00f3 en el quinto round despu\u00e9s de recibir un golpe en la nuca que caratul\u00f3 de \u201cantirreglamentario\u201d y, tras la velada, expres\u00f3 que el jurado le rob\u00f3 el combate. \u201cQuiero recuperar lo m\u00edo frente a ella\u201d, cont\u00f3. Nunca se produjo esa revancha.<\/p>\n\n\n\n<p><strong>Oliveras fue due\u00f1a de seis t\u00edtulos mundiales en cinco categor\u00edas diferentes. El primero de ellos fue el cintur\u00f3n de la CMB en 2006 que perdi\u00f3 con Acu\u00f1a. <\/strong>Desde el d\u00eda que lo obtuvo, solo pens\u00f3 en una cosa. \u201cComenc\u00e9 mi camino para convertirme en la primera boxeadora de la historia en ganar cuatro t\u00edtulos mundiales en todas las categor\u00edas de peso. En 2015, alcanc\u00e9 esa meta y gan\u00e9 el r\u00e9cord mundial Guinness. Cada pelea por el t\u00edtulo termin\u00f3 en nocaut\u201d, escribi\u00f3 en una nota para el portal Orato World. Se compr\u00f3 sus primeros guantes despu\u00e9s de ser campeona mundial. Antes, peleaba con guantes prestados de los sparrings.<\/p>\n\n\n\n<p class=\"has-medium-font-size\"><strong>La pelea entre Locomotora Oliveras y la Tigresa Acu\u00f1a<\/strong><\/p>\n\n\n\n<p>La juje\u00f1a hab\u00eda contado algunos detalles de su infancia antes de subirse al cuadril\u00e1tero: <strong>\u201cYo vengo de una familia muy humilde. Vengo de la miseria, la pobreza y el hambre\u2026 Vengo de no tener zapatillas, de andar en alpargatas, de comer polenta todos los d\u00edas y anhelar un asado. Eso fue lo que me hizo so\u00f1ar con que alg\u00fan d\u00eda lo iba a tener todo. Alg\u00fan d\u00eda iba a tener una casa, un par de zapatillas que iban a ser de color blanco, que de hecho lo fueron\u2026 A m\u00ed me falt\u00f3 todo, pero nunca amor\u201d.<\/strong> \u201cCuando ten\u00eda hambre y me dol\u00eda la panza y la cabeza y no encontraba comida ni siquiera un pedazo de pan duro, mataba palomas para comer\u201d, confes\u00f3. Se fue con su familia a C\u00f3rdoba cuando ten\u00eda un a\u00f1o y, a los 7, empez\u00f3 a trabajar junto a su padre en el campo. Lleg\u00f3 a aprender a manejar un tractor y a palear camiones.<\/p>\n\n\n\n<p>Los logros de toda una vida tambi\u00e9n la catapultaron a ser elegida en una selecta n\u00f3mina: <strong>\u201cEl viernes 9 de febrero (de 2024), los seis cinturones fueron llevados a la Fundaci\u00f3n Eira para su exhibici\u00f3n. Es una fundaci\u00f3n para chicos que salen de las adicciones. All\u00ed me entregaron el premio ya que soy la primera mujer en ingresar al Sal\u00f3n de la Fama del Boxeo Sudamericano. Vinieron desde Caracas a entreg\u00e1rmelo\".<\/strong><\/p>\n\n\n\n<p>En su juventud, la Locomotora fue v\u00edctima de violencia de g\u00e9nero por parte de su -en ese entonces- pareja, pero un hecho marc\u00f3 su vida para siempre: \u201cCuando le peg\u00f3 a nuestro hijo, le dije: \u2018Basta asesino, criminal\u2019. Me golpe\u00f3 fuerte. Y yo dije: \u2018Esta es la \u00faltima vez, me voy a defender\u2019. Me empec\u00e9 a entrenar, pero es psicol\u00f3gico el tema. Es el miedo que no te deja actuar, que te paraliza. Y yo enfrent\u00e9 mi miedo y me defend\u00ed\u201d. <strong>Este momento, sus condiciones de vida y su idolatr\u00eda por Mike Tyson la empujaron a dedicarse profesionalmente al boxeo: \u201cLo eleg\u00ed porque no ten\u00eda otra, no ten\u00eda ni para comer. No pod\u00eda estudiar y quer\u00eda estudiar. Mi sue\u00f1o era ser abogada, bailarina, cantante, karateca y astronauta, eso dec\u00eda que iba a ser a los 12 a\u00f1os. Yo quer\u00eda hacer cinco profesiones y por supuesto no pod\u00eda, porque la universidad me quedaba a 100 kil\u00f3metros\u201d.<\/strong> Fue entrenada por el m\u00edtico Am\u00edlcar Brusa, quien integra el Sal\u00f3n de la Fama del Boxeo Mundial.<\/p>\n\n\n\n<p class=\"has-medium-font-size\"><strong>Locomotora en Random - Su infancia<\/strong><\/p>\n\n\n\n<p>Esas experiencias forjaron un \u00e1nimo indestructible, y la llevaron a dar charlas sobre su vida y mensajes motivacionales a sus seguidores en redes sociales, donde los invitaba a \u201cluchar por sus sue\u00f1os\u201d. Muchas personas comenzaron a pedirle su opini\u00f3n para resolver sus problemas: \u201cMe piden consejos y a todos se los doy desde el coraz\u00f3n\u201d. <strong>Eso la llev\u00f3 a inscribirse en la carrera de psicolog\u00eda brindada por la Universidad de Mor\u00f3n para adoptar herramientas profesionales sobre el asesoramiento a cada persona en este \u00e1mbito. \u201cA m\u00ed me hubiese encantado que me digan \u2018vos pod\u00e9s\u2019. Esto que soy hoy se da porque primero me tuve que motivar a m\u00ed\u201d, se sincer\u00f3.<\/strong><\/p>\n\n\n\n<p>Seg\u00fan hab\u00eda contado en un reportaje con Infobae en 2024, Alejandra Oliveras revel\u00f3 que har\u00eda teatro en 2025 luego de ser contratada por Pardo Producciones e incluso adelant\u00f3 que pondr\u00edan un ring en el escenario. \u201cNo puedo decir nada m\u00e1s\u201d, desliz\u00f3 en aquella oportunidad.<\/p>\n\n\n\n<p>Por otro lado, la mujer se\u00f1al\u00f3 cu\u00e1l era el mayor anhelo de su vida:<strong> \u201cSue\u00f1o con hacer mi pel\u00edcula, la historia de mi vida. Quiero a trav\u00e9s de mi historia ayudar a much\u00edsimas personas que creen que la vida es una mierda o que la vida es para sufrir. Te puede tocar lo peor, pero de vos depende como actuar frente a ello. Y por eso quiero hacer la pel\u00edcula... para ayudar al mundo\u201d.<\/strong><\/p>\n\n\n\n<p>Era hija de Luis y Lola, ten\u00eda siete hermanos y era madre de Alejandro y Alexis, quienes se adaptaron a los tiempos agitados del deporte, seg\u00fan relat\u00f3 la protagonista en una entrevista con Caras: <strong>\u201cHice lo que pude. No hay universidad para mam\u00e1 o pap\u00e1. Los cri\u00e9 sola con mucho esfuerzo. No he estado en fiestas de egreso y cumplea\u00f1os porque me tocaba estar concentrada o peleaba, pero sab\u00edan que yo lo hac\u00eda so\u00f1ando con un futuro mejor. No estuve presente como hubiese querido pero, si no hubiera sido as\u00ed, estar\u00edamos en la miseria\u201d.<\/strong><\/p>\n\n\n\n<p>En charla con Mar\u00eda Laura Santill\u00e1n este a\u00f1o, la Locomotora lanz\u00f3 una de sus reflexiones m\u00e1s profundas: \u201cTenemos dos opciones en la vida: una vida de mierda por tus decisiones o una vida fant\u00e1stica porque luch\u00e1s. El ganador o ganadora es la que nunca se rinde\u201d. <strong>\u201cLa salud no tiene precio. Sos multimillonaria porque ten\u00e9s salud, dos piernas y dos brazos. La gente no valora eso porque se creen inmortales. Cinco minutos antes de morirte, te arrepent\u00eds de todo lo que no hiciste, no disfrutaste, de las decisiones que no tomaste, de haber vivido esta vida dormida\u201d,<\/strong> narr\u00f3.<\/p>\n\n\n\n<p>Por otro lado, tras sufrir el ACV isqu\u00e9mico, se hizo viral en redes sociales un di\u00e1logo mantenido con Alejandro Fantino en el extinto programa Animales Sueltos, que brind\u00f3 despu\u00e9s de la muerte de su padre y en la que profundiz\u00f3 en algunos detalles de su vida, como el deceso de su madre en 2008 producto de un c\u00e1ncer: <strong>\u201cYo aprend\u00ed tanto de la vida, no vine a este mundo al pedo. Me siento tan feliz porque tuve maestros que me ense\u00f1aron a ser fuerte y decir que cada d\u00eda vale la pena. Mi viejo se fue hace dos semanas. No escucho su voz. A m\u00ed tambi\u00e9n me va a tocar. En cualquier momento me puedo morir, ojal\u00e1 llegue a los 75 a\u00f1os. Si vos no disfrut\u00e1s el tecito que est\u00e1s tomando, \u00bfqu\u00e9 sentido tiene la vida? \u00bfC\u00f3mo vas a pensar en el futuro si capaz te dorm\u00eds y mor\u00eds? La gente no lo tiene presente. Te pod\u00e9s morir en un rato. Disfrut\u00e1 el momento.<\/strong> La gente no valora nada, piensa que la plata es lo m\u00e1s importante, pero eso no te hace feliz. La plata no te la ponen en el caj\u00f3n. Disfrut\u00e1 el d\u00eda a d\u00eda. Sent\u00ed la vida. Todo tiene soluci\u00f3n, la muerte no. Es bueno tener problemas, son desaf\u00edos, \u00bfqu\u00e9 hace una persona que no tiene problemas? Depende de vos achicarte ante el problema o ponerle huevo y coraz\u00f3n y solucionarlo\u201d.<\/p>\n\n\n\n<p>Acto seguido, Fantino le pregunt\u00f3 c\u00f3mo lleg\u00f3 a esa conclusi\u00f3n, ella cont\u00f3 que lo hizo cuando lloraba de hambre, y agreg\u00f3: <strong>\u201cDeseaba un helado, miraba a la gente con un helado y se me hac\u00eda agua la boca. No ten\u00eda ni para comprar un chicle. Siempre luch\u00e9. La vida me ense\u00f1\u00f3 que, cuando uno quiere algo, tiene que luchar por eso. Si vos no luch\u00e1s, no tiene sentido la vida\u201d.<\/strong><\/p>\n\n\n\n<p><strong>El mismo d\u00eda de su internaci\u00f3n, Alejandra Oliveras deb\u00eda representar al Frente de la Esperanza en la Convenci\u00f3n Reformadora de la Constituci\u00f3n provincial de Santa Fe, cuyo temario contiene la revisi\u00f3n de 42 art\u00edculos de la Constituci\u00f3n, con foco en la posibilidad de una reelecci\u00f3n del gobernador por un solo mandato consecutivo,<\/strong> la autonom\u00eda plena de municipios y comunas, la modernizaci\u00f3n del sistema legislativo, la ampliaci\u00f3n de derechos constitucionales y la participaci\u00f3n ciudadana a trav\u00e9s de propuestas en l\u00ednea.<\/p>\n","protected":false},"excerpt":{"rendered":"<p>La boxeadora fue un s\u00edmbolo de la disciplina en la rama femenina y dej\u00f3 un legado imborrable. Estaba internada en grave estado tras sufrir un ACV isqu\u00e9mico. Alejandra Marina Locomotora Oliveras muri\u00f3 este lunes a los 47 a\u00f1os. La ex boxeadora, que estaba internada en estado delicado desde el lunes 14 de julio tras sufrir [&hellip;]<\/p>\n","protected":false},"author":49,"featured_media":430709,"comment_status":"open","ping_status":"open","sticky":false,"template":"","format":"standard","meta":{"_stopmodifiedupdate":false,"_modified_date":"","inline_featured_image":false,"spay_email":"","jetpack_publicize_message":""},"categories":[2,7],"tags":[],"jetpack_featured_media_url":"https:\/\/notinor.com\/jujuy\/wp-content\/uploads\/2025\/07\/alejandra-locomotora-oliveras-1.jpg","jetpack_publicize_connections":[],"_links":{"self":[{"href":"https:\/\/notinor.com\/jujuy\/wp-json\/wp\/v2\/posts\/430708"}],"collection":[{"href":"https:\/\/notinor.com\/jujuy\/wp-json\/wp\/v2\/posts"}],"about":[{"href":"https:\/\/notinor.com\/jujuy\/wp-json\/wp\/v2\/types\/post"}],"author":[{"embeddable":true,"href":"https:\/\/notinor.com\/jujuy\/wp-json\/wp\/v2\/users\/49"}],"replies":[{"embeddable":true,"href":"https:\/\/notinor.com\/jujuy\/wp-json\/wp\/v2\/comments?post=430708"}],"version-history":[{"count":1,"href":"https:\/\/notinor.com\/jujuy\/wp-json\/wp\/v2\/posts\/430708\/revisions"}],"predecessor-version":[{"id":430710,"href":"https:\/\/notinor.com\/jujuy\/wp-json\/wp\/v2\/posts\/430708\/revisions\/430710"}],"wp:featuredmedia":[{"embeddable":true,"href":"https:\/\/notinor.com\/jujuy\/wp-json\/wp\/v2\/media\/430709"}],"wp:attachment":[{"href":"https:\/\/notinor.com\/jujuy\/wp-json\/wp\/v2\/media?parent=430708"}],"wp:term":[{"taxonomy":"category","embeddable":true,"href":"https:\/\/notinor.com\/jujuy\/wp-json\/wp\/v2\/categories?post=430708"},{"taxonomy":"post_tag","embeddable":true,"href":"https:\/\/notinor.com\/jujuy\/wp-json\/wp\/v2\/tags?post=430708"}],"curies":[{"name":"wp","href":"https:\/\/api.w.org\/{rel}","templated":true}]}}