{"id":430702,"date":"2025-07-28T13:50:39","date_gmt":"2025-07-28T16:50:39","guid":{"rendered":"https:\/\/notinor.com\/jujuy\/?p=430702"},"modified":"2025-07-28T13:50:51","modified_gmt":"2025-07-28T16:50:51","slug":"quien-gano-el-martin-fierro-de-oro-de-radio","status":"publish","type":"post","link":"https:\/\/notinor.com\/jujuy\/quien-gano-el-martin-fierro-de-oro-de-radio\/","title":{"rendered":"Qui\u00e9n gan\u00f3 el Mart\u00edn Fierro de Oro de Radio"},"content":{"rendered":"\n<p class=\"has-medium-font-size\"><strong><em>Dos programas se llevaron la estatuilla m\u00e1s destacada de la noche, uno de AM y otro de FM; \u00bfqui\u00e9n se llev\u00f3 el Mart\u00edn Fierro de Platino?<\/em><\/strong><\/p>\n\n\n<div class=\"wp-block-image\">\n<figure class=\"aligncenter is-resized\"><img decoding=\"async\" loading=\"lazy\" src=\"https:\/\/www.lanacion.com.ar\/resizer\/v2\/el-programa-de-beto-casella-se-llevo-el-martin-MDZPXAZ7SNDR7J2PYB3DMWRJVE.png?auth=715e46a7238b6b3bc77b65aa0ed0d5fae93d649f5aecd99dd2a469d71a111724&amp;width=420&amp;height=280&amp;quality=70&amp;smart=true\" alt=\"El programa de Beto Casella se llev\u00f3 el Mart\u00edn Fierro de Oro FM\" width=\"612\" height=\"407\"\/><figcaption class=\"wp-element-caption\">El programa de Beto Casella se llev\u00f3 el Mart\u00edn Fierro de Oro FM<\/figcaption><\/figure><\/div>\n\n\n<p>En la noche del domingo 27 de julio se llev\u00f3 a cabo la entrega de los <strong>Premios Mart\u00edn Fierro de Radio 2025<\/strong>. Con la conducci\u00f3n de\u00a0<strong>Pamela David y Luis Novaresio<\/strong>, la gala se transmiti\u00f3 por Am\u00e9rica TV y consisti\u00f3 en 32 categor\u00edas que premiaron lo mejor de la radiofon\u00eda argentina 2024. El galard\u00f3n m\u00e1s codiciado de la noche fue el<strong>\u00a0Mart\u00edn Fierro de Oro<\/strong>, por el cual se destacan los mejores programas del \u00faltimo a\u00f1o.<\/p>\n\n\n\n<p>Como suele ocurrir en este tipo de premiaci\u00f3n, anoche se entregaron&nbsp;<strong>dos Mart\u00edn Fierro de Oro<\/strong>: uno para un programa de radio AM y otro para uno de FM. En el primer caso, el ganador fue&nbsp;<em><strong>Un buen momento<\/strong><\/em>&nbsp;de radio<strong>&nbsp;La Red<\/strong>&nbsp;que es conducido por&nbsp;<strong>Marcelo Palacios<\/strong>. En tanto, el segundo fue entregado a<strong>&nbsp;<\/strong><em><strong>Nadie nos para<\/strong><\/em>, programa de la&nbsp;<strong>Rock and Pop<\/strong>&nbsp;que encabeza&nbsp;<strong>Beto Casella<\/strong>.<\/p>\n\n\n<div class=\"wp-block-image\">\n<figure class=\"aligncenter\"><img decoding=\"async\" src=\"https:\/\/resizer.glanacion.com\/resizer\/v2\/https%3A%2F%2Fcdn.jwplayer.com%2Fv2%2Fmedia%2FFxYk2d7v%2Fposter.jpg%3Fwidth%3D720?auth=85ce70ae78b297988be593e53df69f64de7d5cd6c709a468760c788cccc271c6&amp;width=720&amp;quality=70&amp;smart=false\" alt=\"Nadie nos para gan\u00f3 el Mart\u00edn Fierro de Oro AM\"\/><figcaption class=\"wp-element-caption\">Nadie nos para gan\u00f3 el Mart\u00edn Fierro de Oro AM<\/figcaption><\/figure><\/div>\n\n\n<p>Por otro lado, tambi\u00e9n se entreg\u00f3 un&nbsp;<strong>Mart\u00edn Fierro de Platino<\/strong>, un reconocimiento por el cual se destaca la labor de una emisora, programa o personalidad. La \u00fanica condici\u00f3n para llevarse esta estatuilla es haber ganado el Premio Mart\u00edn Fierro de Oro con anterioridad. En esta ocasi\u00f3n, se le otorg\u00f3 a&nbsp;<strong>Aspen<\/strong>, la emisora FM que pasa m\u00fasica mayormente en ingl\u00e9s de las \u00faltimas d\u00e9cadas. Se trat\u00f3 de una de las sorpresas de la noche, puesto que fue la primera vez que se entreg\u00f3 este tipo de galard\u00f3n para la radio.<\/p>\n\n\n\n<p><strong>La lista completa de los ganadores de los Mart\u00edn Fierro de Radio 2025<\/strong><\/p>\n\n\n\n<p>Adem\u00e1s de los dos Mart\u00edn Fierro de Oro y el de Platino, durante el evento se entregaron<strong>\u00a033 estatuillas<\/strong>, puesto que\u00a0<strong>hubo un empate<\/strong>. A continuaci\u00f3n, estos fueron <strong>todos los ganadores de los Mart\u00edn Fierro de Radio 2025:<\/strong><\/p>\n\n\n\n<ul>\n<li>Mart\u00edn Fierro de Oro AM:&nbsp;<em>Un buen momento<\/em>&nbsp;(La Red)<\/li>\n\n\n\n<li>Mart\u00edn Fierro de Oro FM:&nbsp;<em>Nadie nos para<\/em>&nbsp;(Rock and Pop)<\/li>\n\n\n\n<li>Mart\u00edn Fierro de Platino: Aspen<\/li>\n<\/ul>\n\n\n<div class=\"wp-block-image\">\n<figure class=\"aligncenter size-full\"><img decoding=\"async\" loading=\"lazy\" width=\"550\" height=\"363\" src=\"https:\/\/notinor.com\/jujuy\/wp-content\/uploads\/2025\/07\/GANADORES.jpg\" alt=\"\" class=\"wp-image-430703\"\/><figcaption class=\"wp-element-caption\">Aspen fue el primer ganador del Mart\u00edn Fierro Platino de la Radio<\/figcaption><\/figure><\/div>\n\n\n<ul>\n<li>Mejor labor conducci\u00f3n femenina en AM: Cristina P\u00e9rez,&nbsp;<em>Cristina sin vueltas<\/em>&nbsp;(Radio Rivadavia)<\/li>\n\n\n\n<li>Mejor labor conducci\u00f3n masculina AM: Gustavo L\u00f3pez,&nbsp;<em>L\u00f3pez 910<\/em>&nbsp;(La Red)<\/li>\n\n\n\n<li>Programa period\u00edstico vespertino diario AM:&nbsp;<em>Hola Chiche<\/em>&nbsp;(Radio Del Plata)<\/li>\n\n\n\n<li>Mejor labor period\u00edstica masculina: Gustavo Sylvestre,&nbsp;<em>Ma\u00f1ana Sylvestre<\/em>&nbsp;(Radio 10)<\/li>\n\n\n\n<li>Mejor labor period\u00edstica femenina: Romina Manguel,&nbsp;<em>No dejes para ma\u00f1ana<\/em>&nbsp;(Radio Con Vos)<\/li>\n\n\n\n<li>Labor en musicalizaci\u00f3n: empate entre Juano Sirv\u00e9n (Los 40) y Juli\u00e1n \u201cPento\u201d Etchevarr\u00eda (Rock and Pop \/ Blue)<\/li>\n\n\n\n<li>Mejor programa diario de inter\u00e9s general en FM:&nbsp;<em>Nadie nos para<\/em>&nbsp;(Rock and Pop)<\/li>\n\n\n\n<li>Labor period\u00edstica deportiva: Juan Carlos \u201cToti\u201d Pasman,&nbsp;<em>F\u00fatbol 910<\/em>&nbsp;(La Red)<\/li>\n\n\n\n<li>Mejor labor conducci\u00f3n masculina semanal AM y FM: C\u00e9sar Litvin,&nbsp;<em>El Gato Escaldado<\/em>&nbsp;(AM 750)<\/li>\n\n\n\n<li>Servicio informativo \u2013 panorama internacional:&nbsp;<em>Servicio Informativo<\/em>&nbsp;(CNN Radio)<\/li>\n\n\n\n<li>Mejor labor conducci\u00f3n femenina en FM: Martina Soto Pose,&nbsp;<em>Cl\u00e1sico de cl\u00e1sicos Volumen 2<\/em>&nbsp;(Rock and Pop)<\/li>\n\n\n\n<li>Mejor columnista de espect\u00e1culos: Karina Iav\u00edcoli,&nbsp;<em>Diego a la tarde<\/em>&nbsp;(Radio Mitre)<\/li>\n\n\n\n<li>Servicio informativo:&nbsp;<em>Servicio Informativo Continental<\/em>&nbsp;(Continental)<\/li>\n\n\n\n<li>Mejor labor conducci\u00f3n masculina en FM: Sebasti\u00e1n Wainraich,&nbsp;<em>Vuelta y media<\/em>&nbsp;(Urbana Play)<\/li>\n\n\n\n<li>Columnista pol\u00edtico \/ econ\u00f3mico \/ policial: Ignacio Ortelli,&nbsp;<em>Esta ma\u00f1ana<\/em>&nbsp;(Radio Rivadavia)<\/li>\n\n\n\n<li>Labor locuci\u00f3n masculina: Pablo Bricker (Mega)<\/li>\n\n\n\n<li>Programa cultural\/educativo:&nbsp;<em>El Ojo del Arte<\/em>&nbsp;(Metro)<\/li>\n\n\n\n<li>Programa semanal AM:&nbsp;<em>El Aguante de S\u00e1bado Tempran\u00edsimo<\/em>&nbsp;(Radio Mitre)<\/li>\n\n\n\n<li>Programa period\u00edstico matutino diario FM:&nbsp;<em>De ac\u00e1 en m\u00e1s<\/em>&nbsp;(Urbana Play)<\/li>\n<\/ul>\n\n\n<div class=\"wp-block-image\">\n<figure class=\"aligncenter is-resized\"><img decoding=\"async\" loading=\"lazy\" src=\"https:\/\/resizer.glanacion.com\/resizer\/v2\/el-programa-de-mari-odonnell-gano-el-martin-CHIZZ4AQARF6VPRLMY3SGPCU2E.JPEG?auth=25bd4e89a39f0e70b9357f15152a23cc1dfecf1dab6f94dead641bed35e395b3&amp;width=420&amp;height=279&amp;quality=70&amp;smart=true\" alt=\"El programa de Mar\u00ed O'Donnell gan\u00f3 el Mart\u00edn Fierro por programa period\u00edstico matutino diario FM\" width=\"593\" height=\"393\"\/><figcaption class=\"wp-element-caption\">El programa de Mar\u00ed O'Donnell gan\u00f3 el Mart\u00edn Fierro por programa period\u00edstico matutino diario FMGerardo Viercovich - LA NACION<\/figcaption><\/figure><\/div>\n\n\n<ul>\n<li>Programa musical semanal:&nbsp;<em>Vinos y Vinilos<\/em>&nbsp;(Radio con Vos)<\/li>\n\n\n\n<li>Mejor programa deportivo:&nbsp;<em>Un buen momento<\/em>&nbsp;(La Red)<\/li>\n\n\n\n<li>Programa inter\u00e9s general diario nocturno AM y FM:&nbsp;<em>La venganza ser\u00e1 terrible<\/em>&nbsp;(AM 750)<\/li>\n\n\n\n<li>Movilero: Silvina Brandimarte (La Red)<\/li>\n\n\n\n<li>Labor humor\u00edstica: Flor Alkorta,&nbsp;<em>Mediod\u00eda 750<\/em>&nbsp;(AM 750)<\/li>\n\n\n\n<li>Mejor programa period\u00edstico matutino diario AM:&nbsp;<em>Pan y circo<\/em>&nbsp;(Radio Rivadavia)<\/li>\n\n\n\n<li>Labor locuci\u00f3n femenina: Ail\u00edn Reig (Mucha Radio)<\/li>\n\n\n\n<li>Mejor labor en producci\u00f3n: Karina Labra\u00f1a,&nbsp;<em>Alguien tiene que decirlo<\/em>&nbsp;(Radio Mitre)<\/li>\n\n\n\n<li>Mejor relator deportivo: Gabriel Anello,&nbsp;<em>S\u00faper Mitre deportivo<\/em>&nbsp;(Radio Mitre)<\/li>\n\n\n\n<li>Programa period\u00edstico diario vespertino FM:&nbsp;<em>Pasaron cosas<\/em>&nbsp;(Radio con Vos)<\/li>\n\n\n\n<li>Programa musical:&nbsp;<em>Aspen Night<\/em>&nbsp;(Aspen)<\/li>\n\n\n\n<li>Mejor programa diario de inter\u00e9s general en AM:&nbsp;<em>Basta Baby<\/em>&nbsp;(Radio Rivadavia)<\/li>\n<\/ul>\n\n\n<div class=\"wp-block-image\">\n<figure class=\"aligncenter\"><img decoding=\"async\" src=\"https:\/\/resizer.glanacion.com\/resizer\/v2\/https%3A%2F%2Fcdn.jwplayer.com%2Fv2%2Fmedia%2FTyVhZb2m%2Fposter.jpg%3Fwidth%3D720?auth=a69bbbd4d956f25772bf6fb3a387c10e7695368f65bd9beb46fdff6cc4c6f8ab&amp;width=720&amp;quality=70&amp;smart=false\" alt=\"BABY ETCHECOPAR GAN\u00d3 EL MART\u00cdN FIERRO A MEJOR PROGRAMA DIARIO DE INTERES GENERAL\"\/><figcaption class=\"wp-element-caption\">BABY ETCHECOPAR GAN\u00d3 EL MART\u00cdN FIERRO A MEJOR PROGRAMA DIARIO DE INTERES GENERAL<\/figcaption><\/figure><\/div>\n\n\n<ul>\n<li>Mejor labor en operaci\u00f3n: Marcelo Seminara (Aspen)<\/li>\n<\/ul>\n","protected":false},"excerpt":{"rendered":"<p>Dos programas se llevaron la estatuilla m\u00e1s destacada de la noche, uno de AM y otro de FM; \u00bfqui\u00e9n se llev\u00f3 el Mart\u00edn Fierro de Platino? En la noche del domingo 27 de julio se llev\u00f3 a cabo la entrega de los Premios Mart\u00edn Fierro de Radio 2025. Con la conducci\u00f3n de\u00a0Pamela David y Luis [&hellip;]<\/p>\n","protected":false},"author":5,"featured_media":430704,"comment_status":"open","ping_status":"open","sticky":false,"template":"","format":"standard","meta":{"_stopmodifiedupdate":false,"_modified_date":"","inline_featured_image":false,"spay_email":"","jetpack_publicize_message":""},"categories":[21],"tags":[],"jetpack_featured_media_url":"https:\/\/notinor.com\/jujuy\/wp-content\/uploads\/2025\/07\/BETO.jpg","jetpack_publicize_connections":[],"_links":{"self":[{"href":"https:\/\/notinor.com\/jujuy\/wp-json\/wp\/v2\/posts\/430702"}],"collection":[{"href":"https:\/\/notinor.com\/jujuy\/wp-json\/wp\/v2\/posts"}],"about":[{"href":"https:\/\/notinor.com\/jujuy\/wp-json\/wp\/v2\/types\/post"}],"author":[{"embeddable":true,"href":"https:\/\/notinor.com\/jujuy\/wp-json\/wp\/v2\/users\/5"}],"replies":[{"embeddable":true,"href":"https:\/\/notinor.com\/jujuy\/wp-json\/wp\/v2\/comments?post=430702"}],"version-history":[{"count":2,"href":"https:\/\/notinor.com\/jujuy\/wp-json\/wp\/v2\/posts\/430702\/revisions"}],"predecessor-version":[{"id":430707,"href":"https:\/\/notinor.com\/jujuy\/wp-json\/wp\/v2\/posts\/430702\/revisions\/430707"}],"wp:featuredmedia":[{"embeddable":true,"href":"https:\/\/notinor.com\/jujuy\/wp-json\/wp\/v2\/media\/430704"}],"wp:attachment":[{"href":"https:\/\/notinor.com\/jujuy\/wp-json\/wp\/v2\/media?parent=430702"}],"wp:term":[{"taxonomy":"category","embeddable":true,"href":"https:\/\/notinor.com\/jujuy\/wp-json\/wp\/v2\/categories?post=430702"},{"taxonomy":"post_tag","embeddable":true,"href":"https:\/\/notinor.com\/jujuy\/wp-json\/wp\/v2\/tags?post=430702"}],"curies":[{"name":"wp","href":"https:\/\/api.w.org\/{rel}","templated":true}]}}