{"id":430698,"date":"2025-07-28T13:29:41","date_gmt":"2025-07-28T16:29:41","guid":{"rendered":"https:\/\/notinor.com\/jujuy\/?p=430698"},"modified":"2025-07-28T13:36:52","modified_gmt":"2025-07-28T16:36:52","slug":"avanza-el-caso-del-memorandum-con-iran-contra-cristina-kirchner-el-tribunal-oral-anunciara-la-fecha-del-juicio-despues-de-la-feria","status":"publish","type":"post","link":"https:\/\/notinor.com\/jujuy\/avanza-el-caso-del-memorandum-con-iran-contra-cristina-kirchner-el-tribunal-oral-anunciara-la-fecha-del-juicio-despues-de-la-feria\/","title":{"rendered":"Avanza el caso del memor\u00e1ndum con Ir\u00e1n contra Cristina Kirchner: el tribunal oral anunciar\u00e1 la fecha del juicio despu\u00e9s de la feria"},"content":{"rendered":"\n<p class=\"has-medium-font-size\"><strong><em>Los jueces pidieron m\u00e1s personal para armar un equipo que se dedique al caso; el rol de Estados Unidos<\/em><\/strong>.<\/p>\n\n\n<div class=\"wp-block-image\">\n<figure class=\"aligncenter is-resized\"><img decoding=\"async\" loading=\"lazy\" src=\"https:\/\/www.lanacion.com.ar\/resizer\/v2\/cristina-6VFVNOYCYFGPZFJ3PA3NBNBBV4.JPG?auth=90a84aca5100e73f60f8ea11ba2f1f6d481393854f83a90b029a78cd07c981c5&amp;width=420&amp;height=280&amp;quality=70&amp;smart=true\" alt=\"Cristina Kirchner\" width=\"620\" height=\"410\"\/><figcaption class=\"wp-element-caption\">Cristina Kirchner<\/figcaption><\/figure><\/div>\n\n\n<p>Apenas termine, en una semana, la feria judicial de invierno, se anunciar\u00eda la fecha de un nuevo juicio oral y p\u00fablico contra Cristina Kirchner; esta vez, por la firma del Memor\u00e1ndum con Ir\u00e1n.<\/p>\n\n\n\n<p>Los jueces a cargo de ese proceso son&nbsp;<strong>Andr\u00e9s Basso, Rodrigo Gim\u00e9nez Uriburu y Javier R\u00edos<\/strong>, quienes pidieron a la Corte Suprema de Justicia que les habilite nuevos contratos para poder empezar con el proceso.<\/p>\n\n\n\n<p>Reclamaron sumar nueve empleados, ya hoy hay una sola persona del tribunal oral abocada a la causa, dijeron a&nbsp;<strong>LA NACION&nbsp;<\/strong>en los tribunales. No buscan reforzar el equipo existente, sino armar uno nuevo desde cero.<\/p>\n\n\n\n<p>El juicio oral podr\u00eda comenzar en 2026, se\u00f1alaron fuentes judiciales que dijeron que esperan \u201cpersonal\u201d y \u201cla prueba pedida por las partes\u201d.<\/p>\n\n\n\n<p>La Corte rechaz\u00f3 el 5 de diciembre del a\u00f1o pasado todos los recursos de las defensas y despej\u00f3 el camino para que el juicio oral y p\u00fablico se inicie lo antes posible.<\/p>\n\n\n\n<p>Pasaron siete meses y nada ocurri\u00f3. Primero, porque se discuti\u00f3 la integraci\u00f3n del tribunal, ya que hubo recusaciones y excusaciones; luego, por \u201ccuestiones de agenda\u201d, seg\u00fan se inform\u00f3. \u201cEs una situaci\u00f3n sin precedentes de un tribunal integrado por jueces ajenos [que no son los titulares del tribunal] y sin personal para semejante causa\u201d, se quejaron en Comodoro Py.<\/p>\n\n\n<div class=\"wp-block-image\">\n<figure class=\"aligncenter is-resized\"><img decoding=\"async\" loading=\"lazy\" src=\"https:\/\/resizer.glanacion.com\/resizer\/v2\/peter-lamelas-el-embajador-designado-por-trump-en-55VVCQCWRJF3JOIHCEAGIYRSRI.jpg?auth=ccef824fed3550eb490586764e47b67f1a5fc9eab8d706a66ba97e734538b57e&amp;width=420&amp;height=315&amp;quality=70&amp;smart=true\" alt=\"Peter Lamelas, el embajador designado por Trump en la Argentina, en un evento en Mar-a-Lago\" width=\"623\" height=\"466\"\/><figcaption class=\"wp-element-caption\">Peter Lamelas, el embajador designado por Trump en la Argentina, en un evento en Mar-a-Lago<\/figcaption><\/figure><\/div>\n\n\n<p>En esta causa hay poco que hacer antes del juicio, dijeron funcionarios judiciales que revisaron el caso, porque el tribunal oral que intervino con anterioridad hab\u00eda pr\u00e1cticamente agotado la instrucci\u00f3n complementaria.<\/p>\n\n\n\n<p>Sin embargo, fuentes del caso mencionaron que se est\u00e1 respondiendo a los \u00faltimos pedidos de prueba, admitiendo y rechazando las medidas seg\u00fan el caso.<\/p>\n\n\n\n<p>Y se\u00f1alaron que est\u00e1n reclamando la prueba que a\u00fan no lleg\u00f3; por ejemplo, la autorizaci\u00f3n de Interpol para que declaren dos funcionarios de ese organismo, que fue enviada hace casi un mes y a\u00fan no hay respuesta.<\/p>\n\n\n\n<p><strong>El juicio que cay\u00f3<\/strong><\/p>\n\n\n\n<p>Los jueces del tribunal oral&nbsp;<strong>Gabriela L\u00f3pez I\u00f1\u00edguez, Daniel Obligado y Juan Michilini&nbsp;<\/strong>estaban por llamar a juicio, cuando decidieron sorpresivamente hacer unas audiencias preliminares y, tras escuchar a los defensores, a los querellantes y al fiscal Marcelo Colombo, absolvieron a la expresidenta.<\/p>\n\n\n\n<p>Ese fallo fue recurrido ante la C\u00e1mara de Casaci\u00f3n, que con la firma de los jueces Diego Barroetave\u00f1a y Daniel Petrone revoc\u00f3 la absoluci\u00f3n. El caso lleg\u00f3 hasta la Corte, que dej\u00f3 firme ese fallo y orden\u00f3 hacer un nuevo juicio.<\/p>\n\n\n\n<p>La C\u00e1mara de Casaci\u00f3n indic\u00f3 que la vicepresidenta debe ser juzgada por su presunta participaci\u00f3n para&nbsp;<strong>beneficiar a los sospechosos iran\u00edes pr\u00f3fugos<\/strong>&nbsp;que volaron el edificio de la AMIA en 1994, en un ataque terrorista que dej\u00f3 85 muertos.<\/p>\n\n\n\n<p>Adem\u00e1s de Cristina Kirchner, ser\u00e1n juzgados Eduardo Antonio Zua\u00edn, Carlos Alberto Zannini, Oscar Isidro Parrilli, Angelina Mar\u00eda Esther Abbona, Juan Mart\u00edn Mena, Andr\u00e9s Larroque, Luis \u00c1ngel D\u2019El\u00eda, Fernando Esteche, Jorge Alejandro Khalil y Ram\u00f3n H\u00e9ctor Allan Bogado.<\/p>\n\n\n\n<p>Esta causa se inici\u00f3 por la denuncia del fiscal&nbsp;<strong>Alberto Nisman<\/strong>, que apareci\u00f3 muerto de un tiro en la cabeza en su departamento de Puerto Madero cuatro d\u00edas despu\u00e9s de efectuar esa presentaci\u00f3n.<\/p>\n\n\n\n<p>En el expediente judicial, la AMIA, que es la entidad mutual de la comunidad jud\u00eda, no es querellante en este juicio por la firma del Pacto con Ir\u00e1n, como s\u00ed lo es, en cambio, en la causa en que se investigan a los terroristas que demolieron su edificio de Pasteur 633 desde los cimientos. \u201cNo es un asunto que estemos llevando\u201d, dijeron en la entidad sobre el caso del memor\u00e1ndum.<\/p>\n\n\n\n<p>La DAIA s\u00ed es querellante en este juicio, aunque con muy bajo perfil. Quienes -como acusadores particulares- tuvieron un rol preponderante en el proceso son los familiares Luis Czyzewski Y Mario Averbuch, patrocinados por el abogado Tom\u00e1s Farini Duggan, que empujaron la realizaci\u00f3n de este nuevo juicio.<\/p>\n\n\n\n<p>Pero tambi\u00e9n el proceso tiene una dimensi\u00f3n internacional con el inter\u00e9s de Israel y de los Estados Unidos para que se lleve adelante.<\/p>\n\n\n\n<p>El embajador de Israel en Argentina Eyal Sela dijo a LA NACION: \u201cNo corresponde que yo emita una opini\u00f3n sobre decisiones de la justicia argentina. Lo que s\u00ed puedo decirle, y sin involucrarme en las cuestiones internas del pa\u00eds, es que la lucha contra el terrorismo y sus hist\u00f3ricos promotores (sabe exactamente a qu\u00e9 pa\u00eds me refiero), es un tema que debe preocuparnos y ocuparnos a todos. Pasaron 31 a\u00f1os de AMIA, y aunque su pregunta no lo refiera, no quiero olvidar los 33 desde el atentado la Embajada: los familiares y sobrevivientes, y es m\u00e1s, la sociedad toda merecen que se haga justicia\u201d.<\/p>\n\n\n\n<p>En cambio, sin eufemismos, el designado embajador norteamericano en la Argentina&nbsp;<strong>Peter Lamelas&nbsp;<\/strong>dijo esta semana al Congreso norteamericano (que analiza su postulaci\u00f3n) que iba a llegar a la Argentina para asegurarse \u201cde que Cristina [Kirchner] reciba la justicia que bien merece\u201d.<\/p>\n\n\n\n<p>Tras afirmar que Donald Trump le indic\u00f3 trabajar en apoyo de su \u201camigo\u201d Javier Milei, dijo que Cristina Kirchner, si no fuera expresidenta, probablemente cumplir\u00eda su condena en una prisi\u00f3n y no en su casa.<\/p>\n\n\n\n<p>Y fue mas all\u00e1 cuando la vincul\u00f3 con el encubrimiento del ataque a la AMIA y eventualmente, con la muerte del fiscal Nisman.<\/p>\n\n\n\n<p>\u201cObviamente, que nosotros sepamos, no estuvo involucrada en el bombardeo a la AMIA, pero definitivamente s\u00ed estuvo involucrada de alguna manera en su encubrimiento\u201d dijo Lamelas.<\/p>\n\n\n\n<p>Y agreg\u00f3, cuando se refiri\u00f3 a la muerte de Nisman: \u201cDios sabe si estuvo involucrada en la muerte del fiscal Nisman\u201d.<\/p>\n\n\n\n<p>El kirchnerismo a coro repudi\u00f3 los dichos de Lamelas, presion\u00f3 en el Senado para que no se le de acuerdo y Cristina Kirchner tuite\u00f3: \u201cNotificate que los que verdaderamente mandan en la Argentina de Milei son \u2018Las Fuerzas del Norte\u201d. Y parafraseando la consigna Braden o Per\u00f3n, escribi\u00f3 \u201cArgentina o Lamelas\u201d.<\/p>\n\n\n\n<p>Donald Trump, a diferencia de sus antecesores, ha hecho gala y se enorgullece de interferir en los asuntos judiciales de otros pa\u00edses, cuando sus enemigos son acusados, por ejemplo, Ir\u00e1n, o cuando sus amigos son sometidos a la justicia, como en el caso de Jair Bolsonaro.<\/p>\n\n\n\n<p>Por ejemplo, el Departamento de Estado anunci\u00f3 restricciones de visa para el juez de la Corte Suprema de Brasil, Alexandre de Moraes, y un n\u00famero no especificado de otros funcionarios judiciales, acus\u00e1ndolos de llevar a cabo una \u201ccaza de brujas pol\u00edtica\u201d contra el expresidente Bolsonaro.<\/p>\n\n\n\n<p>\u201cTrump dej\u00f3 claro que su administraci\u00f3n exigir\u00e1 responsabilidades a los extranjeros responsables de la censura de la libertad de expresi\u00f3n en Estados Unidos\u201d, dijo.<\/p>\n\n\n\n<p>Y agreg\u00f3 que \u201cla cacer\u00eda pol\u00edtica del juez Alexandre de Moraes, del Tribunal Supremo Federal de Brasil, contra Jair Bolsonaro cre\u00f3 un complejo de persecuci\u00f3n y censura tan amplio que no solo viola los derechos fundamentales de los brasile\u00f1os, sino que tambi\u00e9n se extiende m\u00e1s all\u00e1 de las fronteras de Brasil y afecta a los norteamericanos\u201d.<\/p>\n\n\n\n<p>\u201cPor lo tanto, he ordenado la revocaci\u00f3n de visas para Moraes y sus aliados en la corte, as\u00ed como para sus familiares directos, con efecto inmediato\u201d, se\u00f1al\u00f3 Rubio, por indicaci\u00f3n de Trump.<\/p>\n","protected":false},"excerpt":{"rendered":"<p>Los jueces pidieron m\u00e1s personal para armar un equipo que se dedique al caso; el rol de Estados Unidos. Apenas termine, en una semana, la feria judicial de invierno, se anunciar\u00eda la fecha de un nuevo juicio oral y p\u00fablico contra Cristina Kirchner; esta vez, por la firma del Memor\u00e1ndum con Ir\u00e1n. Los jueces a [&hellip;]<\/p>\n","protected":false},"author":5,"featured_media":430699,"comment_status":"open","ping_status":"open","sticky":false,"template":"","format":"standard","meta":{"_stopmodifiedupdate":false,"_modified_date":"","inline_featured_image":false,"spay_email":"","jetpack_publicize_message":""},"categories":[5],"tags":[],"jetpack_featured_media_url":"https:\/\/notinor.com\/jujuy\/wp-content\/uploads\/2025\/07\/CHORRRA.jpg","jetpack_publicize_connections":[],"_links":{"self":[{"href":"https:\/\/notinor.com\/jujuy\/wp-json\/wp\/v2\/posts\/430698"}],"collection":[{"href":"https:\/\/notinor.com\/jujuy\/wp-json\/wp\/v2\/posts"}],"about":[{"href":"https:\/\/notinor.com\/jujuy\/wp-json\/wp\/v2\/types\/post"}],"author":[{"embeddable":true,"href":"https:\/\/notinor.com\/jujuy\/wp-json\/wp\/v2\/users\/5"}],"replies":[{"embeddable":true,"href":"https:\/\/notinor.com\/jujuy\/wp-json\/wp\/v2\/comments?post=430698"}],"version-history":[{"count":2,"href":"https:\/\/notinor.com\/jujuy\/wp-json\/wp\/v2\/posts\/430698\/revisions"}],"predecessor-version":[{"id":430701,"href":"https:\/\/notinor.com\/jujuy\/wp-json\/wp\/v2\/posts\/430698\/revisions\/430701"}],"wp:featuredmedia":[{"embeddable":true,"href":"https:\/\/notinor.com\/jujuy\/wp-json\/wp\/v2\/media\/430699"}],"wp:attachment":[{"href":"https:\/\/notinor.com\/jujuy\/wp-json\/wp\/v2\/media?parent=430698"}],"wp:term":[{"taxonomy":"category","embeddable":true,"href":"https:\/\/notinor.com\/jujuy\/wp-json\/wp\/v2\/categories?post=430698"},{"taxonomy":"post_tag","embeddable":true,"href":"https:\/\/notinor.com\/jujuy\/wp-json\/wp\/v2\/tags?post=430698"}],"curies":[{"name":"wp","href":"https:\/\/api.w.org\/{rel}","templated":true}]}}