{"id":430689,"date":"2025-07-28T11:11:17","date_gmt":"2025-07-28T14:11:17","guid":{"rendered":"https:\/\/notinor.com\/jujuy\/?p=430689"},"modified":"2025-07-28T11:11:19","modified_gmt":"2025-07-28T14:11:19","slug":"puede-mover-la-mano-y-abre-los-ojos-el-alentador-testimonio-del-hijo-de-la-locomotora-oliveras","status":"publish","type":"post","link":"https:\/\/notinor.com\/jujuy\/puede-mover-la-mano-y-abre-los-ojos-el-alentador-testimonio-del-hijo-de-la-locomotora-oliveras\/","title":{"rendered":"\u201cPuede mover la mano y abre los ojos\u201d: el alentador testimonio del hijo de la \u201cLocomotora\u201d Oliveras"},"content":{"rendered":"\n<p class=\"has-medium-font-size\"><strong><em>Alexis Scotto se habl\u00f3 sobre el estado de salud de la exboxeadora. \u201cHay una mejor\u00eda\u201d, asegur\u00f3.<\/em><\/strong><\/p>\n\n\n<div class=\"wp-block-image\">\n<figure class=\"aligncenter size-full\"><img decoding=\"async\" loading=\"lazy\" width=\"750\" height=\"456\" src=\"https:\/\/notinor.com\/jujuy\/wp-content\/uploads\/2025\/07\/LOCOMOTORA-2.jpg\" alt=\"\" class=\"wp-image-430690\" srcset=\"https:\/\/notinor.com\/jujuy\/wp-content\/uploads\/2025\/07\/LOCOMOTORA-2.jpg 750w, https:\/\/notinor.com\/jujuy\/wp-content\/uploads\/2025\/07\/LOCOMOTORA-2-600x365.jpg 600w\" sizes=\"(max-width: 750px) 100vw, 750px\" \/><figcaption class=\"wp-element-caption\">Alexis Scotto, uno de los hijos de la exboxeadora, comparti\u00f3 un alentador parte sobre su estado de salud<\/figcaption><\/figure><\/div>\n\n\n<p><strong>Alejandra \u201cLocomotora\u201d Oliveras<\/strong> se encuentra internada desde hace 14 d\u00edas por un ACV isqu\u00e9mico.\u00a0<strong>Alexis Scotto<\/strong>, uno de sus hijos, comparti\u00f3 un alentador parte sobre su estado de salud.<\/p>\n\n\n\n<p>\u201cHay una mejor\u00eda, estamos muy contentos por estas buenas noticias.&nbsp;<strong>Los m\u00e9dicos dicen que est\u00e1 mejorando, que est\u00e1 estable, que respira por s\u00ed sola la mayor parte del d\u00eda<\/strong>\u201d, explic\u00f3 en di\u00e1logo con&nbsp;<em>El Trece<\/em>.<\/p>\n\n\n\n<p>En ese sentido, agreg\u00f3: \u201c<strong>Responde a indicaciones, abre los ojos, puede mover la mano. Son signos muy buenos<\/strong>\u201d.<\/p>\n\n\n\n<p>Aunque a\u00fan no est\u00e1 claro si logra identificar qui\u00e9n le habla, es capaz de comprender lo que se le dice.&nbsp;<strong>\u201cEso es un avance grand\u00edsimo<\/strong>\u201d, cerr\u00f3 Alexis.<\/p>\n\n\n<div class=\"wp-block-image\">\n<figure class=\"aligncenter\"><img decoding=\"async\" src=\"https:\/\/tn.com.ar\/resizer\/v2\/la-exboxeadora-esta-internada-desde-el-14-de-julio-foto-xlocomotoraok-KEHGC77G6JE7XABA2NAPYREQLE.jpg?auth=58f1689f6274ac8a3cb68515ac369372384c4f334f9763b6444e5593a11914a4&amp;width=767\" alt=\"La exboxeadora est\u00e1 internada desde el 14 de julio (Foto: X@locomotoraok).\"\/><figcaption class=\"wp-element-caption\">La exboxeadora est\u00e1 internada desde el 14 de julio<\/figcaption><\/figure><\/div>\n\n\n<p><strong>El \u00faltimo parte m\u00e9dico de Alejandra \u201cLocomotora\u201d Oliveras: qu\u00e9 se sabe<\/strong><\/p>\n\n\n\n<p>Este domingo se conoci\u00f3 un nuevo parte de su estado de salud y los m\u00e9dicos confirmaron que&nbsp;<strong>cada vez pasa menos tiempo con el respirador<\/strong>.<\/p>\n\n\n\n<p>La juje\u00f1a de 47 a\u00f1os permanece estable y, tal como se hab\u00eda comunicado el s\u00e1bado,&nbsp;<strong>tiene respuestas en cuanto a la movilidad y logra abrir los ojos.<\/strong><\/p>\n\n\n\n<p>Por esto, los m\u00e9dicos decidieron sacarle paulatinamente el respirador y este domingo destacaron que&nbsp;<strong>tiene \u201cper\u00edodos m\u00e1s prolongados de respiraci\u00f3n espont\u00e1nea\u201d.<\/strong><\/p>\n\n\n\n<p>A pesar de estos avances,&nbsp;<strong>Oliveras sigue en terapia intensiva y su pron\u00f3stico contin\u00faa siendo \u201creservado\u201d<\/strong>, de acuerdo al parte firmado por el doctor Bruno Moroni, director del hospital Jos\u00e9 Mar\u00eda Cullen.<\/p>\n","protected":false},"excerpt":{"rendered":"<p>Alexis Scotto se habl\u00f3 sobre el estado de salud de la exboxeadora. \u201cHay una mejor\u00eda\u201d, asegur\u00f3. Alejandra \u201cLocomotora\u201d Oliveras se encuentra internada desde hace 14 d\u00edas por un ACV isqu\u00e9mico.\u00a0Alexis Scotto, uno de sus hijos, comparti\u00f3 un alentador parte sobre su estado de salud. \u201cHay una mejor\u00eda, estamos muy contentos por estas buenas noticias.&nbsp;Los m\u00e9dicos [&hellip;]<\/p>\n","protected":false},"author":5,"featured_media":430690,"comment_status":"open","ping_status":"open","sticky":false,"template":"","format":"standard","meta":{"_stopmodifiedupdate":false,"_modified_date":"","inline_featured_image":false,"spay_email":"","jetpack_publicize_message":""},"categories":[21],"tags":[],"jetpack_featured_media_url":"https:\/\/notinor.com\/jujuy\/wp-content\/uploads\/2025\/07\/LOCOMOTORA-2.jpg","jetpack_publicize_connections":[],"_links":{"self":[{"href":"https:\/\/notinor.com\/jujuy\/wp-json\/wp\/v2\/posts\/430689"}],"collection":[{"href":"https:\/\/notinor.com\/jujuy\/wp-json\/wp\/v2\/posts"}],"about":[{"href":"https:\/\/notinor.com\/jujuy\/wp-json\/wp\/v2\/types\/post"}],"author":[{"embeddable":true,"href":"https:\/\/notinor.com\/jujuy\/wp-json\/wp\/v2\/users\/5"}],"replies":[{"embeddable":true,"href":"https:\/\/notinor.com\/jujuy\/wp-json\/wp\/v2\/comments?post=430689"}],"version-history":[{"count":1,"href":"https:\/\/notinor.com\/jujuy\/wp-json\/wp\/v2\/posts\/430689\/revisions"}],"predecessor-version":[{"id":430691,"href":"https:\/\/notinor.com\/jujuy\/wp-json\/wp\/v2\/posts\/430689\/revisions\/430691"}],"wp:featuredmedia":[{"embeddable":true,"href":"https:\/\/notinor.com\/jujuy\/wp-json\/wp\/v2\/media\/430690"}],"wp:attachment":[{"href":"https:\/\/notinor.com\/jujuy\/wp-json\/wp\/v2\/media?parent=430689"}],"wp:term":[{"taxonomy":"category","embeddable":true,"href":"https:\/\/notinor.com\/jujuy\/wp-json\/wp\/v2\/categories?post=430689"},{"taxonomy":"post_tag","embeddable":true,"href":"https:\/\/notinor.com\/jujuy\/wp-json\/wp\/v2\/tags?post=430689"}],"curies":[{"name":"wp","href":"https:\/\/api.w.org\/{rel}","templated":true}]}}