{"id":430484,"date":"2025-07-24T13:29:23","date_gmt":"2025-07-24T16:29:23","guid":{"rendered":"https:\/\/notinor.com\/jujuy\/?p=430484"},"modified":"2025-07-24T13:29:25","modified_gmt":"2025-07-24T16:29:25","slug":"caputo-en-la-rural-siempre-dijimos-que-queremos-sacar-las-retenciones-que-tanto-dano-han-hecho-al-campo","status":"publish","type":"post","link":"https:\/\/notinor.com\/jujuy\/caputo-en-la-rural-siempre-dijimos-que-queremos-sacar-las-retenciones-que-tanto-dano-han-hecho-al-campo\/","title":{"rendered":"Caputo en la Rural: \u201cSiempre dijimos que queremos sacar las retenciones que tanto da\u00f1o han hecho al campo\u201d"},"content":{"rendered":"\n<p class=\"has-medium-font-size\"><strong><em>El ministro de Econom\u00eda se reuni\u00f3 con la Sociedad Rural en medio de la expectativa por una medida sobre derechos de exportaci\u00f3n, aunque asegur\u00f3 que los anuncios los har\u00e1 el s\u00e1bado el presidente Javier Milei. Qu\u00e9 dijo sobre la negociaci\u00f3n con el FMI y el d\u00f3lar.<\/em><\/strong><\/p>\n\n\n\n<p class=\"has-text-align-center\">       <img decoding=\"async\" loading=\"lazy\" height=\"533\" width=\"800\" src=\"https:\/\/www.infobae.com\/resizer\/v2\/O4NCVYAGJRFENNFEJ54QALYXMI.jpg?auth=52a6e585a0e81231a6eaaaf806034f67f71392699c6e1c41274750b410f70bb5&amp;smart=true&amp;width=350&amp;height=233&amp;quality=85\" alt=\"Luis Caputo se reuni\u00f3 con\">Luis Caputo se reuni\u00f3 con Nicol\u00e1s Pino en el marco de la Exposici\u00f3n Rural <\/p>\n\n\n\n<p>El ministro de Econom\u00eda,\u00a0<strong>Luis Caputo<\/strong>, se reuni\u00f3 este jueves con la conducci\u00f3n de la Sociedad Rural horas despu\u00e9s de que trascendiera que el Gobierno eval\u00faa una medida relacionada a las retenciones, que ser\u00eda anunciada este s\u00e1bado por el presidente\u00a0<strong>Javier Milei<\/strong>\u00a0en el acto de inauguraci\u00f3n. El funcionario evit\u00f3 anticipar cu\u00e1l ser\u00e1 la decisi\u00f3n sobre derechos de exportaci\u00f3n, mencion\u00f3 que la negociaci\u00f3n con el FMI por la primera revisi\u00f3n sigue abierta y desestim\u00f3 el <strong>informe del organismo<\/strong> sobre la escasez de reservas.<\/p>\n\n\n\n<p>El jefe del Palacio de Hacienda lleg\u00f3 antes del mediod\u00eda el predio de la Rural donde se lleva adelante la 137\u00b0 Exposici\u00f3n, anticip\u00f3 que el Gobierno nacional considera como prioritario al&nbsp;<strong>sector agropecuario<\/strong>&nbsp;como una prioridad y reconoci\u00f3 que el peso impositivo que afecta la producci\u00f3n de granos es alta. Durante media hora, Caputo mantuvo un almuerzo con&nbsp;<strong>Nicol\u00e1s Pino<\/strong>, presidente de la entidad, en la que el directivo repas\u00f3 cu\u00e1les son los pedidos del sector al Gobierno adem\u00e1s de la cuesti\u00f3n tributaria, entre ellos, la infraestructura y los costos de producci\u00f3n.<\/p>\n\n\n\n<p>Caputo lleg\u00f3 al necunetro acompa\u00f1ado por el secretario de Agricultura&nbsp;<strong>Sergio Iraeta<\/strong>, el de Hacienda<strong>&nbsp;Carlos Guberman<\/strong>, el de Finanzas<strong>&nbsp;Pablo Quirno<\/strong>, el de Comercio&nbsp;<strong>Pablo Lavigne<\/strong>&nbsp;y el titular de ARCA&nbsp;<strong>Juan Pazo<\/strong>. \u201cEstamos a la expectativa de lo que pueda decir el presidente el s\u00e1bado\u201d, declar\u00f3 Caputo antes de entrar al encuentro. El ministro sostuvo que \u201csiempre el campo responde y tratamos de mostrarle que nosotros tambi\u00e9n\u201d. Frente a los rumores sobre posibles anuncios, Caputo advirti\u00f3: \u201cNo quiero spoilear nada porque el presidente va a hacer los anuncios\u201d.<\/p>\n\n\n\n<p>Caputo remarc\u00f3 que&nbsp;<strong>el campo es una prioridad para este gobierno<\/strong>&nbsp;y reiter\u00f3: \u201cSiempre dijimos que queremos sacar las retenciones que tanto da\u00f1o han hecho al campo\u201d. A la salida del encuentro, describi\u00f3 lo sucedido y destac\u00f3: \u201cEs otro sector con el que intercambiamos mucho, mucho di\u00e1logo. Cuando ten\u00e9s mucho di\u00e1logo con un sector, las cosas funcionan m\u00e1s porque hay buena intenci\u00f3n de ambos lados. As\u00ed que la verdad que ha sido una reuni\u00f3n muy buena\u201d.<\/p>\n\n\n\n<p>Frente a sus interlocutores, Caputo opt\u00f3 por no anticipar el contenido de los anuncios previstos para el s\u00e1bado y reafirm\u00f3 el lugar central que el presidente dar\u00e1 al tema: \u201cNo, no adelant\u00e9 ninguna medida porque como digo, esas son las cosas que va a anunciar el presidente, y ellos saben perfectamente que as\u00ed va a ser. As\u00ed que tampoco han preguntado despu\u00e9s por ninguna medida espec\u00edfica\u201d.<\/p>\n\n\n\n<p>Entre los ejes de la conversaci\u00f3n, surgi\u00f3 la consulta por posibles efectos de las pol\u00edticas implementadas sobre la reducci\u00f3n de retenciones aplicadas a la carne durante el a\u00f1o pasado. Al respecto, Caputo consider\u00f3: \u201cS\u00ed, por supuesto que tuvieron efecto. Todo lo que son esas se\u00f1ales de que nosotros podamos darle al campo, para ellos son se\u00f1ales que ratifican el rumbo que nosotros les hemos prometido. Nosotros les hemos prometido que vamos a terminar con las retenciones y dem\u00e1s. Entonces, toda se\u00f1al que uno pueda dar en ese sentido, a ellos les ratifica ese rumbo y el campo reacciona en consecuencia.\u201d<\/p>\n\n\n\n<p>El ministro atribuy\u00f3 la reacci\u00f3n del agro a las se\u00f1ales gubernamentales: \u201cTodo lo que son esas se\u00f1ales de que nosotros podamos darle al campo, para ellos son se\u00f1ales que ratifican el rumbo que nosotros les hemos prometido\u201d. Subray\u00f3 que el ejecutivo afirma reiteradamente su objetivo: \u201cSiempre dijimos que queremos sacar las retenciones que tanto da\u00f1o han hecho al campo\u201d. En medio de un clima de expectativas por la inminente presencia del presidente en el predio ruralista, Caputo evit\u00f3 anticipar detalles: \u201cNo quiero spoilear nada porque el presidente va a hacer los anuncios\u201d.<\/p>\n\n\n\n<p><strong>C\u00f3mo sigue la negociaci\u00f3n con el FMI<\/strong><\/p>\n\n\n\n<p>Por otra parte, consultado sobre el estado de las conversaciones con el Fondo Monetario, Caputo asever\u00f3: \u201cLa relaci\u00f3n es en diez puntos. Estamos terminando las negociaciones. Est\u00e1n saliendo excelente para el pa\u00eds\u201d Caputo deslig\u00f3 el tema del d\u00f3lar de los ejes del encuentro y sostuvo: \u201cEl d\u00f3lar est\u00e1 muy, muy tranquilo y flota. Bajar\u00e1 o subir\u00e1\u201d.<\/p>\n\n\n\n<p>Sobre el di\u00e1logo con el Fondo, y consultado respecto a si exist\u00eda preocupaci\u00f3n por las reservas, a partir del informe sobre el secto externo en el que el organismo pronunci\u00f3 advertencias sobre un bajo nivel de reservas, Caputo respondi\u00f3: \u201cNo es lo que dice el Fondo, es un informe de alguien (sic), pero no. Con el Fondo no tenemos ning\u00fan problema. Nosotros, por supuesto que trabajamos para reconstruir el nivel de reservas\u201d.<\/p>\n\n\n\n<p>El funcionario puntualiz\u00f3 sobre el panorama financiero: \u201cYa hoy ten\u00e9s el Banco Central m\u00e1s capitalizado. Mejor capitalizado que nunca, porque entiendan que el balance del Banco Central no es solo la parte de los activos, sino tambi\u00e9n los pasivos. Y hoy es la primera vez que Argentina tiene un Banco Central con activos que sobre respaldan el nivel de pasivos que tiene, cosa que Argentina no vio nunca\u201d.<\/p>\n\n\n\n<p>Caputo, adem\u00e1s, enfatiz\u00f3 la gesti\u00f3n ortodoxa y la estabilidad alcanzada: \u201cAdem\u00e1s, dentro de un marco de una situaci\u00f3n econ\u00f3mica mucho m\u00e1s estable y mucho m\u00e1s ortodoxa. Hoy tenemos super\u00e1vit fiscal, hoy no hay emisi\u00f3n monetaria, tenemos un banco central capitalizado, inflaci\u00f3n bajando, reduciendo impuestos y los sectores, todo eso lo valoran porque da mucha m\u00e1s planificaci\u00f3n\u201d.<\/p>\n","protected":false},"excerpt":{"rendered":"<p>El ministro de Econom\u00eda se reuni\u00f3 con la Sociedad Rural en medio de la expectativa por una medida sobre derechos de exportaci\u00f3n, aunque asegur\u00f3 que los anuncios los har\u00e1 el s\u00e1bado el presidente Javier Milei. Qu\u00e9 dijo sobre la negociaci\u00f3n con el FMI y el d\u00f3lar. Luis Caputo se reuni\u00f3 con Nicol\u00e1s Pino en el [&hellip;]<\/p>\n","protected":false},"author":5,"featured_media":430485,"comment_status":"open","ping_status":"open","sticky":false,"template":"","format":"standard","meta":{"_stopmodifiedupdate":false,"_modified_date":"","inline_featured_image":false,"spay_email":"","jetpack_publicize_message":""},"categories":[2542],"tags":[],"jetpack_featured_media_url":"https:\/\/notinor.com\/jujuy\/wp-content\/uploads\/2025\/07\/CAPUTTO.jpg","jetpack_publicize_connections":[],"_links":{"self":[{"href":"https:\/\/notinor.com\/jujuy\/wp-json\/wp\/v2\/posts\/430484"}],"collection":[{"href":"https:\/\/notinor.com\/jujuy\/wp-json\/wp\/v2\/posts"}],"about":[{"href":"https:\/\/notinor.com\/jujuy\/wp-json\/wp\/v2\/types\/post"}],"author":[{"embeddable":true,"href":"https:\/\/notinor.com\/jujuy\/wp-json\/wp\/v2\/users\/5"}],"replies":[{"embeddable":true,"href":"https:\/\/notinor.com\/jujuy\/wp-json\/wp\/v2\/comments?post=430484"}],"version-history":[{"count":1,"href":"https:\/\/notinor.com\/jujuy\/wp-json\/wp\/v2\/posts\/430484\/revisions"}],"predecessor-version":[{"id":430486,"href":"https:\/\/notinor.com\/jujuy\/wp-json\/wp\/v2\/posts\/430484\/revisions\/430486"}],"wp:featuredmedia":[{"embeddable":true,"href":"https:\/\/notinor.com\/jujuy\/wp-json\/wp\/v2\/media\/430485"}],"wp:attachment":[{"href":"https:\/\/notinor.com\/jujuy\/wp-json\/wp\/v2\/media?parent=430484"}],"wp:term":[{"taxonomy":"category","embeddable":true,"href":"https:\/\/notinor.com\/jujuy\/wp-json\/wp\/v2\/categories?post=430484"},{"taxonomy":"post_tag","embeddable":true,"href":"https:\/\/notinor.com\/jujuy\/wp-json\/wp\/v2\/tags?post=430484"}],"curies":[{"name":"wp","href":"https:\/\/api.w.org\/{rel}","templated":true}]}}