{"id":430449,"date":"2025-07-23T21:02:00","date_gmt":"2025-07-24T00:02:00","guid":{"rendered":"https:\/\/notinor.com\/jujuy\/?p=430449"},"modified":"2025-07-23T09:02:43","modified_gmt":"2025-07-23T09:02:43","slug":"el-municipio-invita-al-gran-festejo-por-el-dia-del-nino-en-el-parque-san-martin","status":"publish","type":"post","link":"https:\/\/notinor.com\/jujuy\/el-municipio-invita-al-gran-festejo-por-el-dia-del-nino-en-el-parque-san-martin\/","title":{"rendered":"El Municipio invita al gran festejo por el D\u00eda del Ni\u00f1o en el\u00a0Parque San Mart\u00edn"},"content":{"rendered":"\n<p class=\"has-medium-font-size\">T<strong><em>odas las familias de la ciudad podr\u00e1n participar del gran festejo por el D\u00eda del Ni\u00f1o que se llevar\u00e1 a cabo el pr\u00f3ximo domingo 10 de agosto, de 10 a 14 horas, en el Centro Deportivo Municipal N\u00b01, ubicado en la punta Parque San Mart\u00edn. La jornada ser\u00e1 gratuita, abierta a todo el p\u00fablico y contar\u00e1 con m\u00faltiples actividades recreativas, sorteos, espect\u00e1culos y regalos para los ni\u00f1os y ni\u00f1as.<\/em><\/strong><\/p>\n\n\n<div class=\"wp-block-image\">\n<figure class=\"aligncenter\"><img decoding=\"async\" src=\"https:\/\/www.sansalvadordejujuy.gob.ar\/wp-content\/uploads\/2025\/07\/anuncio-dia-del-nino-1024x502.jpg\" alt=\"\" class=\"wp-image-90670\"\/><\/figure><\/div>\n\n\n<p>Al respecto, el intendente Ra\u00fal \u201cChuli\u201d Jorge destac\u00f3, \u201ces un evento masivo que vamos a trabajar con el \u00e1rea de Desarrollo Humanoy donde vamos a tratar de generar m\u00faltiples actividades para que sea el atractivo de los ni\u00f1os, las ni\u00f1as y sus familias. El d\u00eda 10 de agosto a la ma\u00f1ana, el parque San Mart\u00edn va a estar colmado de actividades para la recreaci\u00f3n y para que tengamos un d\u00eda para celebrar a las ni\u00f1eces que de alguna manera van generando en los distintos barrios la necesidad de poner en foco a ese d\u00eda tan especial para ellos\u201d.<\/p>\n\n\n\n<p>Por su parte, el secretario de Desarrollo Humano, Rodrigo Altea, explic\u00f3, \u201ctenemos el mes de la infancia que vamos a estar transcurriendo durante agosto, esto nos convoc\u00f3 a trav\u00e9s de todas las \u00e1reas descentralizadas, a estar desarrollando durante todos los s\u00e1bados de agosto en los distintos barrios, eventos para que los ni\u00f1os vayan, se diviertan con pelotero, con equipamiento, con juegos, a trav\u00e9s de los multiespacios del municipio\u201d.<\/p>\n\n\n<div class=\"wp-block-image\">\n<figure class=\"aligncenter\"><img decoding=\"async\" src=\"https:\/\/www.sansalvadordejujuy.gob.ar\/wp-content\/uploads\/2025\/07\/anuncio-dia-del-nino2-1024x680.jpg\" alt=\"\" class=\"wp-image-90669\"\/><\/figure><\/div>\n\n\n<p>Adem\u00e1s, anticip\u00f3 las actividades programadas para el evento central, \u201cvamos a tener la agenda actualizada en la p\u00e1gina del municipio, y particularmente el 10 de agosto, el D\u00eda de las Infancias, vamos festejar con barriletes, bolillas, trompos, carreras de bicicleta, carreras de embolsado y distintos juegos a todos los ni\u00f1os y ni\u00f1as de la ciudad que quieran acercarse el domingo durante la ma\u00f1ana\u201d.<\/p>\n\n\n\n<p>Por \u00faltimo, Altea Record\u00f3 que \u201ca partir de la semana que viene vamos a tener las entradas a disposici\u00f3n que son gratuitas, pero que son necesarias para que los chicos se puedan asegurar su obsequio, su regalo, su participaci\u00f3n en el sorteo y su kit de juegos. Los esperamos a todos en el Parque San Mart\u00edn, en el Centro Deportivo Municipal N\u00b01, vamos a estar trabajando tambi\u00e9n en la cancha de Regimiento 20 y con la denominada \u2018Plaza de los Honguitos\u2019, as\u00ed que esperamos que sea una jornada familiar\u201d.<\/p>\n\n\n\n<p>La subsecretaria de Desarrollo Humano, Sandra Batistella, tambi\u00e9n invit\u00f3 a sumarse, \u201cel 10 de agosto, a partir de las 10 de la ma\u00f1ana, hasta las 14 horas vamos a estar haciendo el gran festival del D\u00eda de las Infancias en el Parque San Mart\u00edn y vamos a tener sorteos, regalos, juegos, como siempre. Adem\u00e1s, todos los fines de semana de agosto, en los espacios descentralizados de la Municipalidad en cada barrio, vamos a tener actividades, as\u00ed que est\u00e1n todos los chicos con los padres, invitados a las distintas actividades del municipio\u201d.<\/p>\n\n\n\n<p>Finalmente, la subsecretaria Daniela Americe detall\u00f3 c\u00f3mo acceder a las entradas, \u201cen el contexto de los sorteos que va a haber, de espect\u00e1culos musicales, y juegos inclusivos, para participar de ellos, a partir de la semana que viene, en el Club Gamer de la Direcci\u00f3n de Deportes, y en los lugares descentralizados del municipio, como los Centros de Desarrollo Infantil, todos los interesados van a poder retirar sus entradas. La Punta del Parque San Mart\u00edn, se va a transformar en un espacio para el disfrute pleno de las infancias, con un compromiso del Intendente de poder centralizar el festejo, as\u00ed que a partir de la semana que viene, ya disponibles las entradas para que puedan participar de los sorteos\u201d.<\/p>\n\n\n\n<p><strong>Nota audiovisual:<\/strong>&nbsp;<a href=\"https:\/\/youtu.be\/WIraCgdWP10\">https:\/\/youtu.be\/WIraCgdWP10<\/a><\/p>\n","protected":false},"excerpt":{"rendered":"<p>Todas las familias de la ciudad podr\u00e1n participar del gran festejo por el D\u00eda del Ni\u00f1o que se llevar\u00e1 a cabo el pr\u00f3ximo domingo 10 de agosto, de 10 a 14 horas, en el Centro Deportivo Municipal N\u00b01, ubicado en la punta Parque San Mart\u00edn. La jornada ser\u00e1 gratuita, abierta a todo el p\u00fablico y [&hellip;]<\/p>\n","protected":false},"author":5,"featured_media":430450,"comment_status":"open","ping_status":"open","sticky":false,"template":"","format":"standard","meta":{"_stopmodifiedupdate":false,"_modified_date":"","inline_featured_image":false,"spay_email":"","jetpack_publicize_message":""},"categories":[13],"tags":[],"jetpack_featured_media_url":"https:\/\/notinor.com\/jujuy\/wp-content\/uploads\/2025\/07\/NINO.jpg","jetpack_publicize_connections":[],"_links":{"self":[{"href":"https:\/\/notinor.com\/jujuy\/wp-json\/wp\/v2\/posts\/430449"}],"collection":[{"href":"https:\/\/notinor.com\/jujuy\/wp-json\/wp\/v2\/posts"}],"about":[{"href":"https:\/\/notinor.com\/jujuy\/wp-json\/wp\/v2\/types\/post"}],"author":[{"embeddable":true,"href":"https:\/\/notinor.com\/jujuy\/wp-json\/wp\/v2\/users\/5"}],"replies":[{"embeddable":true,"href":"https:\/\/notinor.com\/jujuy\/wp-json\/wp\/v2\/comments?post=430449"}],"version-history":[{"count":1,"href":"https:\/\/notinor.com\/jujuy\/wp-json\/wp\/v2\/posts\/430449\/revisions"}],"predecessor-version":[{"id":430451,"href":"https:\/\/notinor.com\/jujuy\/wp-json\/wp\/v2\/posts\/430449\/revisions\/430451"}],"wp:featuredmedia":[{"embeddable":true,"href":"https:\/\/notinor.com\/jujuy\/wp-json\/wp\/v2\/media\/430450"}],"wp:attachment":[{"href":"https:\/\/notinor.com\/jujuy\/wp-json\/wp\/v2\/media?parent=430449"}],"wp:term":[{"taxonomy":"category","embeddable":true,"href":"https:\/\/notinor.com\/jujuy\/wp-json\/wp\/v2\/categories?post=430449"},{"taxonomy":"post_tag","embeddable":true,"href":"https:\/\/notinor.com\/jujuy\/wp-json\/wp\/v2\/tags?post=430449"}],"curies":[{"name":"wp","href":"https:\/\/api.w.org\/{rel}","templated":true}]}}