{"id":430423,"date":"2025-07-23T18:57:37","date_gmt":"2025-07-23T21:57:37","guid":{"rendered":"https:\/\/notinor.com\/jujuy\/?p=430423"},"modified":"2025-07-23T18:57:39","modified_gmt":"2025-07-23T21:57:39","slug":"fuerte-mensaje-de-karina-milei-a-la-interna-del-oficialismo-aca-se-viene-a-defender-con-unas-y-dientes-las-ideas-del-presidente","status":"publish","type":"post","link":"https:\/\/notinor.com\/jujuy\/fuerte-mensaje-de-karina-milei-a-la-interna-del-oficialismo-aca-se-viene-a-defender-con-unas-y-dientes-las-ideas-del-presidente\/","title":{"rendered":"Fuerte mensaje de Karina Milei a la interna del oficialismo: \u201cAc\u00e1 se viene a defender con u\u00f1as y dientes las ideas del Presidente\u201d"},"content":{"rendered":"\n<p class=\"has-medium-font-size\"><strong><em>La presidenta de La Libertad Avanza se expres\u00f3 en medio de los cruces que hubo tras la confirmaci\u00f3n de las candidaturas para las elecciones bonaerenses. En un mensaje hacia adentro, afirm\u00f3: \u201cLa lealtad no es una opci\u00f3n, es una condici\u00f3n\u201d.<\/em><\/strong><\/p>\n\n\n\n<p><\/p>\n\n\n<div class=\"wp-block-image\">\n<figure class=\"aligncenter size-full\"><img decoding=\"async\" loading=\"lazy\" width=\"800\" height=\"450\" src=\"https:\/\/notinor.com\/jujuy\/wp-content\/uploads\/2025\/07\/karina-milei.jpg\" alt=\"\" class=\"wp-image-430424\" srcset=\"https:\/\/notinor.com\/jujuy\/wp-content\/uploads\/2025\/07\/karina-milei.jpg 800w, https:\/\/notinor.com\/jujuy\/wp-content\/uploads\/2025\/07\/karina-milei-649x365.jpg 649w, https:\/\/notinor.com\/jujuy\/wp-content\/uploads\/2025\/07\/karina-milei-500x280.jpg 500w, https:\/\/notinor.com\/jujuy\/wp-content\/uploads\/2025\/07\/karina-milei-768x432.jpg 768w, https:\/\/notinor.com\/jujuy\/wp-content\/uploads\/2025\/07\/karina-milei-750x422.jpg 750w\" sizes=\"(max-width: 800px) 100vw, 800px\" \/><\/figure><\/div>\n\n\n<p><\/p>\n\n\n\n<p>Karina Milei se expres\u00f3 tras el cierre de listas para las elecciones en la Provincia de Buenos Aires, que registr\u00f3 cruces internos dentro de La Libertad Avanza. <strong>A solo semanas de los comicios del 7 de septiembre, la presidenta del partido eligi\u00f3 su cuenta oficial de X para posicionarse frente a quienes cuestionaron la confirmaci\u00f3n de candidaturas impulsadas desde la Casa Rosada. La dirigente se mostr\u00f3 tajante al apuntar contra el principal adversario identificado por su espacio y reivindic\u00f3 la estrategia pol\u00edtica definida junto al presidente Javier Milei.<\/strong><\/p>\n\n\n\n<p>En su mensaje, Karina Milei se refiri\u00f3 a la tensi\u00f3n que surgi\u00f3 en las filas libertarias despu\u00e9s de que sectores internos manifestaran disconformidad con la selecci\u00f3n y el armado de aspirantes legislativos en la provincia m\u00e1s populosa del pa\u00eds. La l\u00edder del espacio marc\u00f3 el tono del debate p\u00fablico al se\u00f1alar: <strong>\u201cEl verdadero enemigo est\u00e1 enfrente: el kirchnerismo\u201d. La frase reson\u00f3 en sinton\u00eda directa con las expresiones previas del armador bonaerense Sebasti\u00e1n Pareja, quien tambi\u00e9n sali\u00f3 al cruce de detractores internos al advertir que \u201cla persona que cuestiona a los candidatos del presidente est\u00e1 cuestionando al presidente\u201d.<\/strong><\/p>\n\n\n\n<p>A trav\u00e9s de su cuenta en X, la dirigente no solo defendi\u00f3 la conformaci\u00f3n de las n\u00f3minas, sino que enfatiz\u00f3 el car\u00e1cter fundacional del proyecto pol\u00edtico y sent\u00f3 posici\u00f3n sobre el rumbo de la organizaci\u00f3n: <strong>\u201cVinimos a poner fin a una era. A romper con todo lo que conden\u00f3 a la Provincia de Buenos Aires al atraso, la miseria y la resignaci\u00f3n. No llegamos hasta ac\u00e1 para adaptarnos ni para negociar con los restos del viejo sistema. Vinimos a destruirlo\u201d,<\/strong> afirm\u00f3.<\/p>\n\n\n\n<p>La presidenta de La Libertad Avanza subray\u00f3 adem\u00e1s que las listas presentadas no se tratan de un armado coyuntural. <strong>\u201cNo es un acuerdo de partes ni una lista para salir del paso. Es una declaraci\u00f3n de principios. Una expresi\u00f3n clara de qui\u00e9nes est\u00e1n dispuestos a dar la pelea. No por un cargo, sino por una causa\u201d,<\/strong> manifest\u00f3. As\u00ed, defendi\u00f3 la l\u00f3gica de selecci\u00f3n de candidatos como parte de un lineamiento estrat\u00e9gico orientado a dar continuidad al proceso de reformas impulsado por el gobierno nacional.<\/p>\n\n\n\n<p>Bajo este marco, Milei remarc\u00f3 la importancia de la \u201clealtad\u201d y la alineaci\u00f3n con la jefatura nacional del espacio, en referencia a las cr\u00edticas internas que surgieron tras el cierre de las f\u00f3rmulas, e insisti\u00f3 en el principio de \u201ctabula rasa\u201d promovido por el mandatario desde el inicio de su gesti\u00f3n. <strong>\u201cAplicamos el principio que el Presidente marc\u00f3 desde el primer d\u00eda: tabula rasa, porque esta batalla no es para los tibios, pero tampoco es para unos pocos, y todo aquel que abrace con honestidad las ideas de la libertad, que est\u00e9 dispuesto a dejarlo todo por el futuro de la Argentina, tiene un lugar en esta causa, siempre que entienda que ac\u00e1 no se viene a negociar convicciones, sino a dejar el alma por el proyecto de transformaci\u00f3n que encarna Javier Milei\u201d,<\/strong> asegur\u00f3 la presidenta del partido.<\/p>\n\n\n\n<p><strong>En ese sentido, el texto difundido por la cuenta de Karina Milei reafirm\u00f3 que la inclusi\u00f3n dentro del espacio depende de la defensa \u201ccon u\u00f1as y dientes\u201d de las ideas del Presidente y advirti\u00f3 que quien critique a quienes lideran la ofensiva electoral no solo objeta una n\u00f3mina, sino que \u201cest\u00e1 cuestionando al Presidente mismo y a la causa que nos trajo hasta ac\u00e1\u201d.<\/strong> La dirigente busc\u00f3 as\u00ed blindar la conducci\u00f3n del oficialismo federal y cerrar filas en torno a Javier Milei de cara a la contienda m\u00e1s relevante para el control territorial del pa\u00eds.<\/p>\n\n\n\n<p>El mensaje tambi\u00e9n ubic\u00f3 como adversario al \u201ckirchnerismo\u201d y resumi\u00f3 las motivaciones de La Libertad Avanza para disputar con fuerza la Provincia de Buenos Aires.<strong> \u201cEl que convirti\u00f3 la provincia en su feudo. El que vive del miedo, la manipulaci\u00f3n, el clientelismo y el fracaso como forma de poder. A ellos vinimos a enfrentarlos. No con medias tintas ni con discursos vac\u00edos, sino con el fuego de las convicciones y la certeza de estar en el lado correcto de la historia\u201d,<\/strong> public\u00f3 la titular del espacio libertario.<\/p>\n\n\n\n<p>Las tensiones dentro de La Libertad Avanza en Buenos Aires quedaron a la vista luego de que dirigentes del espacio expresaron su descontento por la manera en que se dise\u00f1aron las listas. Frente a ese escenario, desde el sector alineado a Sebasti\u00e1n Pareja y la conducci\u00f3n nacional reafirmaron la legitimidad de los designados.<\/p>\n\n\n\n<p><strong>El pr\u00f3ximo 7 de septiembre, la provincia renovar\u00e1 la totalidad de sus bancas legislativas y autoridades municipales.<\/strong> En este contexto, la lista cerrada por La Libertad Avanza buscar\u00e1 consolidarse como fuerza competitiva frente a las tradicionales estructuras bonaerenses con un mensaje de confrontaci\u00f3n directa hacia el peronismo y el sector af\u00edn al kirchnerismo, que gobierna la provincia desde hace m\u00e1s de una d\u00e9cada.<\/p>\n\n\n\n<p>\u201cHoy m\u00e1s que nunca, La Libertad Avanza. Y nada, ni nadie, la va a detener\u201d, concluy\u00f3 la presidenta partidaria.<\/p>\n","protected":false},"excerpt":{"rendered":"<p>La presidenta de La Libertad Avanza se expres\u00f3 en medio de los cruces que hubo tras la confirmaci\u00f3n de las candidaturas para las elecciones bonaerenses. En un mensaje hacia adentro, afirm\u00f3: \u201cLa lealtad no es una opci\u00f3n, es una condici\u00f3n\u201d. Karina Milei se expres\u00f3 tras el cierre de listas para las elecciones en la Provincia [&hellip;]<\/p>\n","protected":false},"author":49,"featured_media":430424,"comment_status":"open","ping_status":"open","sticky":false,"template":"","format":"standard","meta":{"_stopmodifiedupdate":false,"_modified_date":"","inline_featured_image":false,"spay_email":"","jetpack_publicize_message":""},"categories":[2,501],"tags":[],"jetpack_featured_media_url":"https:\/\/notinor.com\/jujuy\/wp-content\/uploads\/2025\/07\/karina-milei.jpg","jetpack_publicize_connections":[],"_links":{"self":[{"href":"https:\/\/notinor.com\/jujuy\/wp-json\/wp\/v2\/posts\/430423"}],"collection":[{"href":"https:\/\/notinor.com\/jujuy\/wp-json\/wp\/v2\/posts"}],"about":[{"href":"https:\/\/notinor.com\/jujuy\/wp-json\/wp\/v2\/types\/post"}],"author":[{"embeddable":true,"href":"https:\/\/notinor.com\/jujuy\/wp-json\/wp\/v2\/users\/49"}],"replies":[{"embeddable":true,"href":"https:\/\/notinor.com\/jujuy\/wp-json\/wp\/v2\/comments?post=430423"}],"version-history":[{"count":1,"href":"https:\/\/notinor.com\/jujuy\/wp-json\/wp\/v2\/posts\/430423\/revisions"}],"predecessor-version":[{"id":430425,"href":"https:\/\/notinor.com\/jujuy\/wp-json\/wp\/v2\/posts\/430423\/revisions\/430425"}],"wp:featuredmedia":[{"embeddable":true,"href":"https:\/\/notinor.com\/jujuy\/wp-json\/wp\/v2\/media\/430424"}],"wp:attachment":[{"href":"https:\/\/notinor.com\/jujuy\/wp-json\/wp\/v2\/media?parent=430423"}],"wp:term":[{"taxonomy":"category","embeddable":true,"href":"https:\/\/notinor.com\/jujuy\/wp-json\/wp\/v2\/categories?post=430423"},{"taxonomy":"post_tag","embeddable":true,"href":"https:\/\/notinor.com\/jujuy\/wp-json\/wp\/v2\/tags?post=430423"}],"curies":[{"name":"wp","href":"https:\/\/api.w.org\/{rel}","templated":true}]}}