{"id":430419,"date":"2025-07-23T12:16:55","date_gmt":"2025-07-23T15:16:55","guid":{"rendered":"https:\/\/notinor.com\/jujuy\/?p=430419"},"modified":"2025-07-23T18:23:18","modified_gmt":"2025-07-23T21:23:18","slug":"patricia-bullrich-no-descarto-ser-candidata-en-octubre-en-caba-y-hablo-de-la-posibilidad-de-una-alianza-con-el-pro","status":"publish","type":"post","link":"https:\/\/notinor.com\/jujuy\/patricia-bullrich-no-descarto-ser-candidata-en-octubre-en-caba-y-hablo-de-la-posibilidad-de-una-alianza-con-el-pro\/","title":{"rendered":"Patricia Bullrich no descart\u00f3 ser candidata en octubre en CABA y habl\u00f3 de la posibilidad de una alianza con el PRO"},"content":{"rendered":"\n<p class=\"has-medium-font-size\"><strong><em>La ministra de Seguridad cuestion\u00f3 el desdoblamiento electoral y critic\u00f3 las postulaciones testimoniales, a las que calific\u00f3 como un \u201cfraude\u201d<\/em><\/strong>.<\/p>\n\n\n<div class=\"wp-block-image\">\n<figure class=\"aligncenter size-full\"><img decoding=\"async\" loading=\"lazy\" width=\"765\" height=\"429\" src=\"https:\/\/notinor.com\/jujuy\/wp-content\/uploads\/2025\/07\/BULLRICH.jpg\" alt=\"\" class=\"wp-image-430420\" srcset=\"https:\/\/notinor.com\/jujuy\/wp-content\/uploads\/2025\/07\/BULLRICH.jpg 765w, https:\/\/notinor.com\/jujuy\/wp-content\/uploads\/2025\/07\/BULLRICH-651x365.jpg 651w, https:\/\/notinor.com\/jujuy\/wp-content\/uploads\/2025\/07\/BULLRICH-500x280.jpg 500w, https:\/\/notinor.com\/jujuy\/wp-content\/uploads\/2025\/07\/BULLRICH-750x421.jpg 750w\" sizes=\"(max-width: 765px) 100vw, 765px\" \/><figcaption class=\"wp-element-caption\">Ministra de Seguridad Bullrich<\/figcaption><\/figure><\/div>\n\n\n<p>Mientras en el&nbsp;<strong>PRO<\/strong>&nbsp;persisten las se\u00f1ales hacia&nbsp;<strong>La Libertad Avanza<\/strong>&nbsp;para negociar un acuerdo electoral en la ciudad de Buenos Aires,&nbsp;<strong>Patricia Bullrich<\/strong>&nbsp;se sum\u00f3 con declaraciones que reavivan las especulaciones. La ministra de Seguridad no descart\u00f3 postularse en octubre como candidata porte\u00f1a y reconoci\u00f3 que su posible participaci\u00f3n depender\u00e1 de la estrategia del espacio. \u201cEstoy en un equipo y si me lo piden lo voy a ser\u201d, sostuvo.<\/p>\n\n\n\n<p>Sus dichos se producen en un momento de tensi\u00f3n entre ambos espacios: el&nbsp;<strong>PRO<\/strong>&nbsp;explora una alianza luego de su derrota en la elecci\u00f3n anticipada que promovi\u00f3&nbsp;<strong>Jorge Macri<\/strong>, pero cerca de&nbsp;<strong>Karina Milei<\/strong>&nbsp;insisten en que no hay margen para un pacto. Bullrich se refiri\u00f3 justamente a ese escenario y apunt\u00f3 contra el jefe de Gobierno porte\u00f1o: \u201cHasta ahora el problema que hubo es que en la Ciudad, con Jorge Macri, adelantaron una elecci\u00f3n, generaron una situaci\u00f3n totalmente fuera de lugar, llevando a los porte\u00f1os a votar hace ya varios meses. Y eso gener\u00f3 un enfrentamiento electoral que fue ganado por La Libertad\u201d.<\/p>\n\n\n\n<p>En declaraciones a&nbsp;<em>Radio Mitre&nbsp;<\/em>, Bullrich tambi\u00e9n critic\u00f3 el calendario electoral dise\u00f1ado por la pol\u00edtica: \u201c\u00bfQu\u00e9 le conviene a la pol\u00edtica? Elecciones el 7 de septiembre. \u00bfQu\u00e9 le conviene a la gente? Votar una sola vez\u201d. Y compar\u00f3 lo hecho por Macri en la Ciudad con el esquema adoptado por&nbsp;<strong>Axel Kicillof<\/strong>&nbsp;en la provincia de Buenos Aires.<\/p>\n\n\n\n<p>Al ser consultada sobre una eventual alianza entre libertarios y macristas para la elecci\u00f3n del 26 de octubre en&nbsp;<strong>CABA<\/strong>&nbsp;, respondi\u00f3: \u201cNo estoy en la mesa de negociaciones. Veremos qu\u00e9 se eval\u00faa respecto al tipo de acuerdo de la provincia y el tipo de acuerdo que se pueda hacer en la capital. Dejemos a los que est\u00e1n en esa mesa llevar adelante esa evaluaci\u00f3n\u201d.<\/p>\n\n\n\n<p>Finalmente, Bullrich fue enf\u00e1tica al rechazar las candidaturas testimoniales, en alusi\u00f3n a dirigentes que se presentan y luego no asumen el cargo.&nbsp;<strong>\u201cNo puede pasar que uno se vaya de un cargo, vaya a la elecci\u00f3n y despu\u00e9s vuelva al cargo. Irse de un ministerio o una intendencia para volver es un fraude electoral\u201d<\/strong>&nbsp;, afirm\u00f3.<\/p>\n\n\n\n<p>Como adelant\u00f3 Infobae cerca de Karina Milei fueron tajantes: \u201cNo hay posibilidades\u201d. Adem\u00e1s, atribuyeron el acercamiento de los macristas a la pura necesidad:&nbsp;<strong>\u201cVienen porque est\u00e1n muertos y no tienen opciones\u201d,&nbsp;<\/strong>estatuy\u00f3, sin piedad, un alto dirigente libertario en la Ciudad. Seg\u00fan dicen, las declaraciones del jefe de gobierno porte\u00f1o -que habl\u00f3 ayer en radio Mitre- no los sorprendieron:<strong>cuentan que recibieron varios gui\u00f1os de parte de los amarillos para explorar un pacto electoral hacia los comicios del 26 de octubre.<\/strong><\/p>\n\n\n\n<p>En el entorno de la titular del partido nacional no ven viable que Karina Milei \u201cperdone\u201d las campa\u00f1as sucias que le atribuyeron a Jorge Macri y a su consultor de campa\u00f1a catal\u00e1n, Antoni Guti\u00e9rrez Rub\u00ed, que fue eyectado del pa\u00eds con cuestionamientos a la legalidad de su estad\u00eda, entre cr\u00edticas en p\u00fablico y a viva voz, repetidas veces, de parte del propio Presidente.<\/p>\n\n\n\n<p><strong>En cambio,<\/strong>&nbsp;<strong>en el PRO est\u00e9n dispuestos a hacer borr\u00f3n y cuenta nueva,&nbsp;<\/strong>a pesar de la indignaci\u00f3n que mostraron por el video&nbsp;<em>fake&nbsp;<\/em>que difundieron los tuiteros libertarios en plena veda y v\u00edspera de la elecci\u00f3n en CABA, donde un falso&nbsp;<strong>Mauricio Macri&nbsp;<\/strong>anunciaba que su candidata,&nbsp;<strong>Silvia Lospennato<\/strong>, se bajaba de la carrera para apoyar a su principal contrincante,&nbsp;<strong>Manuel Adorni.<\/strong><\/p>\n\n\n\n<p>Mientras los libertarios le dicen que no, a rajatabla, a un acuerdo con el PRO en la Ciudad de Buenos Aires, la insistencia de los amarillos no mermar\u00e1: creen que hay sectores \u201crazonables\u201d en LLA que podr\u00edan convencer a Karina Milei de que al oficialismo le conviene una alianza porque le permitir\u00eda, realmente, \u201carrasar\u201d en la Ciudad con ambas fuerzas combinadas y asegurarse dos bancas, no una, en el Senado.<\/p>\n","protected":false},"excerpt":{"rendered":"<p>La ministra de Seguridad cuestion\u00f3 el desdoblamiento electoral y critic\u00f3 las postulaciones testimoniales, a las que calific\u00f3 como un \u201cfraude\u201d. Mientras en el&nbsp;PRO&nbsp;persisten las se\u00f1ales hacia&nbsp;La Libertad Avanza&nbsp;para negociar un acuerdo electoral en la ciudad de Buenos Aires,&nbsp;Patricia Bullrich&nbsp;se sum\u00f3 con declaraciones que reavivan las especulaciones. La ministra de Seguridad no descart\u00f3 postularse en octubre [&hellip;]<\/p>\n","protected":false},"author":5,"featured_media":430420,"comment_status":"open","ping_status":"open","sticky":false,"template":"","format":"standard","meta":{"_stopmodifiedupdate":false,"_modified_date":"","inline_featured_image":false,"spay_email":"","jetpack_publicize_message":""},"categories":[2,501],"tags":[],"jetpack_featured_media_url":"https:\/\/notinor.com\/jujuy\/wp-content\/uploads\/2025\/07\/BULLRICH.jpg","jetpack_publicize_connections":[],"_links":{"self":[{"href":"https:\/\/notinor.com\/jujuy\/wp-json\/wp\/v2\/posts\/430419"}],"collection":[{"href":"https:\/\/notinor.com\/jujuy\/wp-json\/wp\/v2\/posts"}],"about":[{"href":"https:\/\/notinor.com\/jujuy\/wp-json\/wp\/v2\/types\/post"}],"author":[{"embeddable":true,"href":"https:\/\/notinor.com\/jujuy\/wp-json\/wp\/v2\/users\/5"}],"replies":[{"embeddable":true,"href":"https:\/\/notinor.com\/jujuy\/wp-json\/wp\/v2\/comments?post=430419"}],"version-history":[{"count":2,"href":"https:\/\/notinor.com\/jujuy\/wp-json\/wp\/v2\/posts\/430419\/revisions"}],"predecessor-version":[{"id":430422,"href":"https:\/\/notinor.com\/jujuy\/wp-json\/wp\/v2\/posts\/430419\/revisions\/430422"}],"wp:featuredmedia":[{"embeddable":true,"href":"https:\/\/notinor.com\/jujuy\/wp-json\/wp\/v2\/media\/430420"}],"wp:attachment":[{"href":"https:\/\/notinor.com\/jujuy\/wp-json\/wp\/v2\/media?parent=430419"}],"wp:term":[{"taxonomy":"category","embeddable":true,"href":"https:\/\/notinor.com\/jujuy\/wp-json\/wp\/v2\/categories?post=430419"},{"taxonomy":"post_tag","embeddable":true,"href":"https:\/\/notinor.com\/jujuy\/wp-json\/wp\/v2\/tags?post=430419"}],"curies":[{"name":"wp","href":"https:\/\/api.w.org\/{rel}","templated":true}]}}