{"id":430416,"date":"2025-07-23T11:45:11","date_gmt":"2025-07-23T14:45:11","guid":{"rendered":"https:\/\/notinor.com\/jujuy\/?p=430416"},"modified":"2025-07-23T11:45:13","modified_gmt":"2025-07-23T14:45:13","slug":"el-fin-de-la-liquidacion-del-agro-y-la-tension-electoral-presionan-el-plan-del-gobierno-para-contener-el-dolar","status":"publish","type":"post","link":"https:\/\/notinor.com\/jujuy\/el-fin-de-la-liquidacion-del-agro-y-la-tension-electoral-presionan-el-plan-del-gobierno-para-contener-el-dolar\/","title":{"rendered":"El fin de la liquidaci\u00f3n del agro y la tensi\u00f3n electoral presionan el plan del Gobierno para contener el d\u00f3lar"},"content":{"rendered":"\n<p class=\"has-medium-font-size\"><strong><em>Este martes es el \u00faltimo d\u00eda que tienen los exportadores para pagar retenciones m\u00e1s bajas por los granos declarados hasta fin de junio. Los especialistas advierten qu\u00e9 puede pasar en los pr\u00f3ximos meses.<\/em><\/strong><\/p>\n\n\n<div class=\"wp-block-image\">\n<figure class=\"aligncenter\"><img decoding=\"async\" src=\"https:\/\/tn.com.ar\/resizer\/v2\/el-ministro-de-economia-luis-caputo-expuso-en-el-iae-summit-2025-foto-iae-5TDGEVCBEJDSFMIVARSRNGMR64.JPG?auth=849dd31b83f3d88d4b09aa6d48eef9bb95aafc13bb577fcf7fef949a9ccbe3c2&amp;width=767\" alt=\"El ministro de Econom\u00eda Luis Caputo expuso en el IAE Summit 2025. (Foto: IAE).\"\/><figcaption class=\"wp-element-caption\">Seg\u00fan los analistas, la oferta de d\u00f3lares caer\u00e1 con los pr\u00f3ximos d\u00edas tras el fin de la liquidaci\u00f3n del campo<\/figcaption><\/figure><\/div>\n\n\n<p>Este martes es el <strong>\u00faltimo d\u00eda que tienen los exportadores para liquidar divisas con retenciones m\u00e1s bajas<\/strong>. Con el fin de este plazo y frente a la tensi\u00f3n t\u00edpica de los meses previos a las elecciones, el Gobierno pondr\u00e1 a prueba su<strong>\u00a0plan para contener el d\u00f3lar.<\/strong><\/p>\n\n\n\n<p>Esta situaci\u00f3n se da en medio de semanas de<strong>&nbsp;tensi\u00f3n cambiaria<\/strong>, ya que el d\u00f3lar oficial subi\u00f3 $85 en lo que va de julio, un 7% por encima de junio.<\/p>\n\n\n\n<p>De acuerdo con estimaciones de la consultora<em>&nbsp;LCG<\/em>, entre febrero y junio, gracias a la baja transitoria de las retenciones, las Declaraciones Juradas de Ventas al Exterior (DJVE) promediaron US$200 millones diarios, mientras desde el 1\u00b0 de julio (cuando termin\u00f3 la reducci\u00f3n de las retenciones), el promedio cay\u00f3 a apenas US$26 millones por d\u00eda.<\/p>\n\n\n\n<p>\u201cCon la ca\u00edda abrupta de las DJVE en julio, veremos a partir de esta semana una ca\u00edda abrupta de la liquidaci\u00f3n de exportaciones en el MULC (tal vez no tan pronunciada por quedar saldos declarados antiguos sin liquidar)\u201d, explicaron.<\/p>\n\n\n<div class=\"wp-block-image\">\n<figure class=\"aligncenter\"><img decoding=\"async\" src=\"https:\/\/tn.com.ar\/resizer\/v2\/con-el-fin-de-la-liquidacion-del-campo-el-gobierno-pone-a-prueba-su-plan-para-el-dolar-foto-adobe-stock-XS3DX4LHDRBJNGONWPAQZGG7ZM.jpg?auth=f04baec0adf1e83e0f2eab00f72e9127d0ff7e6611593a2845eb2635fd30b594&amp;width=767\" alt=\"Con el fin de la liquidaci\u00f3n del campo, el Gobierno pone a prueba su plan para el d\u00f3lar. (Foto: Adobe Stock)\"\/><figcaption class=\"wp-element-caption\">Con el fin de la liquidaci\u00f3n del campo, el Gobierno pone a prueba su plan para el d\u00f3lar<\/figcaption><\/figure><\/div>\n\n\n<p>En esta l\u00ednea, describieron que el agro&nbsp;<strong>ya no cuenta con grandes incentivos para apurar la liquidaci\u00f3n de divisas&nbsp;<\/strong>y por esto se espera un fuerte impacto negativo por el lado de la oferta de d\u00f3lares.<\/p>\n\n\n\n<p>\u201cEn junio se liquidaron US$3800 millones por los principales productos agr\u00edcolas, y en julio llegan a US$3200 (hasta el 18 de julio). As\u00ed, es probable que en las pr\u00f3ximas semanas veamos saldos liquidados m\u00e1s cercanos a US$500 millones- US$1000 millones (mensualizados)\u201d, estimaron.<\/p>\n\n\n\n<p>\u201cLas Declaraciones Juradas Ventas al Exterior de productos agr\u00edcolas -especialmente ma\u00edz, soja y derivados-<strong>&nbsp;colapsaron<\/strong>&nbsp;tras el fin de rebaja Derechos Exportaci\u00f3n a fines de junio.Como hay hasta 15 d\u00edas h\u00e1biles para liquidar divisas pagando retenciones \u2018viejas\u2019 quedaban d\u00edas de liquidaci\u00f3n fuerte hasta el 22 de julio, pero&nbsp;<strong>luego el desierto<\/strong>\u201d, grafic\u00f3 Lorenzo Sigaut Gravina, economista de&nbsp;<em>Equilibra.<\/em><\/p>\n\n\n\n<p>Seg\u00fan estimaciones de la Bolsa de Comercio de Rosario (BCR),&nbsp;<strong>el aporte del agro&nbsp;<\/strong>en materia de divisas en el mercado de cambios en el 2025&nbsp;<strong>totalizar\u00e1 US$32.070 millones.&nbsp;<\/strong>\u201cLevemente&nbsp;<strong>por encima de 2024,&nbsp;<\/strong>producto de un mayor volumen que m\u00e1s que compensa los menores precios internacionales de los principales productos de exportaci\u00f3n\u201d, indicaron.<\/p>\n\n\n\n<p><strong>Qu\u00e9 puede pasar con el d\u00f3lar<\/strong><\/p>\n\n\n\n<p>Desde hace varios d\u00edas las distintas cotizaciones del d\u00f3lar se empezaron a recalentar. Entre los principales motivos registrados se encuentra la mayor demanda de d\u00f3lares de las personas que cobran aguinaldos y los que pueden pagar los gastos de vacaciones de invierno.<\/p>\n\n\n\n<p>Adem\u00e1s, la semana pasada se desplegaron una serie de medidas para contener unos $10 billones que quedaron \u201csueltos\u201d producto de la finalizaci\u00f3n de las Lefis. El Banco Central y la Secretar\u00eda de Finanzas absorbieron esa liquidez a cambio de convalidar tasas m\u00e1s altas, pero tambi\u00e9n generaron mayor preocupaci\u00f3n sobre un posible enfriamiento de la econom\u00eda.<\/p>\n\n\n\n<p>Como se explic\u00f3,&nbsp;<strong>el fin de la liquidaci\u00f3n fuerte<\/strong>&nbsp;de la cosecha afectar\u00e1 de manera directa el ingreso de divisas, por lo que los distintos especialistas enumeraron que esta serie de factores pueden derivar en una mayor volatilidad cambiaria y que el d\u00f3lar oficial puede acercarse al techo de la banda.<\/p>\n\n\n\n<p>A su vez, el&nbsp;<strong>contexto preelectoral<\/strong>&nbsp;tambi\u00e9n suma presi\u00f3n sobre el tipo de cambio. \u201cFaltan algo m\u00e1s de tres meses para las&nbsp;<strong>elecciones&nbsp;<\/strong>de medio t\u00e9rmino y, como era de esperarse, la&nbsp;<strong>volatilidad&nbsp;<\/strong>ya se hizo presente\", manifestaron en&nbsp;<em>GMA Capital<\/em>.<\/p>\n\n\n\n<p>\u201cPor ahora no hay se\u00f1ales de cambios en el plan: todo indica que as\u00ed ser\u00e1 el paisaje hasta fines de octubre. Si la demanda de d\u00f3lares persiste y la&nbsp;<strong>incertidumbre&nbsp;<\/strong>no cede, el camino podr\u00eda hacerse largo\u201d, advirtieron.<\/p>\n","protected":false},"excerpt":{"rendered":"<p>Este martes es el \u00faltimo d\u00eda que tienen los exportadores para pagar retenciones m\u00e1s bajas por los granos declarados hasta fin de junio. Los especialistas advierten qu\u00e9 puede pasar en los pr\u00f3ximos meses. Este martes es el \u00faltimo d\u00eda que tienen los exportadores para liquidar divisas con retenciones m\u00e1s bajas. Con el fin de este [&hellip;]<\/p>\n","protected":false},"author":5,"featured_media":430417,"comment_status":"open","ping_status":"open","sticky":false,"template":"","format":"standard","meta":{"_stopmodifiedupdate":false,"_modified_date":"","inline_featured_image":false,"spay_email":"","jetpack_publicize_message":""},"categories":[2542],"tags":[],"jetpack_featured_media_url":"https:\/\/notinor.com\/jujuy\/wp-content\/uploads\/2025\/07\/CAMPO.jpg","jetpack_publicize_connections":[],"_links":{"self":[{"href":"https:\/\/notinor.com\/jujuy\/wp-json\/wp\/v2\/posts\/430416"}],"collection":[{"href":"https:\/\/notinor.com\/jujuy\/wp-json\/wp\/v2\/posts"}],"about":[{"href":"https:\/\/notinor.com\/jujuy\/wp-json\/wp\/v2\/types\/post"}],"author":[{"embeddable":true,"href":"https:\/\/notinor.com\/jujuy\/wp-json\/wp\/v2\/users\/5"}],"replies":[{"embeddable":true,"href":"https:\/\/notinor.com\/jujuy\/wp-json\/wp\/v2\/comments?post=430416"}],"version-history":[{"count":1,"href":"https:\/\/notinor.com\/jujuy\/wp-json\/wp\/v2\/posts\/430416\/revisions"}],"predecessor-version":[{"id":430418,"href":"https:\/\/notinor.com\/jujuy\/wp-json\/wp\/v2\/posts\/430416\/revisions\/430418"}],"wp:featuredmedia":[{"embeddable":true,"href":"https:\/\/notinor.com\/jujuy\/wp-json\/wp\/v2\/media\/430417"}],"wp:attachment":[{"href":"https:\/\/notinor.com\/jujuy\/wp-json\/wp\/v2\/media?parent=430416"}],"wp:term":[{"taxonomy":"category","embeddable":true,"href":"https:\/\/notinor.com\/jujuy\/wp-json\/wp\/v2\/categories?post=430416"},{"taxonomy":"post_tag","embeddable":true,"href":"https:\/\/notinor.com\/jujuy\/wp-json\/wp\/v2\/tags?post=430416"}],"curies":[{"name":"wp","href":"https:\/\/api.w.org\/{rel}","templated":true}]}}