{"id":430372,"date":"2025-07-22T11:59:44","date_gmt":"2025-07-22T14:59:44","guid":{"rendered":"https:\/\/notinor.com\/jujuy\/?p=430372"},"modified":"2025-07-22T19:09:04","modified_gmt":"2025-07-22T22:09:04","slug":"juicio-por-ypf-el-gobierno-va-a-la-corte-de-apelaciones-para-evitar-entregar-las-acciones-en-la-petrolera","status":"publish","type":"post","link":"https:\/\/notinor.com\/jujuy\/juicio-por-ypf-el-gobierno-va-a-la-corte-de-apelaciones-para-evitar-entregar-las-acciones-en-la-petrolera\/","title":{"rendered":"Juicio por YPF: el Gobierno va a la Corte de Apelaciones para evitar entregar las acciones en la petrolera"},"content":{"rendered":"\n<p class=\"has-medium-font-size\"><strong><em>El Estado argumentar\u00e1 a favor de que se prolongue la suspensi\u00f3n de las acciones de YPF este martes.Si la C\u00e1mara rechaza la solicitud de la Argentina, la orden de Preska se reactivar\u00e1, exponiendo al pa\u00eds a un riesgo de desacato.Esta situaci\u00f3n traer\u00eda consecuencias en los mercados internacionales.<\/em><\/strong><\/p>\n\n\n<div class=\"wp-block-image\">\n<figure class=\"aligncenter size-large is-resized\"><img decoding=\"async\" loading=\"lazy\" src=\"https:\/\/notinor.com\/jujuy\/wp-content\/uploads\/2025\/07\/YPF-2-518x480.jpg\" alt=\"\" class=\"wp-image-430373\" width=\"625\" height=\"579\" srcset=\"https:\/\/notinor.com\/jujuy\/wp-content\/uploads\/2025\/07\/YPF-2-518x480.jpg 518w, https:\/\/notinor.com\/jujuy\/wp-content\/uploads\/2025\/07\/YPF-2-394x365.jpg 394w, https:\/\/notinor.com\/jujuy\/wp-content\/uploads\/2025\/07\/YPF-2.jpg 532w\" sizes=\"(max-width: 625px) 100vw, 625px\" \/><figcaption class=\"wp-element-caption\">La causa judicial en Nueva York suma otro cap\u00edtulo<\/figcaption><\/figure><\/div>\n\n\n<p><strong>El juicio por YPF suma otro cap\u00edtulo<\/strong>. La Argentina tiene tiempo hasta este martes para presentar sus argumentos en la Corte de Apelaciones del Segundo Circuito de Nueva York contra la entrega de las acciones en la petrolera que le orden\u00f3 la jueza&nbsp;<strong>Loretta Preska<\/strong>&nbsp;como parte de pago de la condena de primera instancia por&nbsp;<strong>US$ 16.100 millones<\/strong>&nbsp;m\u00e1s los intereses diarios que se acumulan por la irregular expropiaci\u00f3n de la compa\u00f1\u00eda en 2012 durante el kirchnerismo.<\/p>\n\n\n\n<p>La defensa nacional busca que la C\u00e1mara de Apelaciones neoyorkina defina&nbsp;<strong>mantener en suspenso la ejecuci\u00f3n de la transferencia de los papeles de YPF&nbsp;<\/strong>que el Estado logr\u00f3 con una cautelar temporaria otorgada la semana pasada, mientras en paralelo revisa&nbsp;<strong>el pedido que present\u00f3 el pa\u00eds de revertir la decisi\u00f3n de Preska<\/strong>&nbsp;y si corresponde que la forma de pago sea con las acciones de YPF, donde el Estado tiene el&nbsp;<strong>51%&nbsp;<\/strong>de la tenencia. Esta decisi\u00f3n podr\u00eda llegar reci\u00e9n a mediados de 2026.<\/p>\n\n\n\n<p>As\u00ed, mientras tanto, los abogados har\u00e1n su presentaci\u00f3n por escrito este martes y luego la Corte de Apelaciones elegir\u00e1 qu\u00e9 sala de ese tribunal definir\u00e1 si da lugar o no a la ejecuci\u00f3n del fallo de Preska.&nbsp;<strong>No hay un plazo estimado para que se expida<\/strong>, aunque se espera que para fin de julio haya una resoluci\u00f3n.<\/p>\n\n\n<div class=\"wp-block-image\">\n<figure class=\"aligncenter size-full is-resized\"><img decoding=\"async\" loading=\"lazy\" src=\"https:\/\/notinor.com\/jujuy\/wp-content\/uploads\/2025\/07\/YPF1.jpg\" alt=\"\" class=\"wp-image-430374\" width=\"586\" height=\"533\" srcset=\"https:\/\/notinor.com\/jujuy\/wp-content\/uploads\/2025\/07\/YPF1.jpg 527w, https:\/\/notinor.com\/jujuy\/wp-content\/uploads\/2025\/07\/YPF1-402x365.jpg 402w\" sizes=\"(max-width: 586px) 100vw, 586px\" \/><figcaption class=\"wp-element-caption\">El Estado busca que quede suspendido el fallo de Preska<\/figcaption><\/figure><\/div>\n\n\n<p>\u201cPuede resolver el pedido de la Argentina en cualquier momento, pero&nbsp;<strong>no tiene plazo para hacerlo<\/strong>\u201d, detall\u00f3&nbsp;<strong>Sebasti\u00e1n Soler<\/strong>, exsubprocurador del Tesoro sobre la cuesti\u00f3n de fondo que la Argentina apel\u00f3.                                              <\/p>\n\n\n\n<p><strong>C\u00f3mo sigue el caso YPF<\/strong><\/p>\n\n\n\n<p><strong>Si la C\u00e1mara acepta el pedido de la Argentina, la sentencia de Preska quedar\u00e1 suspendida<\/strong>&nbsp;hasta que resuelva la apelaci\u00f3n de fondo de la causa. Esto implicar\u00eda un respiro para el pa\u00eds, que ganar\u00eda tiempo.<\/p>\n\n\n\n<p>De forma contraria,&nbsp;<strong>si la C\u00e1mara rechaza la solicitud, la orden de Preska se reactivar\u00e1&nbsp;<\/strong>y la Argentina quedar\u00e1 expuesta a un riesgo de desacato que podr\u00eda derivar en consecuencias en los mercados internacionales, perjudicando su posici\u00f3n en ellos.<\/p>\n\n\n\n<p>La defensa del fondo&nbsp;<strong>Burford Capital<\/strong>, el principal beneficiario del fallo que se dedica a comprar derechos de litigios,&nbsp;<strong>present\u00f3 un escrito<\/strong>&nbsp;en la Corte de Apelaciones donde&nbsp;<strong>critic\u00f3 al gobierno de Donald Trump<\/strong>, que la semana pasada&nbsp;<strong>se present\u00f3 como amicus curiae<\/strong>&nbsp;(amigo del tribunal) en favor de la Argentina para que se suspenda la entrega de las acciones de YPF como forma de pago de la sentencia de fondo.<\/p>\n\n\n\n<p>Seg\u00fan los escritos de los funcionarios del Departamento de Justicia de los Estados Unidos, \u201cexigirle a la Argentina que constituya una fianza en espera de la apelaci\u00f3n<strong>&nbsp;la obligar\u00eda a localizar activos en Estados Unidos<\/strong>, que podr\u00edan entonces ser objeto de embargo\u201d.<\/p>\n\n\n\n<p><strong>No es la primera vez que los Estados Unidos se expresa al respecto<\/strong>. En 2019, en la presidencia de&nbsp;<strong>Mauricio Macri<\/strong>&nbsp;que coincidi\u00f3 con el primer mandato de Trump, el gobierno norteamericano se present\u00f3 tambi\u00e9n como<em>&nbsp;amicus curiae<\/em>, pero en esa ocasi\u00f3n&nbsp;<strong>emiti\u00f3 un dictamen contrario la Argentina<\/strong>.<\/p>\n\n\n\n<p><img decoding=\"async\" loading=\"lazy\" width=\"720\" height=\"480\" src=\"https:\/\/www.clarin.com\/img\/2025\/07\/21\/uaU8pnZ-R_720x0__1.jpg\" alt=\"Horacio Mar\u00edn, presidente de YPF,   en las oficinas de Puerto Madero. Foto: Cristina Sille\"><\/p>\n\n\n\n<p>Horacio Mar\u00edn, presidente de YPF, en las oficinas de Puerto Madero<\/p>\n\n\n\n<p>La semana pasada, el fondo inform\u00f3 que <strong>su deseo no es quedarse con YPF<\/strong>,&nbsp;pero reclama que el pa\u00eds ponga garant\u00edas para poder cobrar. Ahora,<strong>&nbsp;le pidi\u00f3 a la Corte que no acepte a los Estados Unidos en la causa&nbsp;<\/strong>y<strong>&nbsp;<\/strong>considera que esa presentaci\u00f3n gener\u00f3 ruidos, \u201cya que la prensa y los funcionarios p\u00fablicos argentinos han interpretado el escrito del gobierno como una&nbsp;<strong>se\u00f1al de que Argentina nunca tendr\u00e1 que pagar la sentencia<\/strong>\u201d.<\/p>\n\n\n\n<p>En una entrevista que <strong>Horacio Mar\u00edn, presidente de YPF<\/strong>, le dioa&nbsp;<strong>Clar\u00edn<\/strong>, precis\u00f3 que<strong>&nbsp;el fallo de Preska no afecta en nada las previsiones de la compa\u00f1\u00eda<\/strong>&nbsp;para crecer en Vaca Muerta. \u201cNo las altera. Preska lleva dos juicios: uno contra YPF donde fall\u00f3 a favor de YPF y otro con la Rep\u00fablica Argentina y est\u00e1 apelado.&nbsp;<strong>YPF no es parte del juicio<\/strong>\u201d, se\u00f1al\u00f3.<\/p>\n","protected":false},"excerpt":{"rendered":"<p>El Estado argumentar\u00e1 a favor de que se prolongue la suspensi\u00f3n de las acciones de YPF este martes.Si la C\u00e1mara rechaza la solicitud de la Argentina, la orden de Preska se reactivar\u00e1, exponiendo al pa\u00eds a un riesgo de desacato.Esta situaci\u00f3n traer\u00eda consecuencias en los mercados internacionales. El juicio por YPF suma otro cap\u00edtulo. La [&hellip;]<\/p>\n","protected":false},"author":5,"featured_media":430373,"comment_status":"open","ping_status":"open","sticky":false,"template":"","format":"standard","meta":{"_stopmodifiedupdate":false,"_modified_date":"","inline_featured_image":false,"spay_email":"","jetpack_publicize_message":""},"categories":[2,676],"tags":[],"jetpack_featured_media_url":"https:\/\/notinor.com\/jujuy\/wp-content\/uploads\/2025\/07\/YPF-2.jpg","jetpack_publicize_connections":[],"_links":{"self":[{"href":"https:\/\/notinor.com\/jujuy\/wp-json\/wp\/v2\/posts\/430372"}],"collection":[{"href":"https:\/\/notinor.com\/jujuy\/wp-json\/wp\/v2\/posts"}],"about":[{"href":"https:\/\/notinor.com\/jujuy\/wp-json\/wp\/v2\/types\/post"}],"author":[{"embeddable":true,"href":"https:\/\/notinor.com\/jujuy\/wp-json\/wp\/v2\/users\/5"}],"replies":[{"embeddable":true,"href":"https:\/\/notinor.com\/jujuy\/wp-json\/wp\/v2\/comments?post=430372"}],"version-history":[{"count":2,"href":"https:\/\/notinor.com\/jujuy\/wp-json\/wp\/v2\/posts\/430372\/revisions"}],"predecessor-version":[{"id":430384,"href":"https:\/\/notinor.com\/jujuy\/wp-json\/wp\/v2\/posts\/430372\/revisions\/430384"}],"wp:featuredmedia":[{"embeddable":true,"href":"https:\/\/notinor.com\/jujuy\/wp-json\/wp\/v2\/media\/430373"}],"wp:attachment":[{"href":"https:\/\/notinor.com\/jujuy\/wp-json\/wp\/v2\/media?parent=430372"}],"wp:term":[{"taxonomy":"category","embeddable":true,"href":"https:\/\/notinor.com\/jujuy\/wp-json\/wp\/v2\/categories?post=430372"},{"taxonomy":"post_tag","embeddable":true,"href":"https:\/\/notinor.com\/jujuy\/wp-json\/wp\/v2\/tags?post=430372"}],"curies":[{"name":"wp","href":"https:\/\/api.w.org\/{rel}","templated":true}]}}