{"id":430172,"date":"2025-07-16T22:30:43","date_gmt":"2025-07-17T01:30:43","guid":{"rendered":"https:\/\/notinor.com\/jujuy\/?p=430172"},"modified":"2025-07-16T22:30:45","modified_gmt":"2025-07-17T01:30:45","slug":"el-gobernador-carlos-sadir-inauguro-pavimento-en-alto-comedero","status":"publish","type":"post","link":"https:\/\/notinor.com\/jujuy\/el-gobernador-carlos-sadir-inauguro-pavimento-en-alto-comedero\/","title":{"rendered":"El Gobernador Carlos Sadir inaugur\u00f3 pavimento en Alto Comedero"},"content":{"rendered":"\n<p class=\"has-medium-font-size\"><strong><em>El gobernador de la Provincia, Carlos Sadir, inaugur\u00f3 la obra de pavimentaci\u00f3n de avenida Yuto, entre calles Snopek y Chalic\u00e1n, en barrio Alto Comedero.<\/em><\/strong><\/p>\n\n\n\n<p><\/p>\n\n\n<div class=\"wp-block-image\">\n<figure class=\"aligncenter size-full\"><img decoding=\"async\" loading=\"lazy\" width=\"800\" height=\"450\" src=\"https:\/\/notinor.com\/jujuy\/wp-content\/uploads\/2025\/07\/pavimento-avenida-yuto-alto-comedero.jpg\" alt=\"\" class=\"wp-image-430176\" srcset=\"https:\/\/notinor.com\/jujuy\/wp-content\/uploads\/2025\/07\/pavimento-avenida-yuto-alto-comedero.jpg 800w, https:\/\/notinor.com\/jujuy\/wp-content\/uploads\/2025\/07\/pavimento-avenida-yuto-alto-comedero-649x365.jpg 649w, https:\/\/notinor.com\/jujuy\/wp-content\/uploads\/2025\/07\/pavimento-avenida-yuto-alto-comedero-500x280.jpg 500w, https:\/\/notinor.com\/jujuy\/wp-content\/uploads\/2025\/07\/pavimento-avenida-yuto-alto-comedero-768x432.jpg 768w, https:\/\/notinor.com\/jujuy\/wp-content\/uploads\/2025\/07\/pavimento-avenida-yuto-alto-comedero-750x422.jpg 750w\" sizes=\"(max-width: 800px) 100vw, 800px\" \/><\/figure><\/div>\n\n\n<p><\/p>\n\n\n\n<p><strong>En compa\u00f1\u00eda del intendente de San Salvador, Ra\u00fal Jorge, el mandatario provincial destac\u00f3 los trabajos complementarios de iluminaci\u00f3n y cord\u00f3n cuneta, entre otros, los cuales \u201cson muy importantes para un sector con gran circulaci\u00f3n\u201d.<\/strong><\/p>\n\n\n\n<p>Puso especial \u00e9nfasis en la \u201carticulaci\u00f3n y trabajos conjuntos\u201d entre provincia y municipios para llevar a cabo \u201cobras que siguen transformando Jujuy\u201d.<\/p>\n\n\n\n<p>Por su parte, Jorge ponder\u00f3 el \u201cimportante rol del gobernador\u201d que<strong> \u201ctuvo mucho que ver con esta gran obra de vital importancia para el fortalecimiento de la conectividad de todo el sector\u201d.<\/strong><\/p>\n","protected":false},"excerpt":{"rendered":"<p>El gobernador de la Provincia, Carlos Sadir, inaugur\u00f3 la obra de pavimentaci\u00f3n de avenida Yuto, entre calles Snopek y Chalic\u00e1n, en barrio Alto Comedero. En compa\u00f1\u00eda del intendente de San Salvador, Ra\u00fal Jorge, el mandatario provincial destac\u00f3 los trabajos complementarios de iluminaci\u00f3n y cord\u00f3n cuneta, entre otros, los cuales \u201cson muy importantes para un sector [&hellip;]<\/p>\n","protected":false},"author":49,"featured_media":430176,"comment_status":"open","ping_status":"open","sticky":false,"template":"","format":"standard","meta":{"_stopmodifiedupdate":false,"_modified_date":"","inline_featured_image":false,"spay_email":"","jetpack_publicize_message":""},"categories":[2,514],"tags":[],"jetpack_featured_media_url":"https:\/\/notinor.com\/jujuy\/wp-content\/uploads\/2025\/07\/pavimento-avenida-yuto-alto-comedero.jpg","jetpack_publicize_connections":[],"_links":{"self":[{"href":"https:\/\/notinor.com\/jujuy\/wp-json\/wp\/v2\/posts\/430172"}],"collection":[{"href":"https:\/\/notinor.com\/jujuy\/wp-json\/wp\/v2\/posts"}],"about":[{"href":"https:\/\/notinor.com\/jujuy\/wp-json\/wp\/v2\/types\/post"}],"author":[{"embeddable":true,"href":"https:\/\/notinor.com\/jujuy\/wp-json\/wp\/v2\/users\/49"}],"replies":[{"embeddable":true,"href":"https:\/\/notinor.com\/jujuy\/wp-json\/wp\/v2\/comments?post=430172"}],"version-history":[{"count":1,"href":"https:\/\/notinor.com\/jujuy\/wp-json\/wp\/v2\/posts\/430172\/revisions"}],"predecessor-version":[{"id":430177,"href":"https:\/\/notinor.com\/jujuy\/wp-json\/wp\/v2\/posts\/430172\/revisions\/430177"}],"wp:featuredmedia":[{"embeddable":true,"href":"https:\/\/notinor.com\/jujuy\/wp-json\/wp\/v2\/media\/430176"}],"wp:attachment":[{"href":"https:\/\/notinor.com\/jujuy\/wp-json\/wp\/v2\/media?parent=430172"}],"wp:term":[{"taxonomy":"category","embeddable":true,"href":"https:\/\/notinor.com\/jujuy\/wp-json\/wp\/v2\/categories?post=430172"},{"taxonomy":"post_tag","embeddable":true,"href":"https:\/\/notinor.com\/jujuy\/wp-json\/wp\/v2\/tags?post=430172"}],"curies":[{"name":"wp","href":"https:\/\/api.w.org\/{rel}","templated":true}]}}