{"id":430167,"date":"2025-07-16T21:06:24","date_gmt":"2025-07-17T00:06:24","guid":{"rendered":"https:\/\/notinor.com\/jujuy\/?p=430167"},"modified":"2025-07-16T21:06:26","modified_gmt":"2025-07-17T00:06:26","slug":"el-intendente-jorge-entrego-cascos-de-ultima-tecnologia-a-agentes-de-transito","status":"publish","type":"post","link":"https:\/\/notinor.com\/jujuy\/el-intendente-jorge-entrego-cascos-de-ultima-tecnologia-a-agentes-de-transito\/","title":{"rendered":"El intendente Jorge entreg\u00f3 cascos de \u00faltima tecnolog\u00eda a agentes de tr\u00e1nsito"},"content":{"rendered":"\n<p class=\"has-medium-font-size\"><strong><em>El intendente Ra\u00fal \u201cChuli\u201d Jorge con el acompa\u00f1amiento de secretario de Servicios P\u00fablicos, Guillermo Marenco, concret\u00f3 la entrega de cascos de \u00faltima tecnolog\u00eda de seguridad a polic\u00edas de tr\u00e1nsito motorizados, en el marco de las normativas de seguridad vial establecida por la Ley Nacional N\u00b0 24.449.<\/em><\/strong><\/p>\n\n\n<div class=\"wp-block-image\">\n<figure class=\"aligncenter size-full\"><img decoding=\"async\" loading=\"lazy\" width=\"800\" height=\"450\" src=\"https:\/\/notinor.com\/jujuy\/wp-content\/uploads\/2025\/07\/cascos-de-seguridad.jpg\" alt=\"\" class=\"wp-image-430168\" srcset=\"https:\/\/notinor.com\/jujuy\/wp-content\/uploads\/2025\/07\/cascos-de-seguridad.jpg 800w, https:\/\/notinor.com\/jujuy\/wp-content\/uploads\/2025\/07\/cascos-de-seguridad-649x365.jpg 649w, https:\/\/notinor.com\/jujuy\/wp-content\/uploads\/2025\/07\/cascos-de-seguridad-500x280.jpg 500w, https:\/\/notinor.com\/jujuy\/wp-content\/uploads\/2025\/07\/cascos-de-seguridad-768x432.jpg 768w, https:\/\/notinor.com\/jujuy\/wp-content\/uploads\/2025\/07\/cascos-de-seguridad-750x422.jpg 750w\" sizes=\"(max-width: 800px) 100vw, 800px\" \/><\/figure><\/div>\n\n\n<p><strong>La entrega, se realiz\u00f3 en la explanada de acceso al edificio central de la Municipalidad y los beneficiarios, fueron los agentes motorizados, que de esta manera renovar\u00e1n por el t\u00e9rmino de dos a\u00f1os, el esencial elemento de seguridad.<\/strong> La ceremonia tambi\u00e9n cont\u00f3 con la presencia del director y subdirector de Tr\u00e1nsito, Fernando Fr\u00edas y Juan Arenas. \u00a0<\/p>\n\n\n\n<p>Tras la entrega, el intendente Jorge expres\u00f3, <strong>\u201ces nuestra obligaci\u00f3n proveer a nuestros agentes de los elementos necesarios para que cumplan su labor de forma segura. Ellos no solo trabajan, sino que asumen una enorme responsabilidad en el cuidado de la vida y el orden del tr\u00e1nsito. Por eso, estamos muy conformes con esta entrega de cascos de \u00faltima tecnolog\u00eda, cumpliendo con lo que nos corresponde como gesti\u00f3n\u201d.<\/strong><\/p>\n\n\n\n<p>Por su parte, el secretario de Servicios P\u00fablicos Guillermo Marenco remarc\u00f3, <strong>\u201cesto es un deber por normativa, est\u00e1 dentro de lo que implica la seguridad basada en el uso de los cascos. Venimos haciendo esta entrega desde el primer d\u00eda de la gesti\u00f3n del intendente Ra\u00fal Jorge, en 2008. Todo el material que entregamos, en este caso los cascos, est\u00e1 aprobado por las normativas vigentes de seguridad.<\/strong> Tienen una fecha de vencimiento y deben ser renovados antes de que se cumplan los plazos. Por eso, desde la Municipalidad de San Salvador de Jujuy realizamos estas entregas de manera peri\u00f3dica, cada dos a\u00f1os, que es la duraci\u00f3n de utilidad de estos elementos\u201d.<\/p>\n\n\n\n<p>Adem\u00e1s, agreg\u00f3, <strong>\u201cel personal que hoy recibe este material lo utilizar\u00e1 hasta julio de 2027, y luego deber\u00e1 realizar una reposici\u00f3n. En ese sentido, hay una gran preocupaci\u00f3n del intendente y de todo su equipo por la seguridad de quienes trabajan en la v\u00eda p\u00fablica y en el cuidado del tr\u00e1nsito\u201d.<\/strong><\/p>\n","protected":false},"excerpt":{"rendered":"<p>El intendente Ra\u00fal \u201cChuli\u201d Jorge con el acompa\u00f1amiento de secretario de Servicios P\u00fablicos, Guillermo Marenco, concret\u00f3 la entrega de cascos de \u00faltima tecnolog\u00eda de seguridad a polic\u00edas de tr\u00e1nsito motorizados, en el marco de las normativas de seguridad vial establecida por la Ley Nacional N\u00b0 24.449. La entrega, se realiz\u00f3 en la explanada de acceso [&hellip;]<\/p>\n","protected":false},"author":49,"featured_media":430168,"comment_status":"open","ping_status":"open","sticky":false,"template":"","format":"standard","meta":{"_stopmodifiedupdate":false,"_modified_date":"","inline_featured_image":false,"spay_email":"","jetpack_publicize_message":""},"categories":[2,514],"tags":[],"jetpack_featured_media_url":"https:\/\/notinor.com\/jujuy\/wp-content\/uploads\/2025\/07\/cascos-de-seguridad.jpg","jetpack_publicize_connections":[],"_links":{"self":[{"href":"https:\/\/notinor.com\/jujuy\/wp-json\/wp\/v2\/posts\/430167"}],"collection":[{"href":"https:\/\/notinor.com\/jujuy\/wp-json\/wp\/v2\/posts"}],"about":[{"href":"https:\/\/notinor.com\/jujuy\/wp-json\/wp\/v2\/types\/post"}],"author":[{"embeddable":true,"href":"https:\/\/notinor.com\/jujuy\/wp-json\/wp\/v2\/users\/49"}],"replies":[{"embeddable":true,"href":"https:\/\/notinor.com\/jujuy\/wp-json\/wp\/v2\/comments?post=430167"}],"version-history":[{"count":1,"href":"https:\/\/notinor.com\/jujuy\/wp-json\/wp\/v2\/posts\/430167\/revisions"}],"predecessor-version":[{"id":430169,"href":"https:\/\/notinor.com\/jujuy\/wp-json\/wp\/v2\/posts\/430167\/revisions\/430169"}],"wp:featuredmedia":[{"embeddable":true,"href":"https:\/\/notinor.com\/jujuy\/wp-json\/wp\/v2\/media\/430168"}],"wp:attachment":[{"href":"https:\/\/notinor.com\/jujuy\/wp-json\/wp\/v2\/media?parent=430167"}],"wp:term":[{"taxonomy":"category","embeddable":true,"href":"https:\/\/notinor.com\/jujuy\/wp-json\/wp\/v2\/categories?post=430167"},{"taxonomy":"post_tag","embeddable":true,"href":"https:\/\/notinor.com\/jujuy\/wp-json\/wp\/v2\/tags?post=430167"}],"curies":[{"name":"wp","href":"https:\/\/api.w.org\/{rel}","templated":true}]}}