{"id":430049,"date":"2025-07-12T17:48:22","date_gmt":"2025-07-12T20:48:22","guid":{"rendered":"https:\/\/notinor.com\/jujuy\/?p=430049"},"modified":"2025-07-12T19:02:59","modified_gmt":"2025-07-12T22:02:59","slug":"victoria-villarruel-le-respondio-a-javier-milei-un-jubilado-no-puede-esperar-y-una-discapacitada-menos","status":"publish","type":"post","link":"https:\/\/notinor.com\/jujuy\/victoria-villarruel-le-respondio-a-javier-milei-un-jubilado-no-puede-esperar-y-una-discapacitada-menos\/","title":{"rendered":"Victoria Villarruel\u00a0le respondi\u00f3 a\u00a0Javier Milei: \u201cUn jubilado no puede esperar y una discapacitada, menos\u201d"},"content":{"rendered":"\n<p class=\"has-medium-font-size\"><strong><em>Desde Instagram, la vicepresidenta apunt\u00f3 contra el Ejecutivo y le reclam\u00f3 que reduzca los gastos \u201cen viajes y en la SIDE\u201d.<\/em><\/strong><\/p>\n\n\n\n<p><\/p>\n\n\n<div class=\"wp-block-image\">\n<figure class=\"aligncenter size-full\"><img decoding=\"async\" loading=\"lazy\" width=\"800\" height=\"450\" src=\"https:\/\/notinor.com\/jujuy\/wp-content\/uploads\/2025\/07\/victoria-villarruel.jpg\" alt=\"\" class=\"wp-image-430050\" srcset=\"https:\/\/notinor.com\/jujuy\/wp-content\/uploads\/2025\/07\/victoria-villarruel.jpg 800w, https:\/\/notinor.com\/jujuy\/wp-content\/uploads\/2025\/07\/victoria-villarruel-649x365.jpg 649w, https:\/\/notinor.com\/jujuy\/wp-content\/uploads\/2025\/07\/victoria-villarruel-500x280.jpg 500w, https:\/\/notinor.com\/jujuy\/wp-content\/uploads\/2025\/07\/victoria-villarruel-768x432.jpg 768w, https:\/\/notinor.com\/jujuy\/wp-content\/uploads\/2025\/07\/victoria-villarruel-750x422.jpg 750w\" sizes=\"(max-width: 800px) 100vw, 800px\" \/><\/figure><\/div>\n\n\n<p><\/p>\n\n\n\n<p><strong>Tras la sesi\u00f3n en el Senado en la que la oposici\u00f3n logr\u00f3 aprobar un aumento para los jubilados y otros proyectos que van a contramano del super\u00e1vit fiscal que impulsa el Gobierno \u2014y que llev\u00f3 al presidente Javier Milei a calificar a Victoria Villarruel de \u201ctraidora\u201d\u2014, la vicepresidenta respondi\u00f3 con dureza a trav\u00e9s de sus redes sociales.<\/strong><\/p>\n\n\n\n<p><strong>\u201cSi hay equilibrio, entonces asistir a los m\u00e1s desprotegidos no debiera ser tan terrible. El tema es que un jubilado no puede esperar y una discapacitada, menos. Que ahorre en viajes y en la SIDE y listo\u201d,<\/strong> escribi\u00f3 la funcionaria, en respuesta a un comentario que la acusaba de querer romper el equilibrio fiscal.<\/p>\n\n\n\n<p>En otro comentario en su posteo por el D\u00eda de la Independencia, en donde un ciudadano le reclama que su trabajo es al lado del presidente, respondi\u00f3: <strong>\u201c\u00bfUn presidente que no puede ni saludar a la persona con la que lleg\u00f3 al poder? Hacele el reclamo a \u00e9l, que yo la educaci\u00f3n no la pierdo nunca\".<\/strong><\/p>\n\n\n\n<p><\/p>\n\n\n<div class=\"wp-block-image\">\n<figure class=\"aligncenter size-full\"><img decoding=\"async\" loading=\"lazy\" width=\"600\" height=\"409\" src=\"https:\/\/notinor.com\/jujuy\/wp-content\/uploads\/2025\/07\/vicky-tuit.jpg\" alt=\"\" class=\"wp-image-430054\" srcset=\"https:\/\/notinor.com\/jujuy\/wp-content\/uploads\/2025\/07\/vicky-tuit.jpg 600w, https:\/\/notinor.com\/jujuy\/wp-content\/uploads\/2025\/07\/vicky-tuit-535x365.jpg 535w\" sizes=\"(max-width: 600px) 100vw, 600px\" \/><\/figure><\/div>\n\n\n<p><\/p>\n\n\n\n<p><strong>\u201cCuando el presidente decida hablar y comportarse adultamente, podr\u00e9 saber cu\u00e1les son sus pol\u00edticas, dado que no habla\u201d,<\/strong> agreg\u00f3 en la misma l\u00ednea, en otra interacci\u00f3n.<\/p>\n\n\n\n<p>Adem\u00e1s, desliz\u00f3 otro cuestionamiento a Milei al responder a una cr\u00edtica que la acusaba de haber traicionado las convicciones del Ejecutivo: <strong>\u201cEl presidente no debe traicionar lo que dijo porque, si lo hace, los dem\u00e1s debemos marc\u00e1rselo\u201d<\/strong>, sostuvo la vicepresidenta.<\/p>\n\n\n\n<p>Durante el intercambio con los usuarios de Instagram, que se dio durante esta madrugada, Villarruel tambi\u00e9n ironiz\u00f3 sobre por qu\u00e9 el presidente no eligi\u00f3 a Karina Milei o a la diputada Lilia Lemoine para ocupar su lugar: <strong>\u201cNo s\u00e9 por qu\u00e9 no puso a la hermana o a la \u2018Limones\u2019, que a ustedes les gusta tanto\u201d.<\/strong><\/p>\n\n\n\n<p><\/p>\n\n\n<div class=\"wp-block-image\">\n<figure class=\"aligncenter size-full\"><img decoding=\"async\" loading=\"lazy\" width=\"600\" height=\"381\" src=\"https:\/\/notinor.com\/jujuy\/wp-content\/uploads\/2025\/07\/vicky-tuit-2.jpg\" alt=\"\" class=\"wp-image-430053\" srcset=\"https:\/\/notinor.com\/jujuy\/wp-content\/uploads\/2025\/07\/vicky-tuit-2.jpg 600w, https:\/\/notinor.com\/jujuy\/wp-content\/uploads\/2025\/07\/vicky-tuit-2-575x365.jpg 575w\" sizes=\"(max-width: 600px) 100vw, 600px\" \/><\/figure><\/div>\n\n\n<p><\/p>\n\n\n\n<p>En relaci\u00f3n con la derrota en el Senado de este jueves, cuando se aprobaron leyes que mejoran las jubilaciones, reactivan la moratoria previsional y declaran la emergencia en discapacidad, argument\u00f3 que las iniciativas ya contaban con media sanci\u00f3n de Diputados.<\/p>\n\n\n\n<p><strong>\u201cNo s\u00e9 por qu\u00e9 se ponen as\u00ed conmigo y no con los responsables\u201d, sentenci\u00f3. Desde el oficialismo, se cuestion\u00f3 la validez del mencionado debate, por entender que se necesitan dos tercios de la c\u00e1mara para tratar las iniciativas.<\/strong> Sin embargo, la oposici\u00f3n logr\u00f3 avanzar con el voto de una mayor\u00eda simple.<\/p>\n\n\n\n<p>La ley implica un aumento real para todos los haberes y pensiones del 7,2% -excepto los reg\u00edmenes especiales- y un incremento para el bono, que pasar\u00eda de $70 mil a $110 mil y se actualizar\u00eda por inflaci\u00f3n. La principal cr\u00edtica es la conversi\u00f3n de esto \u00faltimo a un derecho para siempre.<\/p>\n\n\n\n<p><strong>En tanto, la restituci\u00f3n por dos a\u00f1os de la moratoria implica la reactivaci\u00f3n del sistema que permite que las personas sin los 30 a\u00f1os de aportes puedan comprar los saldos faltantes para acceder al haber m\u00ednimo.<\/strong><\/p>\n\n\n\n<p class=\"has-medium-font-size\"><strong>Emergencia en discapacidad<\/strong><\/p>\n\n\n\n<p>La iniciativa estar\u00e1 vigente hasta el 31 de diciembre de 2027, es decir, pasado el final del Gobierno libertario, y reformula las pensiones no contributivas y actualiza aranceles, as\u00ed como compensaciones econ\u00f3micas, entre otras cuestiones.<\/p>\n\n\n\n<p><\/p>\n\n\n<div class=\"wp-block-image\">\n<figure class=\"aligncenter size-full\"><img decoding=\"async\" loading=\"lazy\" width=\"600\" height=\"352\" src=\"https:\/\/notinor.com\/jujuy\/wp-content\/uploads\/2025\/07\/vicky-tuit-3.jpg\" alt=\"\" class=\"wp-image-430052\"\/><\/figure><\/div>\n\n\n<p><\/p>\n\n\n\n<p><strong>Primero fue el turno de la iniciativa jubilatoria, que en la votaci\u00f3n en general obtuvo 52 adhesiones, ning\u00fan rechazo y cuatro abstenciones. Luego, se procedi\u00f3 a la particular, que se dividi\u00f3 en bloques de art\u00edculos y, pese a diferentes resultados, igual tuvo luz verde y, por lo tanto, la ley qued\u00f3 sancionada.<\/strong><\/p>\n\n\n\n<p>Como los senadores se dieron cuenta de que la moratoria tambi\u00e9n contaba con los votos necesarios, se realiz\u00f3 una sola -general y particular: 39 avales, 14 negativos y una abstenci\u00f3n. Todas estas resoluciones fueron a viva voz, ya que el sistema de pantallas y transmisi\u00f3n de datos fall\u00f3 y no logr\u00f3 restablecerse, de manera llamativa, por un largo tiempo.<\/p>\n\n\n\n<p><strong>El \u00faltimo turno fue el de la emergencia en discapacidad, que s\u00ed pudo realizarse por medios electr\u00f3nicos: 56 afirmativos.<\/strong><\/p>\n","protected":false},"excerpt":{"rendered":"<p>Desde Instagram, la vicepresidenta apunt\u00f3 contra el Ejecutivo y le reclam\u00f3 que reduzca los gastos \u201cen viajes y en la SIDE\u201d. Tras la sesi\u00f3n en el Senado en la que la oposici\u00f3n logr\u00f3 aprobar un aumento para los jubilados y otros proyectos que van a contramano del super\u00e1vit fiscal que impulsa el Gobierno \u2014y que [&hellip;]<\/p>\n","protected":false},"author":49,"featured_media":430050,"comment_status":"open","ping_status":"open","sticky":false,"template":"","format":"standard","meta":{"_stopmodifiedupdate":false,"_modified_date":"","inline_featured_image":false,"spay_email":"","jetpack_publicize_message":""},"categories":[2,501],"tags":[],"jetpack_featured_media_url":"https:\/\/notinor.com\/jujuy\/wp-content\/uploads\/2025\/07\/victoria-villarruel.jpg","jetpack_publicize_connections":[],"_links":{"self":[{"href":"https:\/\/notinor.com\/jujuy\/wp-json\/wp\/v2\/posts\/430049"}],"collection":[{"href":"https:\/\/notinor.com\/jujuy\/wp-json\/wp\/v2\/posts"}],"about":[{"href":"https:\/\/notinor.com\/jujuy\/wp-json\/wp\/v2\/types\/post"}],"author":[{"embeddable":true,"href":"https:\/\/notinor.com\/jujuy\/wp-json\/wp\/v2\/users\/49"}],"replies":[{"embeddable":true,"href":"https:\/\/notinor.com\/jujuy\/wp-json\/wp\/v2\/comments?post=430049"}],"version-history":[{"count":2,"href":"https:\/\/notinor.com\/jujuy\/wp-json\/wp\/v2\/posts\/430049\/revisions"}],"predecessor-version":[{"id":430056,"href":"https:\/\/notinor.com\/jujuy\/wp-json\/wp\/v2\/posts\/430049\/revisions\/430056"}],"wp:featuredmedia":[{"embeddable":true,"href":"https:\/\/notinor.com\/jujuy\/wp-json\/wp\/v2\/media\/430050"}],"wp:attachment":[{"href":"https:\/\/notinor.com\/jujuy\/wp-json\/wp\/v2\/media?parent=430049"}],"wp:term":[{"taxonomy":"category","embeddable":true,"href":"https:\/\/notinor.com\/jujuy\/wp-json\/wp\/v2\/categories?post=430049"},{"taxonomy":"post_tag","embeddable":true,"href":"https:\/\/notinor.com\/jujuy\/wp-json\/wp\/v2\/tags?post=430049"}],"curies":[{"name":"wp","href":"https:\/\/api.w.org\/{rel}","templated":true}]}}