{"id":430007,"date":"2025-07-11T09:54:37","date_gmt":"2025-07-11T12:54:37","guid":{"rendered":"https:\/\/notinor.com\/jujuy\/?p=430007"},"modified":"2025-07-11T09:54:39","modified_gmt":"2025-07-11T12:54:39","slug":"este-sabado-ejesa-realizara-tareas-de-mejora-y-mantenimiento-de-redes-electricas-en-pozo-la-avispa-y-zonas-aledanas-perico","status":"publish","type":"post","link":"https:\/\/notinor.com\/jujuy\/este-sabado-ejesa-realizara-tareas-de-mejora-y-mantenimiento-de-redes-electricas-en-pozo-la-avispa-y-zonas-aledanas-perico\/","title":{"rendered":"Este s\u00e1bado EJESA realizar\u00e1 tareas de mejora y mantenimiento de redes el\u00e9ctricas en Pozo La Avispa y zonas aleda\u00f1as, Perico"},"content":{"rendered":"\n<p class=\"has-medium-font-size\"><strong><em>Informamos\u00a0que, con el objeto de\u00a0elevar la calidad de nuestro servicio,<\/em><\/strong>\u00a0<strong><em>se realizar\u00e1n tareas de\u00a0mantenimiento y renovaci\u00f3n\u00a0en las instalaciones de nuestro sistema<\/em><\/strong>.<\/p>\n\n\n<div class=\"wp-block-image\">\n<figure class=\"aligncenter size-large\"><img decoding=\"async\" loading=\"lazy\" width=\"840\" height=\"350\" src=\"https:\/\/notinor.com\/jujuy\/wp-content\/uploads\/2025\/07\/POZO-LA-AVISPA-840x350.jpg\" alt=\"\" class=\"wp-image-430008\" srcset=\"https:\/\/notinor.com\/jujuy\/wp-content\/uploads\/2025\/07\/POZO-LA-AVISPA-840x350.jpg 840w, https:\/\/notinor.com\/jujuy\/wp-content\/uploads\/2025\/07\/POZO-LA-AVISPA-660x275.jpg 660w, https:\/\/notinor.com\/jujuy\/wp-content\/uploads\/2025\/07\/POZO-LA-AVISPA-768x320.jpg 768w, https:\/\/notinor.com\/jujuy\/wp-content\/uploads\/2025\/07\/POZO-LA-AVISPA-750x313.jpg 750w, https:\/\/notinor.com\/jujuy\/wp-content\/uploads\/2025\/07\/POZO-LA-AVISPA.jpg 887w\" sizes=\"(max-width: 840px) 100vw, 840px\" \/><\/figure><\/div>\n\n\n<p>Con este fin, ser\u00e1 necesario efectuar una&nbsp;interrupci\u00f3n programada en las siguientes zonas y horarios:<\/p>\n\n\n\n<p>\ud83d\udcccPERICO<\/p>\n\n\n\n<p>\ud83d\uddd3\ufe0f S\u00c1BADO 12\/07\/2025&nbsp;&nbsp;&nbsp;&nbsp;&nbsp;&nbsp;&nbsp;&nbsp;&nbsp;&nbsp;&nbsp;&nbsp;&nbsp;&nbsp;&nbsp;&nbsp;&nbsp;&nbsp;&nbsp;&nbsp;&nbsp;&nbsp;&nbsp;&nbsp;&nbsp;&nbsp;&nbsp;&nbsp;&nbsp;&nbsp;&nbsp;&nbsp;&nbsp;&nbsp;&nbsp;&nbsp;&nbsp;&nbsp;&nbsp;&nbsp;&nbsp;&nbsp;&nbsp;&nbsp;&nbsp;&nbsp;&nbsp;&nbsp;&nbsp;&nbsp;&nbsp;&nbsp;&nbsp;&nbsp;&nbsp;&nbsp;&nbsp;&nbsp;&nbsp;&nbsp;&nbsp;&nbsp;<\/p>\n\n\n\n<p>\ud83d\udd52&nbsp;De 08:00 a 13:00 Hs aprox.<\/p>\n\n\n\n<p>Zonas: Pozo La Avispa y zonas aleda\u00f1as.<\/p>\n\n\n\n<p>Agradecemos tomar las precauciones necesarias durante la duraci\u00f3n de dicha interrupci\u00f3n a fin de evitar mayores inconvenientes.<\/p>\n\n\n\n<p>Por consultas y\/o requerimientos te recordamos nuestros canales oficiales de contacto disponibles las 24hs. A trav\u00e9s de este link:&nbsp;<a href=\"https:\/\/linktr.ee\/ejesa\" target=\"_blank\" rel=\"noreferrer noopener\">https:\/\/linktr.ee\/ejesa<\/a><\/p>\n","protected":false},"excerpt":{"rendered":"<p>Informamos\u00a0que, con el objeto de\u00a0elevar la calidad de nuestro servicio,\u00a0se realizar\u00e1n tareas de\u00a0mantenimiento y renovaci\u00f3n\u00a0en las instalaciones de nuestro sistema. Con este fin, ser\u00e1 necesario efectuar una&nbsp;interrupci\u00f3n programada en las siguientes zonas y horarios: \ud83d\udcccPERICO \ud83d\uddd3\ufe0f S\u00c1BADO 12\/07\/2025&nbsp;&nbsp;&nbsp;&nbsp;&nbsp;&nbsp;&nbsp;&nbsp;&nbsp;&nbsp;&nbsp;&nbsp;&nbsp;&nbsp;&nbsp;&nbsp;&nbsp;&nbsp;&nbsp;&nbsp;&nbsp;&nbsp;&nbsp;&nbsp;&nbsp;&nbsp;&nbsp;&nbsp;&nbsp;&nbsp;&nbsp;&nbsp;&nbsp;&nbsp;&nbsp;&nbsp;&nbsp;&nbsp;&nbsp;&nbsp;&nbsp;&nbsp;&nbsp;&nbsp;&nbsp;&nbsp;&nbsp;&nbsp;&nbsp;&nbsp;&nbsp;&nbsp;&nbsp;&nbsp;&nbsp;&nbsp;&nbsp;&nbsp;&nbsp;&nbsp;&nbsp;&nbsp; \ud83d\udd52&nbsp;De 08:00 a 13:00 Hs aprox. Zonas: Pozo La Avispa y zonas aleda\u00f1as. Agradecemos tomar las precauciones [&hellip;]<\/p>\n","protected":false},"author":5,"featured_media":219519,"comment_status":"open","ping_status":"open","sticky":false,"template":"","format":"standard","meta":{"_stopmodifiedupdate":false,"_modified_date":"","inline_featured_image":false,"spay_email":"","jetpack_publicize_message":""},"categories":[4],"tags":[],"jetpack_featured_media_url":"https:\/\/notinor.com\/jujuy\/wp-content\/uploads\/2019\/08\/Zona-franca-perico.jpg","jetpack_publicize_connections":[],"_links":{"self":[{"href":"https:\/\/notinor.com\/jujuy\/wp-json\/wp\/v2\/posts\/430007"}],"collection":[{"href":"https:\/\/notinor.com\/jujuy\/wp-json\/wp\/v2\/posts"}],"about":[{"href":"https:\/\/notinor.com\/jujuy\/wp-json\/wp\/v2\/types\/post"}],"author":[{"embeddable":true,"href":"https:\/\/notinor.com\/jujuy\/wp-json\/wp\/v2\/users\/5"}],"replies":[{"embeddable":true,"href":"https:\/\/notinor.com\/jujuy\/wp-json\/wp\/v2\/comments?post=430007"}],"version-history":[{"count":1,"href":"https:\/\/notinor.com\/jujuy\/wp-json\/wp\/v2\/posts\/430007\/revisions"}],"predecessor-version":[{"id":430009,"href":"https:\/\/notinor.com\/jujuy\/wp-json\/wp\/v2\/posts\/430007\/revisions\/430009"}],"wp:featuredmedia":[{"embeddable":true,"href":"https:\/\/notinor.com\/jujuy\/wp-json\/wp\/v2\/media\/219519"}],"wp:attachment":[{"href":"https:\/\/notinor.com\/jujuy\/wp-json\/wp\/v2\/media?parent=430007"}],"wp:term":[{"taxonomy":"category","embeddable":true,"href":"https:\/\/notinor.com\/jujuy\/wp-json\/wp\/v2\/categories?post=430007"},{"taxonomy":"post_tag","embeddable":true,"href":"https:\/\/notinor.com\/jujuy\/wp-json\/wp\/v2\/tags?post=430007"}],"curies":[{"name":"wp","href":"https:\/\/api.w.org\/{rel}","templated":true}]}}