{"id":429866,"date":"2025-07-09T07:23:00","date_gmt":"2025-07-09T10:23:00","guid":{"rendered":"https:\/\/notinor.com\/jujuy\/?p=429866"},"modified":"2025-07-09T15:33:03","modified_gmt":"2025-07-09T18:33:03","slug":"dia-internacional-del-tdah-san-salvador-de-jujuy-se-suma-con-actividades-informativas-y-recreativas","status":"publish","type":"post","link":"https:\/\/notinor.com\/jujuy\/dia-internacional-del-tdah-san-salvador-de-jujuy-se-suma-con-actividades-informativas-y-recreativas\/","title":{"rendered":"D\u00eda Internacional del TDAH: San Salvador de Jujuy se suma con actividades informativas y recreativas"},"content":{"rendered":"\n<p class=\"has-medium-font-size\"><strong><em>Se instalar\u00e1 un stand informativo y habr\u00e1 propuestas l\u00fadicas referidas a la tem\u00e1tica, con el objetivo de brindar informaci\u00f3n accesible y generar espacios de reflexi\u00f3n y aprendizaje.<\/em><\/strong><\/p>\n\n\n\n<p><\/p>\n\n\n<div class=\"wp-block-image\">\n<figure class=\"aligncenter size-large\"><img decoding=\"async\" loading=\"lazy\" width=\"720\" height=\"480\" src=\"https:\/\/notinor.com\/jujuy\/wp-content\/uploads\/2025\/07\/image-15-720x480.png\" alt=\"\" class=\"wp-image-429867\" srcset=\"https:\/\/notinor.com\/jujuy\/wp-content\/uploads\/2025\/07\/image-15-720x480.png 720w, https:\/\/notinor.com\/jujuy\/wp-content\/uploads\/2025\/07\/image-15-548x365.png 548w, https:\/\/notinor.com\/jujuy\/wp-content\/uploads\/2025\/07\/image-15-768x512.png 768w, https:\/\/notinor.com\/jujuy\/wp-content\/uploads\/2025\/07\/image-15-750x500.png 750w, https:\/\/notinor.com\/jujuy\/wp-content\/uploads\/2025\/07\/image-15.png 900w\" sizes=\"(max-width: 720px) 100vw, 720px\" \/><\/figure><\/div>\n\n\n<p><\/p>\n\n\n\n<p>En el marco del D\u00eda Internacional del Trastorno por D\u00e9ficit de Atenci\u00f3n e Hiperactividad (TDAH),<strong> la Municipalidad de San Salvador de Jujuy llevar\u00e1 adelante una jornada de concientizaci\u00f3n<\/strong> este viernes 11 de julio, de 9 a 12 horas en la Peatonal Belgrano.<\/p>\n\n\n\n<p><strong>La actividad se desarrollar\u00e1 bajo el programa \u201cCriar, Aprender y Cuidar\u201d,<\/strong> una iniciativa que busca acompa\u00f1ar a las familias, docentes y cuidadores en el abordaje integral del TDAH. <\/p>\n\n\n\n<p>Durante la jornada, <strong>se instalar\u00e1 un stand informativo y se propondr\u00e1n actividades l\u00fadicas referidas a la tem\u00e1tica,<\/strong> con el objetivo de brindar informaci\u00f3n accesible y generar espacios de reflexi\u00f3n y aprendizaje.<\/p>\n\n\n\n<p><\/p>\n\n\n<div class=\"wp-block-image\">\n<figure class=\"aligncenter size-large is-resized\"><img decoding=\"async\" loading=\"lazy\" src=\"https:\/\/notinor.com\/jujuy\/wp-content\/uploads\/2025\/07\/image-16-384x480.png\" alt=\"\" class=\"wp-image-429868\" width=\"526\" height=\"658\" srcset=\"https:\/\/notinor.com\/jujuy\/wp-content\/uploads\/2025\/07\/image-16-384x480.png 384w, https:\/\/notinor.com\/jujuy\/wp-content\/uploads\/2025\/07\/image-16-292x365.png 292w, https:\/\/notinor.com\/jujuy\/wp-content\/uploads\/2025\/07\/image-16-768x960.png 768w, https:\/\/notinor.com\/jujuy\/wp-content\/uploads\/2025\/07\/image-16-750x938.png 750w, https:\/\/notinor.com\/jujuy\/wp-content\/uploads\/2025\/07\/image-16.png 819w\" sizes=\"(max-width: 526px) 100vw, 526px\" \/><\/figure><\/div>\n\n\n<p><\/p>\n\n\n\n<p><strong>La propuesta est\u00e1 enmarcada en el eje \u201cTejiendo v\u00ednculos desde el municipio\u201d<\/strong> y ser\u00e1 organizada por la Direcci\u00f3n de Salud Integral y G\u00e9nero. Quienes deseen realizar consultas previas pueden comunicarse v\u00eda WhatsApp al 3884338000, o escribir al correo electr\u00f3nico&nbsp;<a>saludintegralygenero@sansalvadordejujuy.gob.ar<\/a>.<\/p>\n","protected":false},"excerpt":{"rendered":"<p>Se instalar\u00e1 un stand informativo y habr\u00e1 propuestas l\u00fadicas referidas a la tem\u00e1tica, con el objetivo de brindar informaci\u00f3n accesible y generar espacios de reflexi\u00f3n y aprendizaje. En el marco del D\u00eda Internacional del Trastorno por D\u00e9ficit de Atenci\u00f3n e Hiperactividad (TDAH), la Municipalidad de San Salvador de Jujuy llevar\u00e1 adelante una jornada de concientizaci\u00f3n [&hellip;]<\/p>\n","protected":false},"author":51,"featured_media":429867,"comment_status":"open","ping_status":"open","sticky":false,"template":"","format":"standard","meta":{"_stopmodifiedupdate":false,"_modified_date":"","inline_featured_image":false,"spay_email":"","jetpack_publicize_message":""},"categories":[514],"tags":[],"jetpack_featured_media_url":"https:\/\/notinor.com\/jujuy\/wp-content\/uploads\/2025\/07\/image-15.png","jetpack_publicize_connections":[],"_links":{"self":[{"href":"https:\/\/notinor.com\/jujuy\/wp-json\/wp\/v2\/posts\/429866"}],"collection":[{"href":"https:\/\/notinor.com\/jujuy\/wp-json\/wp\/v2\/posts"}],"about":[{"href":"https:\/\/notinor.com\/jujuy\/wp-json\/wp\/v2\/types\/post"}],"author":[{"embeddable":true,"href":"https:\/\/notinor.com\/jujuy\/wp-json\/wp\/v2\/users\/51"}],"replies":[{"embeddable":true,"href":"https:\/\/notinor.com\/jujuy\/wp-json\/wp\/v2\/comments?post=429866"}],"version-history":[{"count":2,"href":"https:\/\/notinor.com\/jujuy\/wp-json\/wp\/v2\/posts\/429866\/revisions"}],"predecessor-version":[{"id":429872,"href":"https:\/\/notinor.com\/jujuy\/wp-json\/wp\/v2\/posts\/429866\/revisions\/429872"}],"wp:featuredmedia":[{"embeddable":true,"href":"https:\/\/notinor.com\/jujuy\/wp-json\/wp\/v2\/media\/429867"}],"wp:attachment":[{"href":"https:\/\/notinor.com\/jujuy\/wp-json\/wp\/v2\/media?parent=429866"}],"wp:term":[{"taxonomy":"category","embeddable":true,"href":"https:\/\/notinor.com\/jujuy\/wp-json\/wp\/v2\/categories?post=429866"},{"taxonomy":"post_tag","embeddable":true,"href":"https:\/\/notinor.com\/jujuy\/wp-json\/wp\/v2\/tags?post=429866"}],"curies":[{"name":"wp","href":"https:\/\/api.w.org\/{rel}","templated":true}]}}