{"id":429865,"date":"2025-07-08T19:23:24","date_gmt":"2025-07-08T22:23:24","guid":{"rendered":"https:\/\/notinor.com\/jujuy\/?p=429865"},"modified":"2025-07-08T19:23:27","modified_gmt":"2025-07-08T22:23:27","slug":"intendentes-del-pais-se-reunen-en-el-congreso-reclamos-por-subsidios-rutas-y-federalismo","status":"publish","type":"post","link":"https:\/\/notinor.com\/jujuy\/intendentes-del-pais-se-reunen-en-el-congreso-reclamos-por-subsidios-rutas-y-federalismo\/","title":{"rendered":"Intendentes del pa\u00eds se re\u00fanen en el Congreso: reclamos por subsidios, rutas y federalismo"},"content":{"rendered":"\n<p class=\"has-medium-font-size\"><strong><em>En el marco de una reuni\u00f3n clave con la Comisi\u00f3n de Asuntos Municipales de la C\u00e1mara de Diputados, el intendente de San Salvador de Jujuy, Ra\u00fal \u201cChuli\u201d Jorge, junto a otros jefes comunales de todo el pa\u00eds, expres\u00f3 su preocupaci\u00f3n por la cr\u00edtica situaci\u00f3n que atraviesan los municipios, reclamando medidas urgentes y mayor compromiso del gobierno nacional con el interior profundo.<\/em><\/strong><\/p>\n\n\n\n<p><\/p>\n\n\n<div class=\"wp-block-image\">\n<figure class=\"aligncenter size-full\"><img decoding=\"async\" loading=\"lazy\" width=\"800\" height=\"450\" src=\"https:\/\/notinor.com\/jujuy\/wp-content\/uploads\/2025\/07\/chuli-en-congreso-reunion-intendentes.jpeg\" alt=\"\" class=\"wp-image-429869\" srcset=\"https:\/\/notinor.com\/jujuy\/wp-content\/uploads\/2025\/07\/chuli-en-congreso-reunion-intendentes.jpeg 800w, https:\/\/notinor.com\/jujuy\/wp-content\/uploads\/2025\/07\/chuli-en-congreso-reunion-intendentes-649x365.jpeg 649w, https:\/\/notinor.com\/jujuy\/wp-content\/uploads\/2025\/07\/chuli-en-congreso-reunion-intendentes-500x280.jpeg 500w, https:\/\/notinor.com\/jujuy\/wp-content\/uploads\/2025\/07\/chuli-en-congreso-reunion-intendentes-768x432.jpeg 768w, https:\/\/notinor.com\/jujuy\/wp-content\/uploads\/2025\/07\/chuli-en-congreso-reunion-intendentes-750x422.jpeg 750w\" sizes=\"(max-width: 800px) 100vw, 800px\" \/><\/figure><\/div>\n\n\n<p><\/p>\n\n\n\n<p><strong>\u201cEl encuentro que estamos teniendo hoy es fundamental. Los intendentes de todo el pa\u00eds venimos a plantear temas que impactan directamente en la vida de nuestras comunidades, desde el costo del transporte hasta el estado de las rutas nacionales, pasando por la falta de programas de asistencia para municipios\u201d,<\/strong> expres\u00f3 Jorge.<\/p>\n\n\n\n<p>Uno de los ejes del reclamo fue el abandono del proyecto de subsidios al combustible, que a\u00f1os atr\u00e1s permiti\u00f3 mantener tarifas accesibles en el transporte p\u00fablico del interior. <strong>\u201cPasamos de boletos de $200 a m\u00e1s de $1.200. Esta situaci\u00f3n afecta a millones de personas y evidencia un desequilibrio que favorece al AMBA frente al resto del pa\u00eds\u201d,<\/strong> advirti\u00f3 el jefe comunal.<\/p>\n\n\n\n<p>Adem\u00e1s, Jorge hizo hincapi\u00e9 en la falta de coparticipaci\u00f3n de impuestos clave, como los grav\u00e1menes a los combustibles \u2013de los cuales el 55% queda en Naci\u00f3n\u2013 y los fondos del FONAVI, cuya distribuci\u00f3n hoy no alcanza de manera equitativa a las provincias.<\/p>\n\n\n\n<p>La eliminaci\u00f3n de Vialidad Nacional tambi\u00e9n fue duramente cuestionada. <strong>\u201cNo se puede dejar a las provincias sin un organismo que garantice la conservaci\u00f3n de las rutas. Reformar no es destruir. Hoy las rutas est\u00e1n colapsadas y eso genera accidentes diariamente\u201d,<\/strong> alert\u00f3 Jorge, y agreg\u00f3 que la reciente promesa del gobierno nacional de transferir 9.000 kil\u00f3metros de rutas a las provincias debe incluir obras previas y una distribuci\u00f3n justa. \u201cEsperamos que no se queden solo en el centro del pa\u00eds\u201d, sostuvo.<\/p>\n\n\n\n<p>El intendente tambi\u00e9n se refiri\u00f3 al vac\u00edo institucional que implica la desaparici\u00f3n de la Secretar\u00eda de Asuntos Municipales, que hist\u00f3ricamente asist\u00eda a los municipios en formaci\u00f3n, equipamiento y programas de desarrollo. <strong>\u201cHoy ya no existe, y eso agrava la situaci\u00f3n de los gobiernos locales que est\u00e1n al frente de la demanda social todos los d\u00edas\u201d,<\/strong> remarc\u00f3.<\/p>\n\n\n\n<p>Asimismo, Jorge critic\u00f3 la falta de un presupuesto nacional, advirtiendo que ya van casi tres a\u00f1os sin su aprobaci\u00f3n, lo que impide planificar y ejecutar pol\u00edticas p\u00fablicas en los municipios<strong>. \u201cVenimos a representar la voz de m\u00e1s de 2.000 gobiernos locales que est\u00e1n siendo ignorados. No hay pa\u00eds sin provincias, y no hay pa\u00eds sin municipios\u201d,<\/strong> sentenci\u00f3.<\/p>\n\n\n\n<p>Tambi\u00e9n hizo referencia a los debates que actualmente ocupan el Congreso, como el financiamiento universitario y la situaci\u00f3n del Hospital Garrahan, temas que, seg\u00fan afirm\u00f3, \u201cno son solo de CABA, sino de toda la Naci\u00f3n\u201d.<\/p>\n\n\n\n<p>Por \u00faltimo, el intendente Jorge reafirm\u00f3 la importancia de que el Congreso nacional escuche las voces del interior. <strong>\u201cEstamos ac\u00e1 para defender el federalismo, para exigir que se respete la equidad en la distribuci\u00f3n de los recursos y que no se sigan tomando decisiones que perjudican a quienes m\u00e1s necesitan del Estado presente\u201d,<\/strong> afirm\u00f3.<\/p>\n","protected":false},"excerpt":{"rendered":"<p>En el marco de una reuni\u00f3n clave con la Comisi\u00f3n de Asuntos Municipales de la C\u00e1mara de Diputados, el intendente de San Salvador de Jujuy, Ra\u00fal \u201cChuli\u201d Jorge, junto a otros jefes comunales de todo el pa\u00eds, expres\u00f3 su preocupaci\u00f3n por la cr\u00edtica situaci\u00f3n que atraviesan los municipios, reclamando medidas urgentes y mayor compromiso del [&hellip;]<\/p>\n","protected":false},"author":49,"featured_media":429869,"comment_status":"open","ping_status":"open","sticky":false,"template":"","format":"standard","meta":{"_stopmodifiedupdate":false,"_modified_date":"","inline_featured_image":false,"spay_email":"","jetpack_publicize_message":""},"categories":[2,514,5],"tags":[],"jetpack_featured_media_url":"https:\/\/notinor.com\/jujuy\/wp-content\/uploads\/2025\/07\/chuli-en-congreso-reunion-intendentes.jpeg","jetpack_publicize_connections":[],"_links":{"self":[{"href":"https:\/\/notinor.com\/jujuy\/wp-json\/wp\/v2\/posts\/429865"}],"collection":[{"href":"https:\/\/notinor.com\/jujuy\/wp-json\/wp\/v2\/posts"}],"about":[{"href":"https:\/\/notinor.com\/jujuy\/wp-json\/wp\/v2\/types\/post"}],"author":[{"embeddable":true,"href":"https:\/\/notinor.com\/jujuy\/wp-json\/wp\/v2\/users\/49"}],"replies":[{"embeddable":true,"href":"https:\/\/notinor.com\/jujuy\/wp-json\/wp\/v2\/comments?post=429865"}],"version-history":[{"count":1,"href":"https:\/\/notinor.com\/jujuy\/wp-json\/wp\/v2\/posts\/429865\/revisions"}],"predecessor-version":[{"id":429870,"href":"https:\/\/notinor.com\/jujuy\/wp-json\/wp\/v2\/posts\/429865\/revisions\/429870"}],"wp:featuredmedia":[{"embeddable":true,"href":"https:\/\/notinor.com\/jujuy\/wp-json\/wp\/v2\/media\/429869"}],"wp:attachment":[{"href":"https:\/\/notinor.com\/jujuy\/wp-json\/wp\/v2\/media?parent=429865"}],"wp:term":[{"taxonomy":"category","embeddable":true,"href":"https:\/\/notinor.com\/jujuy\/wp-json\/wp\/v2\/categories?post=429865"},{"taxonomy":"post_tag","embeddable":true,"href":"https:\/\/notinor.com\/jujuy\/wp-json\/wp\/v2\/tags?post=429865"}],"curies":[{"name":"wp","href":"https:\/\/api.w.org\/{rel}","templated":true}]}}