{"id":429640,"date":"2025-07-03T20:39:32","date_gmt":"2025-07-03T23:39:32","guid":{"rendered":"https:\/\/notinor.com\/jujuy\/?p=429640"},"modified":"2025-07-03T20:39:34","modified_gmt":"2025-07-03T23:39:34","slug":"un-automovil-choco-de-atras-a-un-colectivo-en-calle-urquiza-hay-dos-heridos","status":"publish","type":"post","link":"https:\/\/notinor.com\/jujuy\/un-automovil-choco-de-atras-a-un-colectivo-en-calle-urquiza-hay-dos-heridos\/","title":{"rendered":"Un autom\u00f3vil choc\u00f3 de atr\u00e1s a un colectivo\u00a0en calle Urquiza, hay dos heridos"},"content":{"rendered":"\n<p class=\"has-medium-font-size\"><strong><em>Un auto y un colectivo chocaron esta tarde en la calle Urquiza, en San Salvador de Jujuy, provocando una gran congesti\u00f3n de autos.<\/em><\/strong><\/p>\n\n\n\n<p><\/p>\n\n\n<div class=\"wp-block-image\">\n<figure class=\"aligncenter size-full\"><img decoding=\"async\" loading=\"lazy\" width=\"800\" height=\"450\" src=\"https:\/\/notinor.com\/jujuy\/wp-content\/uploads\/2025\/07\/choque-auto-y-colectivo.jpg\" alt=\"\" class=\"wp-image-429641\" srcset=\"https:\/\/notinor.com\/jujuy\/wp-content\/uploads\/2025\/07\/choque-auto-y-colectivo.jpg 800w, https:\/\/notinor.com\/jujuy\/wp-content\/uploads\/2025\/07\/choque-auto-y-colectivo-649x365.jpg 649w, https:\/\/notinor.com\/jujuy\/wp-content\/uploads\/2025\/07\/choque-auto-y-colectivo-500x280.jpg 500w, https:\/\/notinor.com\/jujuy\/wp-content\/uploads\/2025\/07\/choque-auto-y-colectivo-768x432.jpg 768w, https:\/\/notinor.com\/jujuy\/wp-content\/uploads\/2025\/07\/choque-auto-y-colectivo-750x422.jpg 750w\" sizes=\"(max-width: 800px) 100vw, 800px\" \/><\/figure><\/div>\n\n\n<p><\/p>\n\n\n\n<p>Un auto y un colectivo chocaron en la calle Urquiza, en San Salvador de Jujuy. Fue durante la tarde de este jueves. <strong>Seg\u00fan testigos, el veh\u00edculo de menor porte embisti\u00f3 de atr\u00e1s a la unidad del transporte urbano en la ciudad,\u00a0lo que origin\u00f3 el impacto.<\/strong><\/p>\n\n\n\n<p><strong>El siniestro vial gener\u00f3 una gran congesti\u00f3n de veh\u00edculos en una calle muy transitada, y oblig\u00f3 a restringir el tr\u00e1nsito.<\/strong> Hubo dos heridos que no revisten gravedad, los dos ocupantes del auto que fueron asistidos por personal del SAME, pero s\u00ed importantes da\u00f1os materiales, sobre todo el auto.<\/p>\n","protected":false},"excerpt":{"rendered":"<p>Un auto y un colectivo chocaron esta tarde en la calle Urquiza, en San Salvador de Jujuy, provocando una gran congesti\u00f3n de autos. Un auto y un colectivo chocaron en la calle Urquiza, en San Salvador de Jujuy. Fue durante la tarde de este jueves. Seg\u00fan testigos, el veh\u00edculo de menor porte embisti\u00f3 de atr\u00e1s [&hellip;]<\/p>\n","protected":false},"author":49,"featured_media":429641,"comment_status":"open","ping_status":"open","sticky":false,"template":"","format":"standard","meta":{"_stopmodifiedupdate":false,"_modified_date":"","inline_featured_image":false,"spay_email":"","jetpack_publicize_message":""},"categories":[2,514,3],"tags":[],"jetpack_featured_media_url":"https:\/\/notinor.com\/jujuy\/wp-content\/uploads\/2025\/07\/choque-auto-y-colectivo.jpg","jetpack_publicize_connections":[],"_links":{"self":[{"href":"https:\/\/notinor.com\/jujuy\/wp-json\/wp\/v2\/posts\/429640"}],"collection":[{"href":"https:\/\/notinor.com\/jujuy\/wp-json\/wp\/v2\/posts"}],"about":[{"href":"https:\/\/notinor.com\/jujuy\/wp-json\/wp\/v2\/types\/post"}],"author":[{"embeddable":true,"href":"https:\/\/notinor.com\/jujuy\/wp-json\/wp\/v2\/users\/49"}],"replies":[{"embeddable":true,"href":"https:\/\/notinor.com\/jujuy\/wp-json\/wp\/v2\/comments?post=429640"}],"version-history":[{"count":1,"href":"https:\/\/notinor.com\/jujuy\/wp-json\/wp\/v2\/posts\/429640\/revisions"}],"predecessor-version":[{"id":429642,"href":"https:\/\/notinor.com\/jujuy\/wp-json\/wp\/v2\/posts\/429640\/revisions\/429642"}],"wp:featuredmedia":[{"embeddable":true,"href":"https:\/\/notinor.com\/jujuy\/wp-json\/wp\/v2\/media\/429641"}],"wp:attachment":[{"href":"https:\/\/notinor.com\/jujuy\/wp-json\/wp\/v2\/media?parent=429640"}],"wp:term":[{"taxonomy":"category","embeddable":true,"href":"https:\/\/notinor.com\/jujuy\/wp-json\/wp\/v2\/categories?post=429640"},{"taxonomy":"post_tag","embeddable":true,"href":"https:\/\/notinor.com\/jujuy\/wp-json\/wp\/v2\/tags?post=429640"}],"curies":[{"name":"wp","href":"https:\/\/api.w.org\/{rel}","templated":true}]}}