{"id":429633,"date":"2025-07-03T13:52:55","date_gmt":"2025-07-03T16:52:55","guid":{"rendered":"https:\/\/notinor.com\/jujuy\/?p=429633"},"modified":"2025-07-03T19:01:59","modified_gmt":"2025-07-03T22:01:59","slug":"cristina-kirchner-se-reunio-con-lula-da-silva-durante-casi-una-hora-en-su-casa-del-barrio-de-constitucion","status":"publish","type":"post","link":"https:\/\/notinor.com\/jujuy\/cristina-kirchner-se-reunio-con-lula-da-silva-durante-casi-una-hora-en-su-casa-del-barrio-de-constitucion\/","title":{"rendered":"Cristina Kirchner se reuni\u00f3 con Lula Da Silva durante casi una hora en su casa del barrio de Constituci\u00f3n"},"content":{"rendered":"\n<p class=\"has-medium-font-size\"><strong><em>El presidente brasile\u00f1o arrib\u00f3 minutos despu\u00e9s de las 12:30 y se retir\u00f3 50 minutos despu\u00e9s de la vivienda donde la l\u00edder del PJ cumple prisi\u00f3n domiciliaria<\/em><\/strong>-<\/p>\n\n\n\n<p class=\"has-text-align-center\"><a rel=\"noreferrer noopener\" href=\"https:\/\/www.infobae.com\/politica\/2025\/07\/03\/cordialidad-y-distancia-asi-fue-el-saludo-de-milei-y-lula-en-la-cumbre-del-mercosur\/\" target=\"_blank\"><\/a><img decoding=\"async\" loading=\"lazy\" height=\"1080\" width=\"1920\" src=\"https:\/\/www.infobae.com\/resizer\/v2\/YF7EBWKVYVA5BGRWUG5BEJVJZQ.jpg?auth=e9d6b46b445223a9d64413624c4b7c18275ca5544f39cb5713e77c7f959650bc&amp;smart=true&amp;width=350&amp;height=197&amp;quality=85\" alt=\"El mandatario brasile\u00f1o lleg\u00f3 al\">El mandatario brasile\u00f1o lleg\u00f3 al barrio de Constituci\u00f3n con una gran escolta de seguridad<\/p>\n\n\n\n<p>El presidente de Brasil,&nbsp;<strong>Lula Da Silva<\/strong>, finalmente se reuni\u00f3 con&nbsp;<strong>Cristina Kirchner<\/strong>&nbsp;en la casa del barrio porte\u00f1o de Constituci\u00f3n, donde la l\u00edder del peronismo cumple arresto domiciliario.<\/p>\n\n\n\n<p>La Justicia autoriz\u00f3 durante la ma\u00f1ana del mi\u00e9rcoles que la ex jefa de Estado reciba al mandatario brasile\u00f1o, quien lleg\u00f3 al lugar (con una&nbsp;<strong>gran escolta policial<\/strong>) minutos despu\u00e9s de las&nbsp;<strong>12:30<\/strong>&nbsp;y se retir\u00f3 a las 13:25, retir\u00f3 50 minutos despu\u00e9s.<\/p>\n\n\n\n<p>De momento no trascendieron detalles del contenido de la charla, pero se espera que en el transcurso de la tarde se difundan im\u00e1genes y ambos cuenten sus sensaciones.<\/p>\n\n\n\n<p>La&nbsp;<strong>Embajada de Brasil<\/strong>&nbsp;hab\u00eda confirmado a&nbsp;<em>Infobae<\/em>&nbsp;que la reuni\u00f3n se realizar\u00eda este jueves, luego de la Cumbre del Mercosur en Buenos Aires. Y as\u00ed fue: el mandatario arrib\u00f3 tras participar del encuentro regional donde asumi\u00f3 la presidencia pro tempore del bloque comercial que integran Brasil, Argentina, Uruguay y Paraguay hasta fines de 2025. En ese mismo meeting estuvo cara a cara con <strong>Javier Milei, con quien tuvo un fr\u00edo saludo<\/strong>.<\/p>\n\n\n\n<p>La agenda de este charla con Cristina Kirchner fue coordinada entre delegados diplom\u00e1ticos de Brasil y representantes de la&nbsp;<strong>Canciller\u00eda argentina<\/strong>, quienes notificaron a las autoridades judiciales sobre la intenci\u00f3n del presidente brasile\u00f1o de mantener un di\u00e1logo con la ex mandataria.<\/p>\n\n\n\n<p class=\"has-text-align-center\"><a rel=\"noreferrer noopener\" href=\"https:\/\/www.infobae.com\/politica\/2025\/07\/03\/mercosur-milei-hace-un-balance-positivo-de-su-presidencia-pro-tempore-y-deja-en-manos-de-lula-el-tratado-con-la-ue\/\" target=\"_blank\"><\/a><img decoding=\"async\" loading=\"lazy\" height=\"1080\" width=\"1920\" src=\"https:\/\/www.infobae.com\/resizer\/v2\/42FZHOCNOJES5PKEZQN6HSXNT4.jpg?auth=01f61ea9a040f9643f0b5c0a826c54bb477cfd59ab8f0a37da31ca4460c99f75&amp;smart=true&amp;width=350&amp;height=197&amp;quality=85\" alt=\"Lula saluda a la militancia\">Lula saluda a la militancia tras salir de la reuni\u00f3n con Cristina Kirchner <\/p>\n\n\n\n<p>El pedido para concretar la reuni\u00f3n fue presentado por el equipo legal de CFK, solicitando un permiso excepcional para recibir a&nbsp;<strong>Lula<\/strong>&nbsp;en el marco de la visita diplom\u00e1tica. El juez federal&nbsp;<strong>Jorge Gorini<\/strong>&nbsp;acept\u00f3, pero le record\u00f3 a la ex presidenta la obligaci\u00f3n de \u201cabstenerse de adoptar comportamientos\u201d que perturben el barrio.<\/p>\n\n\n\n<p>En ese contexto, se especific\u00f3 que&nbsp;<strong>Lula<\/strong>&nbsp;concurrir\u00eda acompa\u00f1ado de personal diplom\u00e1tico acreditado y que no se esperaba la presencia de medios de comunicaci\u00f3n durante el encuentro, ya que&nbsp;<strong>la visita tiene un car\u00e1cter estrictamente privado y humanitario<\/strong>.<\/p>\n\n\n\n<p class=\"has-text-align-center\"><strong>Cristina Kirchner<\/strong>&nbsp;cumple arresto domiciliario tras la condena firme dictada por el&nbsp;<strong>Tribunal Oral Federal N\u00b02<\/strong>&nbsp;en la causa \u201cVialidad\u201d. La l\u00edder del&nbsp;<strong>PJ<\/strong>&nbsp;recibi\u00f3 una pena de&nbsp;<strong>seis a\u00f1os de prisi\u00f3n e inhabilitaci\u00f3n perpetua para ejercer cargos p\u00fablicos<\/strong>&nbsp;por administraci\u00f3n fraudulenta durante su gesti\u00f3n. El esquema de visitas de la ex mandataria se encuentra limitado y sujeto a la autorizaci\u00f3n expresa del tribunal a cargo de la causa.<img decoding=\"async\" loading=\"lazy\" alt=\"El momento en que Lula\" height=\"2073\" src=\"https:\/\/www.infobae.com\/resizer\/v2\/JXGJTUTZFZCUDCLK3VS32N6TUM.jpg?auth=c23099b0a5c435c2ee481c57bcedc5e8c74aca080dc7d94cf6ebefb0161bbfb6&amp;smart=true&amp;width=350&amp;height=233&amp;quality=85\" width=\"3000\">El momento en que Lula ingresa al edificio donde Cristina Kirchner cumple prisi\u00f3n domiciliaria<\/p>\n\n\n\n<p>Mientras se llevaba a cabo la reuni\u00f3n entre CFK y Lula, un grupo de&nbsp;<strong>militantes&nbsp;<\/strong>aguardaba abajo, al pie del balc\u00f3n donde la ex jefa de Estado permanece recluida. Llegaron al lugar antes que el presidente brasile\u00f1o, al que recibieron de&nbsp;<strong>manera efusiva<\/strong>.<\/p>\n\n\n\n<p>Semanas atr\u00e1s el jefe de Estado hab\u00eda hablado de su v\u00ednculo con la actual l\u00edder del PJ y dio detalles del&nbsp;<strong>contacto telef\u00f3nico<\/strong>&nbsp;que mantuvieron tras conocerse la condena judicial: \u201cCristina, te llamo porque quiero que sepas que&nbsp;<strong>mi amistad contigo<\/strong>&nbsp;no se debe a que t\u00fa y yo fu\u00e9ramos presidentes. Mi amistad contigo se debe a que yo soy una persona y t\u00fa eres una persona\u201d.<\/p>\n","protected":false},"excerpt":{"rendered":"<p>El presidente brasile\u00f1o arrib\u00f3 minutos despu\u00e9s de las 12:30 y se retir\u00f3 50 minutos despu\u00e9s de la vivienda donde la l\u00edder del PJ cumple prisi\u00f3n domiciliaria- El mandatario brasile\u00f1o lleg\u00f3 al barrio de Constituci\u00f3n con una gran escolta de seguridad El presidente de Brasil,&nbsp;Lula Da Silva, finalmente se reuni\u00f3 con&nbsp;Cristina Kirchner&nbsp;en la casa del barrio [&hellip;]<\/p>\n","protected":false},"author":5,"featured_media":429634,"comment_status":"open","ping_status":"open","sticky":false,"template":"","format":"standard","meta":{"_stopmodifiedupdate":false,"_modified_date":"","inline_featured_image":false,"spay_email":"","jetpack_publicize_message":""},"categories":[2,501],"tags":[],"jetpack_featured_media_url":"https:\/\/notinor.com\/jujuy\/wp-content\/uploads\/2025\/07\/LULA-1.jpg","jetpack_publicize_connections":[],"_links":{"self":[{"href":"https:\/\/notinor.com\/jujuy\/wp-json\/wp\/v2\/posts\/429633"}],"collection":[{"href":"https:\/\/notinor.com\/jujuy\/wp-json\/wp\/v2\/posts"}],"about":[{"href":"https:\/\/notinor.com\/jujuy\/wp-json\/wp\/v2\/types\/post"}],"author":[{"embeddable":true,"href":"https:\/\/notinor.com\/jujuy\/wp-json\/wp\/v2\/users\/5"}],"replies":[{"embeddable":true,"href":"https:\/\/notinor.com\/jujuy\/wp-json\/wp\/v2\/comments?post=429633"}],"version-history":[{"count":2,"href":"https:\/\/notinor.com\/jujuy\/wp-json\/wp\/v2\/posts\/429633\/revisions"}],"predecessor-version":[{"id":429636,"href":"https:\/\/notinor.com\/jujuy\/wp-json\/wp\/v2\/posts\/429633\/revisions\/429636"}],"wp:featuredmedia":[{"embeddable":true,"href":"https:\/\/notinor.com\/jujuy\/wp-json\/wp\/v2\/media\/429634"}],"wp:attachment":[{"href":"https:\/\/notinor.com\/jujuy\/wp-json\/wp\/v2\/media?parent=429633"}],"wp:term":[{"taxonomy":"category","embeddable":true,"href":"https:\/\/notinor.com\/jujuy\/wp-json\/wp\/v2\/categories?post=429633"},{"taxonomy":"post_tag","embeddable":true,"href":"https:\/\/notinor.com\/jujuy\/wp-json\/wp\/v2\/tags?post=429633"}],"curies":[{"name":"wp","href":"https:\/\/api.w.org\/{rel}","templated":true}]}}