{"id":429624,"date":"2025-07-02T22:58:00","date_gmt":"2025-07-03T01:58:00","guid":{"rendered":"https:\/\/notinor.com\/jujuy\/?p=429624"},"modified":"2025-07-02T12:58:53","modified_gmt":"2025-07-02T12:58:53","slug":"encuentros-de-aprendizaje-por-el-mes-de-las-altas-capacidades-en-el-parque-botanico-municipal","status":"publish","type":"post","link":"https:\/\/notinor.com\/jujuy\/encuentros-de-aprendizaje-por-el-mes-de-las-altas-capacidades-en-el-parque-botanico-municipal\/","title":{"rendered":"Encuentros de aprendizaje por el Mes de las Altas Capacidades en el Parque Bot\u00e1nico Municipal"},"content":{"rendered":"\n<p class=\"has-medium-font-size\"><strong><em>En el marco del D\u00eda Provincial y Nacional de las Altas Capacidades (Ley Provincial 6343) se llev\u00f3 a cabo un enriquecedor encuentro en el Parque Bot\u00e1nico Municipal del barrio Los Perales, entre el grupo perteneciente a Modalidad de Educaci\u00f3n Especial \u00c1rea de Altas Capacidades y Talentos del Ministerio de Educaci\u00f3n y el Club Ambiental \u201cYungueritos \u201c; donde fortalecieron la participaci\u00f3n de los estudiantes en diversos escenarios de exploraci\u00f3n y aprendizaje.<\/em><\/strong><\/p>\n\n\n<div class=\"wp-block-image\">\n<figure class=\"aligncenter\"><img decoding=\"async\" src=\"https:\/\/www.sansalvadordejujuy.gob.ar\/wp-content\/uploads\/2025\/07\/BOTANICO-1.jpg-OOO-1024x724.jpg\" alt=\"\" class=\"wp-image-89625\"\/><\/figure><\/div>\n\n\n<p>Cabe destacar que la jornada fue organizada por la Modalidad de Educaci\u00f3n Especial \u00c1rea de Altas Capacidades y Talentos del Ministerio de Educaci\u00f3n del Provincia en articulaci\u00f3n con la Coordinaci\u00f3n del Parque Bot\u00e1nico Municipal, a trav\u00e9s de Club Ambiental Yungueritos&nbsp;<a><\/a>y la Agencia de Ciencia, Tecnolog\u00eda e innovaci\u00f3n.<\/p>\n\n\n\n<p>Con m\u00e1s detalles de la experiencia, la directora de la reserva natural, Marcela Gaspar coment\u00f3 \u201cel objetivo principal fue generar pr\u00e1cticas y culturas inclusivas a partir de la construcci\u00f3n de un espacio cient\u00edfico, innovador y creativo, as\u00ed como fortalecer la participaci\u00f3n de los estudiantes en diversos escenarios de exploraci\u00f3n y aprendizaje\u201d.<\/p>\n\n\n<div class=\"wp-block-image\">\n<figure class=\"aligncenter\"><img decoding=\"async\" src=\"https:\/\/www.sansalvadordejujuy.gob.ar\/wp-content\/uploads\/2025\/07\/BOTANICO-2.jpg-0000-1024x724.jpg\" alt=\"\" class=\"wp-image-89626\"\/><\/figure><\/div>\n\n\n<p>En este sentido, a\u00f1adi\u00f3 \u201centre las actividades desarrolladas se incluyeron juegos y creatividades en matem\u00e1ticas, charla introductoria sobre el parque bot\u00e1nico y su importancia como \u00e1rea protegida, recorrido interpretativo por los senderos, guiado por el personal especializado del parque y para finalizar un espacio de intercambio y reflexi\u00f3n entre los participantes\u201d.<\/p>\n\n\n\n<p>Adem\u00e1s del aprendizaje compartido agreg\u00f3 Gaspar, el encuentro permiti\u00f3 reafirmar el compromiso de ni\u00f1os y ni\u00f1as con el cuidado del ambiente y la valoraci\u00f3n de la naturaleza, fortaleciendo su v\u00ednculo con el entono y su rol activo como agentes de cambio.<\/p>\n\n\n<div class=\"wp-block-image\">\n<figure class=\"aligncenter\"><img decoding=\"async\" src=\"https:\/\/www.sansalvadordejujuy.gob.ar\/wp-content\/uploads\/2025\/07\/BOTANICO-3.jpg-4-1024x724.jpg\" alt=\"\" class=\"wp-image-89627\"\/><\/figure><\/div>\n\n\n<p>Adem\u00e1s, consider\u00f3 \u201ceste tipo de propuestas permiten enriquecer la experiencia educativa de ni\u00f1as, ni\u00f1os adolescentes con altas capacidades, promoviendo la interacci\u00f3n con el entorno natural y la consolidaci\u00f3n de saberes a trav\u00e9s del juego la ciencia y al trabajo colaborativo\u201d; y exalt\u00f3 \u201cdesde las instituciones participantes celebraron la realizaci\u00f3n de este encuentro que representa un valioso paso hacia una educaci\u00f3n m\u00e1s diversa accesible e inclusiva\u201d.<\/p>\n","protected":false},"excerpt":{"rendered":"<p>En el marco del D\u00eda Provincial y Nacional de las Altas Capacidades (Ley Provincial 6343) se llev\u00f3 a cabo un enriquecedor encuentro en el Parque Bot\u00e1nico Municipal del barrio Los Perales, entre el grupo perteneciente a Modalidad de Educaci\u00f3n Especial \u00c1rea de Altas Capacidades y Talentos del Ministerio de Educaci\u00f3n y el Club Ambiental \u201cYungueritos [&hellip;]<\/p>\n","protected":false},"author":5,"featured_media":429625,"comment_status":"open","ping_status":"open","sticky":false,"template":"","format":"standard","meta":{"_stopmodifiedupdate":false,"_modified_date":"","inline_featured_image":false,"spay_email":"","jetpack_publicize_message":""},"categories":[13],"tags":[],"jetpack_featured_media_url":"https:\/\/notinor.com\/jujuy\/wp-content\/uploads\/2025\/07\/ENCUENTRO.jpg","jetpack_publicize_connections":[],"_links":{"self":[{"href":"https:\/\/notinor.com\/jujuy\/wp-json\/wp\/v2\/posts\/429624"}],"collection":[{"href":"https:\/\/notinor.com\/jujuy\/wp-json\/wp\/v2\/posts"}],"about":[{"href":"https:\/\/notinor.com\/jujuy\/wp-json\/wp\/v2\/types\/post"}],"author":[{"embeddable":true,"href":"https:\/\/notinor.com\/jujuy\/wp-json\/wp\/v2\/users\/5"}],"replies":[{"embeddable":true,"href":"https:\/\/notinor.com\/jujuy\/wp-json\/wp\/v2\/comments?post=429624"}],"version-history":[{"count":1,"href":"https:\/\/notinor.com\/jujuy\/wp-json\/wp\/v2\/posts\/429624\/revisions"}],"predecessor-version":[{"id":429626,"href":"https:\/\/notinor.com\/jujuy\/wp-json\/wp\/v2\/posts\/429624\/revisions\/429626"}],"wp:featuredmedia":[{"embeddable":true,"href":"https:\/\/notinor.com\/jujuy\/wp-json\/wp\/v2\/media\/429625"}],"wp:attachment":[{"href":"https:\/\/notinor.com\/jujuy\/wp-json\/wp\/v2\/media?parent=429624"}],"wp:term":[{"taxonomy":"category","embeddable":true,"href":"https:\/\/notinor.com\/jujuy\/wp-json\/wp\/v2\/categories?post=429624"},{"taxonomy":"post_tag","embeddable":true,"href":"https:\/\/notinor.com\/jujuy\/wp-json\/wp\/v2\/tags?post=429624"}],"curies":[{"name":"wp","href":"https:\/\/api.w.org\/{rel}","templated":true}]}}