{"id":429576,"date":"2025-07-02T11:52:24","date_gmt":"2025-07-02T14:52:24","guid":{"rendered":"https:\/\/notinor.com\/jujuy\/?p=429576"},"modified":"2025-07-02T11:52:25","modified_gmt":"2025-07-02T14:52:25","slug":"la-justicia-autorizo-a-lula-da-silva-a-visitar-manana-a-cristina-kirchner-en-su-prision-domiciliaria","status":"publish","type":"post","link":"https:\/\/notinor.com\/jujuy\/la-justicia-autorizo-a-lula-da-silva-a-visitar-manana-a-cristina-kirchner-en-su-prision-domiciliaria\/","title":{"rendered":"La Justicia autoriz\u00f3 a Lula da Silva a visitar ma\u00f1ana a Cristina Kirchner en su prisi\u00f3n domiciliaria"},"content":{"rendered":"\n<p class=\"has-medium-font-size\"><strong><em>El Tribunal acept\u00f3 el pedido de la ex mandataria para que el presidente de Brasil la visite en su departamento de San Jos\u00e9 1.111.<\/em><\/strong><\/p>\n\n\n\n<p class=\"has-text-align-center\"><img decoding=\"async\" loading=\"lazy\" height=\"656\" width=\"1077\" src=\"https:\/\/www.infobae.com\/resizer\/v2\/2VWD42TA4VGA7NZKFEDRMRNQPY.JPG?auth=fc66492967e9f0e9629eba113a3ebd8d189ecda490c5535d9ee0731ac83dc9fd&amp;smart=true&amp;width=350&amp;height=214&amp;quality=85\" alt=\"Cristina Kirchner y Lula da\">Cristina Kirchner y Lula da Silva<\/p>\n\n\n\n<p>El presidente de Brasil,<strong>&nbsp;Luiz In\u00e1cio Lula da Silva,<\/strong>&nbsp;fue autorizado por la justicia para visitar ma\u00f1ana a la ex presidenta&nbsp;<strong>Cristina Kirchner<\/strong>&nbsp;en la prisi\u00f3n domiciliaria que cumple en el departamento de San Jos\u00e9 1.111, en el barrio porte\u00f1o de Monserrat, por su condena en la causa de \u201cVialidad\u201d.<\/p>\n\n\n\n<p>Fuentes judiciales informaron a&nbsp;<strong>Infobae&nbsp;<\/strong>que el juez federal&nbsp;<strong>Jorge Gorini&nbsp;<\/strong>acept\u00f3 el pedido de la ex presidenta para recibir a Lula da Silva y le record\u00f3 que debe cumplir la obligaci\u00f3n de&nbsp;<strong>\u201cabstenerse de adoptar comportamientos\u201d que perturben el barrio.<\/strong><\/p>\n\n\n\n<p>Lula da Silva llegar\u00e1 al pa\u00eds para participar de la Cumbre del Mercosur con el resto de los presidentes de la regi\u00f3n. En ese contexto, Cristina Kichner le pidi\u00f3 autorizaci\u00f3n al tribunal para que el mandatario de Brasil la visite.<\/p>\n\n\n\n<p>\u201cEn virtud de lo peticionado, autor\u00edzase a Cristina Fern\u00e1ndez de Kirchner a recibir la visita en el domicilio donde cumple su prisi\u00f3n domiciliaria del Presidente de la Rep\u00fablica Federativa de Brasil, Luiz In\u00e1cio Lula da Silva, a realizarse el pr\u00f3ximo jueves 3 de julio\u201d, resolvi\u00f3 el juez Gorini.<\/p>\n","protected":false},"excerpt":{"rendered":"<p>El Tribunal acept\u00f3 el pedido de la ex mandataria para que el presidente de Brasil la visite en su departamento de San Jos\u00e9 1.111. Cristina Kirchner y Lula da Silva El presidente de Brasil,&nbsp;Luiz In\u00e1cio Lula da Silva,&nbsp;fue autorizado por la justicia para visitar ma\u00f1ana a la ex presidenta&nbsp;Cristina Kirchner&nbsp;en la prisi\u00f3n domiciliaria que cumple [&hellip;]<\/p>\n","protected":false},"author":5,"featured_media":429577,"comment_status":"open","ping_status":"open","sticky":false,"template":"","format":"standard","meta":{"_stopmodifiedupdate":false,"_modified_date":"","inline_featured_image":false,"spay_email":"","jetpack_publicize_message":""},"categories":[2],"tags":[],"jetpack_featured_media_url":"https:\/\/notinor.com\/jujuy\/wp-content\/uploads\/2025\/07\/LULA.jpg","jetpack_publicize_connections":[],"_links":{"self":[{"href":"https:\/\/notinor.com\/jujuy\/wp-json\/wp\/v2\/posts\/429576"}],"collection":[{"href":"https:\/\/notinor.com\/jujuy\/wp-json\/wp\/v2\/posts"}],"about":[{"href":"https:\/\/notinor.com\/jujuy\/wp-json\/wp\/v2\/types\/post"}],"author":[{"embeddable":true,"href":"https:\/\/notinor.com\/jujuy\/wp-json\/wp\/v2\/users\/5"}],"replies":[{"embeddable":true,"href":"https:\/\/notinor.com\/jujuy\/wp-json\/wp\/v2\/comments?post=429576"}],"version-history":[{"count":1,"href":"https:\/\/notinor.com\/jujuy\/wp-json\/wp\/v2\/posts\/429576\/revisions"}],"predecessor-version":[{"id":429578,"href":"https:\/\/notinor.com\/jujuy\/wp-json\/wp\/v2\/posts\/429576\/revisions\/429578"}],"wp:featuredmedia":[{"embeddable":true,"href":"https:\/\/notinor.com\/jujuy\/wp-json\/wp\/v2\/media\/429577"}],"wp:attachment":[{"href":"https:\/\/notinor.com\/jujuy\/wp-json\/wp\/v2\/media?parent=429576"}],"wp:term":[{"taxonomy":"category","embeddable":true,"href":"https:\/\/notinor.com\/jujuy\/wp-json\/wp\/v2\/categories?post=429576"},{"taxonomy":"post_tag","embeddable":true,"href":"https:\/\/notinor.com\/jujuy\/wp-json\/wp\/v2\/tags?post=429576"}],"curies":[{"name":"wp","href":"https:\/\/api.w.org\/{rel}","templated":true}]}}