{"id":429568,"date":"2025-07-01T21:59:00","date_gmt":"2025-07-02T00:59:00","guid":{"rendered":"https:\/\/notinor.com\/jujuy\/?p=429568"},"modified":"2025-07-01T09:59:47","modified_gmt":"2025-07-01T09:59:47","slug":"nueva-jornada-de-la-muni-tu-lugar-en-el-cpv-de-barrio-belgrano","status":"publish","type":"post","link":"https:\/\/notinor.com\/jujuy\/nueva-jornada-de-la-muni-tu-lugar-en-el-cpv-de-barrio-belgrano\/","title":{"rendered":"Nueva jornada de \u201cLa Muni Tu Lugar\u201d en el CPV de barrio Belgrano"},"content":{"rendered":"\n<p class=\"has-medium-font-size\"><strong><em>El pr\u00f3ximo jueves 3 de julio, de 9 a 12 horas, el Centro de Participaci\u00f3n Vecinal (CPV) de barrio Belgrano \u2014ubicado en calle Zabala 395, esquina 1\u00b0 de Mayo\u2014 ser\u00e1 sede de una nueva edici\u00f3n del ciclo municipal \u201cLa Muni Tu Lugar\u201d, en esta oportunidad destinada a los vecinos adultos mayores del sector y zonas aleda\u00f1as.<\/em><\/strong><\/p>\n\n\n\n<figure class=\"wp-block-image\"><img decoding=\"async\" src=\"https:\/\/www.sansalvadordejujuy.gob.ar\/wp-content\/uploads\/2025\/07\/flyer-muni-tulugar-prensa-muni-jujuy-819x1024.jpeg\" alt=\"\" class=\"wp-image-89613\"\/><\/figure>\n\n\n\n<p>La actividad, organizada por la Direcci\u00f3n de Adultos Mayores, forma parte de una propuesta integral orientada a promover una vida activa y saludable en personas mayores, tambi\u00e9n conocidas como integrantes de la \u201cjuventud prolongada\u201d.<\/p>\n\n\n\n<p>Durante la jornada, los participantes podr\u00e1n acceder de manera gratuita a asesoramiento y actividades dise\u00f1adas para el bienestar f\u00edsico, cognitivo y emocional. Habr\u00e1 exposici\u00f3n de talleres, stands informativos, espacios de estimulaci\u00f3n de la memoria, presentaciones de baile, sesiones de masajes, clases de yoga en silla y otras propuestas pensadas para el disfrute y el cuidado integral de los asistentes.<\/p>\n\n\n\n<p>Esta iniciativa se enmarca en las pol\u00edticas de descentralizaci\u00f3n de servicios impulsadas por el Ejecutivo Municipal, bajo la gesti\u00f3n del intendente Ra\u00fal \u201cChuli\u201d Jorge, con el objetivo de acercar a los barrios las actividades que desarrolla la Direcci\u00f3n de Adultos Mayores.<\/p>\n\n\n\n<p>Para m\u00e1s informaci\u00f3n, los interesados pueden comunicarse a los tel\u00e9fonos: 388 5853435 o 388 5053776.<\/p>\n","protected":false},"excerpt":{"rendered":"<p>El pr\u00f3ximo jueves 3 de julio, de 9 a 12 horas, el Centro de Participaci\u00f3n Vecinal (CPV) de barrio Belgrano \u2014ubicado en calle Zabala 395, esquina 1\u00b0 de Mayo\u2014 ser\u00e1 sede de una nueva edici\u00f3n del ciclo municipal \u201cLa Muni Tu Lugar\u201d, en esta oportunidad destinada a los vecinos adultos mayores del sector y zonas [&hellip;]<\/p>\n","protected":false},"author":5,"featured_media":429266,"comment_status":"open","ping_status":"open","sticky":false,"template":"","format":"standard","meta":{"_stopmodifiedupdate":false,"_modified_date":"","inline_featured_image":false,"spay_email":"","jetpack_publicize_message":""},"categories":[13],"tags":[],"jetpack_featured_media_url":"https:\/\/notinor.com\/jujuy\/wp-content\/uploads\/2025\/06\/MUNI.jpg","jetpack_publicize_connections":[],"_links":{"self":[{"href":"https:\/\/notinor.com\/jujuy\/wp-json\/wp\/v2\/posts\/429568"}],"collection":[{"href":"https:\/\/notinor.com\/jujuy\/wp-json\/wp\/v2\/posts"}],"about":[{"href":"https:\/\/notinor.com\/jujuy\/wp-json\/wp\/v2\/types\/post"}],"author":[{"embeddable":true,"href":"https:\/\/notinor.com\/jujuy\/wp-json\/wp\/v2\/users\/5"}],"replies":[{"embeddable":true,"href":"https:\/\/notinor.com\/jujuy\/wp-json\/wp\/v2\/comments?post=429568"}],"version-history":[{"count":1,"href":"https:\/\/notinor.com\/jujuy\/wp-json\/wp\/v2\/posts\/429568\/revisions"}],"predecessor-version":[{"id":429569,"href":"https:\/\/notinor.com\/jujuy\/wp-json\/wp\/v2\/posts\/429568\/revisions\/429569"}],"wp:featuredmedia":[{"embeddable":true,"href":"https:\/\/notinor.com\/jujuy\/wp-json\/wp\/v2\/media\/429266"}],"wp:attachment":[{"href":"https:\/\/notinor.com\/jujuy\/wp-json\/wp\/v2\/media?parent=429568"}],"wp:term":[{"taxonomy":"category","embeddable":true,"href":"https:\/\/notinor.com\/jujuy\/wp-json\/wp\/v2\/categories?post=429568"},{"taxonomy":"post_tag","embeddable":true,"href":"https:\/\/notinor.com\/jujuy\/wp-json\/wp\/v2\/tags?post=429568"}],"curies":[{"name":"wp","href":"https:\/\/api.w.org\/{rel}","templated":true}]}}