{"id":429565,"date":"2025-07-01T21:54:00","date_gmt":"2025-07-02T00:54:00","guid":{"rendered":"https:\/\/notinor.com\/jujuy\/?p=429565"},"modified":"2025-07-01T09:54:28","modified_gmt":"2025-07-01T09:54:28","slug":"la-legislatura-de-jujuy-sesiona-este-miercoles","status":"publish","type":"post","link":"https:\/\/notinor.com\/jujuy\/la-legislatura-de-jujuy-sesiona-este-miercoles\/","title":{"rendered":"La Legislatura de Jujuy sesiona este mi\u00e9rcoles"},"content":{"rendered":"\n<p class=\"has-medium-font-size\"><strong><em>Este mi\u00e9rcoles 2 de julio, a partir de las 10.00 horas, la Legislatura de Jujuy realizar\u00e1 la 6\u00aa Sesi\u00f3n Ordinaria del presente Per\u00edodo Legislativo, seg\u00fan lo dispuesto en la Comisi\u00f3n de Labor Parlamentaria.<\/em><\/strong><\/p>\n\n\n<div class=\"wp-block-image\">\n<figure class=\"aligncenter size-large\"><img decoding=\"async\" loading=\"lazy\" width=\"840\" height=\"473\" src=\"https:\/\/notinor.com\/jujuy\/wp-content\/uploads\/2025\/07\/legislatura-840x473.jpeg\" alt=\"\" class=\"wp-image-429566\" srcset=\"https:\/\/notinor.com\/jujuy\/wp-content\/uploads\/2025\/07\/legislatura-840x473.jpeg 840w, https:\/\/notinor.com\/jujuy\/wp-content\/uploads\/2025\/07\/legislatura-649x365.jpeg 649w, https:\/\/notinor.com\/jujuy\/wp-content\/uploads\/2025\/07\/legislatura-768x432.jpeg 768w, https:\/\/notinor.com\/jujuy\/wp-content\/uploads\/2025\/07\/legislatura-1536x864.jpeg 1536w, https:\/\/notinor.com\/jujuy\/wp-content\/uploads\/2025\/07\/legislatura-750x422.jpeg 750w, https:\/\/notinor.com\/jujuy\/wp-content\/uploads\/2025\/07\/legislatura-1140x641.jpeg 1140w, https:\/\/notinor.com\/jujuy\/wp-content\/uploads\/2025\/07\/legislatura.jpeg 1600w\" sizes=\"(max-width: 840px) 100vw, 840px\" \/><\/figure><\/div>\n\n\n<p>Durante la jornada, tomar\u00e1 estado parlamentario el Proyecto de Ley enviado por el Poder Ejecutivo que propone la creaci\u00f3n del Consejo de la Magistratura y Jury de Enjuiciamiento de la provincia, una iniciativa clave para fortalecer el sistema judicial juje\u00f1o.<\/p>\n\n\n\n<p>Adem\u00e1s, el temario incluye el tratamiento del proyecto de modificaci\u00f3n de la Ley Impositiva N\u00b0 6442 y del C\u00f3digo Fiscal N\u00b0 5791, tambi\u00e9n remitido por el Ejecutivo, junto con otros proyectos de declaraci\u00f3n impulsados por legisladores de distintos bloques.<\/p>\n","protected":false},"excerpt":{"rendered":"<p>Este mi\u00e9rcoles 2 de julio, a partir de las 10.00 horas, la Legislatura de Jujuy realizar\u00e1 la 6\u00aa Sesi\u00f3n Ordinaria del presente Per\u00edodo Legislativo, seg\u00fan lo dispuesto en la Comisi\u00f3n de Labor Parlamentaria. Durante la jornada, tomar\u00e1 estado parlamentario el Proyecto de Ley enviado por el Poder Ejecutivo que propone la creaci\u00f3n del Consejo de [&hellip;]<\/p>\n","protected":false},"author":5,"featured_media":429566,"comment_status":"open","ping_status":"open","sticky":false,"template":"","format":"standard","meta":{"_stopmodifiedupdate":false,"_modified_date":"","inline_featured_image":false,"spay_email":"","jetpack_publicize_message":""},"categories":[514],"tags":[],"jetpack_featured_media_url":"https:\/\/notinor.com\/jujuy\/wp-content\/uploads\/2025\/07\/legislatura.jpeg","jetpack_publicize_connections":[],"_links":{"self":[{"href":"https:\/\/notinor.com\/jujuy\/wp-json\/wp\/v2\/posts\/429565"}],"collection":[{"href":"https:\/\/notinor.com\/jujuy\/wp-json\/wp\/v2\/posts"}],"about":[{"href":"https:\/\/notinor.com\/jujuy\/wp-json\/wp\/v2\/types\/post"}],"author":[{"embeddable":true,"href":"https:\/\/notinor.com\/jujuy\/wp-json\/wp\/v2\/users\/5"}],"replies":[{"embeddable":true,"href":"https:\/\/notinor.com\/jujuy\/wp-json\/wp\/v2\/comments?post=429565"}],"version-history":[{"count":1,"href":"https:\/\/notinor.com\/jujuy\/wp-json\/wp\/v2\/posts\/429565\/revisions"}],"predecessor-version":[{"id":429567,"href":"https:\/\/notinor.com\/jujuy\/wp-json\/wp\/v2\/posts\/429565\/revisions\/429567"}],"wp:featuredmedia":[{"embeddable":true,"href":"https:\/\/notinor.com\/jujuy\/wp-json\/wp\/v2\/media\/429566"}],"wp:attachment":[{"href":"https:\/\/notinor.com\/jujuy\/wp-json\/wp\/v2\/media?parent=429565"}],"wp:term":[{"taxonomy":"category","embeddable":true,"href":"https:\/\/notinor.com\/jujuy\/wp-json\/wp\/v2\/categories?post=429565"},{"taxonomy":"post_tag","embeddable":true,"href":"https:\/\/notinor.com\/jujuy\/wp-json\/wp\/v2\/tags?post=429565"}],"curies":[{"name":"wp","href":"https:\/\/api.w.org\/{rel}","templated":true}]}}