{"id":429555,"date":"2025-07-01T21:25:00","date_gmt":"2025-07-02T00:25:00","guid":{"rendered":"https:\/\/notinor.com\/jujuy\/?p=429555"},"modified":"2025-07-02T09:54:25","modified_gmt":"2025-07-02T12:54:25","slug":"la-legislatura-homenajeo-a-los-historiadores-en-su-dia","status":"publish","type":"post","link":"https:\/\/notinor.com\/jujuy\/la-legislatura-homenajeo-a-los-historiadores-en-su-dia\/","title":{"rendered":"La Legislatura homenaje\u00f3 a los historiadores en su d\u00eda"},"content":{"rendered":"\n<p class=\"has-medium-font-size\"><strong><em>En un acto protocolar llevado a cabo en el sal\u00f3n Marcos Paz de la Legislatura, se homenaje\u00f3 a los historiadores en su d\u00eda. Adem\u00e1s, se entregaron reconocimientos a todos los profesionales y referentes de instituciones, quienes con su labor contribuyen a la difusi\u00f3n del conocimiento hist\u00f3rico.<\/em><\/strong><\/p>\n\n\n<div class=\"wp-block-image\">\n<figure class=\"aligncenter size-large\"><img decoding=\"async\" loading=\"lazy\" width=\"720\" height=\"480\" src=\"https:\/\/notinor.com\/jujuy\/wp-content\/uploads\/2025\/07\/ENTREGA1-720x480.jpeg\" alt=\"\" class=\"wp-image-429557\" srcset=\"https:\/\/notinor.com\/jujuy\/wp-content\/uploads\/2025\/07\/ENTREGA1-720x480.jpeg 720w, https:\/\/notinor.com\/jujuy\/wp-content\/uploads\/2025\/07\/ENTREGA1-548x365.jpeg 548w, https:\/\/notinor.com\/jujuy\/wp-content\/uploads\/2025\/07\/ENTREGA1-768x512.jpeg 768w, https:\/\/notinor.com\/jujuy\/wp-content\/uploads\/2025\/07\/ENTREGA1-1536x1023.jpeg 1536w, https:\/\/notinor.com\/jujuy\/wp-content\/uploads\/2025\/07\/ENTREGA1-750x500.jpeg 750w, https:\/\/notinor.com\/jujuy\/wp-content\/uploads\/2025\/07\/ENTREGA1-1140x760.jpeg 1140w, https:\/\/notinor.com\/jujuy\/wp-content\/uploads\/2025\/07\/ENTREGA1.jpeg 1600w\" sizes=\"(max-width: 720px) 100vw, 720px\" \/><\/figure><\/div>\n\n\n<p>En un acto protocolar llevado a cabo en el sal\u00f3n Marcos Paz de la Legislatura, se homenaje\u00f3 a los historiadores en su d\u00eda. Adem\u00e1s, se entregaron reconocimientos a todos los profesionales y referentes de instituciones, quienes con su labor contribuyen a la difusi\u00f3n del conocimiento hist\u00f3rico.<\/p>\n\n\n\n<p>El acto estuvo presidido por la presidenta de la comisi\u00f3n de Cultura y Turismo, la diputada <strong>Mariela Ortiz,<\/strong> acompa\u00f1ada por la presidenta del Colegio de Profesores de Historia \"Manuel Armas\", <strong>Anah\u00ed Gareca<\/strong> y la vicepresidenta <strong>Ang\u00e9lica Ruiz<\/strong>.<\/p>\n\n\n\n<p>Cabe mencionar la presencia de los legisladores <strong>Malena Amerise, Diego Cruz y Valeria G\u00f3mez<\/strong>.<\/p>\n\n\n<div class=\"wp-block-image\">\n<figure class=\"aligncenter size-large\"><img decoding=\"async\" loading=\"lazy\" width=\"636\" height=\"480\" src=\"https:\/\/notinor.com\/jujuy\/wp-content\/uploads\/2025\/07\/ENTREGA-1-636x480.jpeg\" alt=\"\" class=\"wp-image-429558\" srcset=\"https:\/\/notinor.com\/jujuy\/wp-content\/uploads\/2025\/07\/ENTREGA-1-636x480.jpeg 636w, https:\/\/notinor.com\/jujuy\/wp-content\/uploads\/2025\/07\/ENTREGA-1-483x365.jpeg 483w, https:\/\/notinor.com\/jujuy\/wp-content\/uploads\/2025\/07\/ENTREGA-1-768x580.jpeg 768w, https:\/\/notinor.com\/jujuy\/wp-content\/uploads\/2025\/07\/ENTREGA-1-1536x1160.jpeg 1536w, https:\/\/notinor.com\/jujuy\/wp-content\/uploads\/2025\/07\/ENTREGA-1-750x566.jpeg 750w, https:\/\/notinor.com\/jujuy\/wp-content\/uploads\/2025\/07\/ENTREGA-1-1140x861.jpeg 1140w, https:\/\/notinor.com\/jujuy\/wp-content\/uploads\/2025\/07\/ENTREGA-1.jpeg 1600w\" sizes=\"(max-width: 636px) 100vw, 636px\" \/><\/figure><\/div>\n\n\n<p>Al finalizar el acto la diputada Mariela Ortiz destac\u00f3 el acompa\u00f1amiento que realiza la instituci\u00f3n que nuclea a los profesores de historia \"siempre les consultamos y trabajamos a la par en proyectos que tienen que ver con nuestra historia, conjuntamente con otras instituciones que tambi\u00e9n tienen un valioso aporte\", reflexiono la titular de la comisi\u00f3n. Y destac\u00f3 el rol que cumplen los historiadores \"el valor colectivo m\u00e1s all\u00e1 de lo acad\u00e9mico, y que tiene que ver con el fortalecimiento de la democracia, fortaleciendo la historia del interior. Una historia que por muchos a\u00f1os fue centralista\".<\/p>\n\n\n<div class=\"wp-block-image\">\n<figure class=\"aligncenter size-large\"><img decoding=\"async\" loading=\"lazy\" width=\"720\" height=\"480\" src=\"https:\/\/notinor.com\/jujuy\/wp-content\/uploads\/2025\/07\/ENTREGA1-1-720x480.jpeg\" alt=\"\" class=\"wp-image-429559\" srcset=\"https:\/\/notinor.com\/jujuy\/wp-content\/uploads\/2025\/07\/ENTREGA1-1-720x480.jpeg 720w, https:\/\/notinor.com\/jujuy\/wp-content\/uploads\/2025\/07\/ENTREGA1-1-548x365.jpeg 548w, https:\/\/notinor.com\/jujuy\/wp-content\/uploads\/2025\/07\/ENTREGA1-1-768x512.jpeg 768w, https:\/\/notinor.com\/jujuy\/wp-content\/uploads\/2025\/07\/ENTREGA1-1-1536x1023.jpeg 1536w, https:\/\/notinor.com\/jujuy\/wp-content\/uploads\/2025\/07\/ENTREGA1-1-750x500.jpeg 750w, https:\/\/notinor.com\/jujuy\/wp-content\/uploads\/2025\/07\/ENTREGA1-1-1140x760.jpeg 1140w, https:\/\/notinor.com\/jujuy\/wp-content\/uploads\/2025\/07\/ENTREGA1-1.jpeg 1600w\" sizes=\"(max-width: 720px) 100vw, 720px\" \/><\/figure><\/div>\n\n\n<p>Por su parte, la presidenta del Colegio de Profesores de Historia, Anah\u00ed Gareca hizo menci\u00f3n a la tarea constante que debe hacer el docente de historia a la hora de transmitir conocimientos sobre la rica historia de Jujuy, a la vez de la importancia del d\u00eda en el que \"reflexionamos acerca de la tarea de los historiadores, de aquellos que investigan y de los que divulgan la historia, llev\u00e1ndola a todas partes\".<\/p>\n\n\n\n<p>Finalmente, la docente reconoci\u00f3 que la historia siempre estuvo presente ocupando un rol protag\u00f3nico dentro de la sociedad, admitiendo que la historia es para todos \"si bien hay algunos que nos dedicamos exclusivamente a la historia, y hay aquellos que se animan a contarla.<\/p>\n\n\n\n<p>Entonces porque no abrirles las puertas de la instituci\u00f3n\". En ese sentido dijo que se est\u00e1 convocando a todos docentes y a aquellos que colaboran y \"hacen de este Colegio una parte muy importante\".<\/p>\n","protected":false},"excerpt":{"rendered":"<p>En un acto protocolar llevado a cabo en el sal\u00f3n Marcos Paz de la Legislatura, se homenaje\u00f3 a los historiadores en su d\u00eda. Adem\u00e1s, se entregaron reconocimientos a todos los profesionales y referentes de instituciones, quienes con su labor contribuyen a la difusi\u00f3n del conocimiento hist\u00f3rico. En un acto protocolar llevado a cabo en el [&hellip;]<\/p>\n","protected":false},"author":5,"featured_media":429556,"comment_status":"open","ping_status":"open","sticky":false,"template":"","format":"standard","meta":{"_stopmodifiedupdate":false,"_modified_date":"","inline_featured_image":false,"spay_email":"","jetpack_publicize_message":""},"categories":[13],"tags":[],"jetpack_featured_media_url":"https:\/\/notinor.com\/jujuy\/wp-content\/uploads\/2025\/07\/ENTREGA.jpeg","jetpack_publicize_connections":[],"_links":{"self":[{"href":"https:\/\/notinor.com\/jujuy\/wp-json\/wp\/v2\/posts\/429555"}],"collection":[{"href":"https:\/\/notinor.com\/jujuy\/wp-json\/wp\/v2\/posts"}],"about":[{"href":"https:\/\/notinor.com\/jujuy\/wp-json\/wp\/v2\/types\/post"}],"author":[{"embeddable":true,"href":"https:\/\/notinor.com\/jujuy\/wp-json\/wp\/v2\/users\/5"}],"replies":[{"embeddable":true,"href":"https:\/\/notinor.com\/jujuy\/wp-json\/wp\/v2\/comments?post=429555"}],"version-history":[{"count":2,"href":"https:\/\/notinor.com\/jujuy\/wp-json\/wp\/v2\/posts\/429555\/revisions"}],"predecessor-version":[{"id":429563,"href":"https:\/\/notinor.com\/jujuy\/wp-json\/wp\/v2\/posts\/429555\/revisions\/429563"}],"wp:featuredmedia":[{"embeddable":true,"href":"https:\/\/notinor.com\/jujuy\/wp-json\/wp\/v2\/media\/429556"}],"wp:attachment":[{"href":"https:\/\/notinor.com\/jujuy\/wp-json\/wp\/v2\/media?parent=429555"}],"wp:term":[{"taxonomy":"category","embeddable":true,"href":"https:\/\/notinor.com\/jujuy\/wp-json\/wp\/v2\/categories?post=429555"},{"taxonomy":"post_tag","embeddable":true,"href":"https:\/\/notinor.com\/jujuy\/wp-json\/wp\/v2\/tags?post=429555"}],"curies":[{"name":"wp","href":"https:\/\/api.w.org\/{rel}","templated":true}]}}