{"id":429543,"date":"2025-07-01T23:39:30","date_gmt":"2025-07-02T02:39:30","guid":{"rendered":"https:\/\/notinor.com\/jujuy\/?p=429543"},"modified":"2025-07-01T23:39:32","modified_gmt":"2025-07-02T02:39:32","slug":"la-nueva-jornada-institucional-abordara-el-perfil-de-una-escuela-que-promueve-el-bienestar-integral","status":"publish","type":"post","link":"https:\/\/notinor.com\/jujuy\/la-nueva-jornada-institucional-abordara-el-perfil-de-una-escuela-que-promueve-el-bienestar-integral\/","title":{"rendered":"La nueva Jornada Institucional abordar\u00e1 el perfil de una escuela que promueve el bienestar integral"},"content":{"rendered":"\n<p class=\"has-medium-font-size\"><strong><em>Se realizar\u00e1 este 2 de julio en las instituciones de niveles inicial, primario y secundario de toda provincia.<\/em><\/strong><\/p>\n\n\n\n<p><\/p>\n\n\n<div class=\"wp-block-image\">\n<figure class=\"aligncenter size-full\"><img decoding=\"async\" loading=\"lazy\" width=\"800\" height=\"450\" src=\"https:\/\/notinor.com\/jujuy\/wp-content\/uploads\/2025\/07\/jornada-institucional.jpg\" alt=\"\" class=\"wp-image-429544\" srcset=\"https:\/\/notinor.com\/jujuy\/wp-content\/uploads\/2025\/07\/jornada-institucional.jpg 800w, https:\/\/notinor.com\/jujuy\/wp-content\/uploads\/2025\/07\/jornada-institucional-649x365.jpg 649w, https:\/\/notinor.com\/jujuy\/wp-content\/uploads\/2025\/07\/jornada-institucional-500x280.jpg 500w, https:\/\/notinor.com\/jujuy\/wp-content\/uploads\/2025\/07\/jornada-institucional-768x432.jpg 768w, https:\/\/notinor.com\/jujuy\/wp-content\/uploads\/2025\/07\/jornada-institucional-750x422.jpg 750w\" sizes=\"(max-width: 800px) 100vw, 800px\" \/><\/figure><\/div>\n\n\n<p><\/p>\n\n\n\n<p><strong>Con eje en la construcci\u00f3n de un espacio de reflexi\u00f3n y an\u00e1lisis sobre el \u201cProtocolo de Actuaci\u00f3n ante Situaciones Complejas en las Instituciones Educativas\", este mi\u00e9rcoles 2 de julio se realizar\u00e1 en toda la provincia la segunda Jornada Institucional del Ciclo Lectivo 2025.<\/strong><\/p>\n\n\n\n<p>La propuesta fue elaborada entre la Secretar\u00eda de Gesti\u00f3n Educativa y la Direcci\u00f3n de Acompa\u00f1amiento Integral Educativo, convoca a la comunidad educativa a abordar la escuela desde una perspectiva situacional, reconociendo los desaf\u00edos que los actores educativos enfrentan y asumen cotidianamente.<\/p>\n\n\n\n<p><strong>De este modo, se invita a los equipos directivos y docentes a sostener criterios \u00e9ticos, pedag\u00f3gicos y normativos en sus diferentes intervenciones, materializando una pol\u00edtica de cuidado, respeto, y protecci\u00f3n de la integridad de ni\u00f1os, ni\u00f1as y adolescentes<\/strong>, teniendo como premisa que \u201cense\u00f1ar es cuidar y cuidar es ense\u00f1ar\".<\/p>\n\n\n\n<p>La jornada propone adaptar las actividades de acuerdo a la realidad institucional, promoviendo acciones que se contraponen a la deshumanizaci\u00f3n y contribuyen a romper el ciclo de violencia y desamparo. En tal sentido, <strong>los gestos de ternura, empat\u00eda y el miramiento, favorecen el buen trato y el respeto mutuo, lo que reafirma el compromiso colectivo con una escuela que cuida, escucha y acompa\u00f1a, que promueve el bienestar integral de sus estudiantes.<\/strong><\/p>\n","protected":false},"excerpt":{"rendered":"<p>Se realizar\u00e1 este 2 de julio en las instituciones de niveles inicial, primario y secundario de toda provincia. Con eje en la construcci\u00f3n de un espacio de reflexi\u00f3n y an\u00e1lisis sobre el \u201cProtocolo de Actuaci\u00f3n ante Situaciones Complejas en las Instituciones Educativas\", este mi\u00e9rcoles 2 de julio se realizar\u00e1 en toda la provincia la segunda [&hellip;]<\/p>\n","protected":false},"author":49,"featured_media":429544,"comment_status":"open","ping_status":"open","sticky":false,"template":"","format":"standard","meta":{"_stopmodifiedupdate":false,"_modified_date":"","inline_featured_image":false,"spay_email":"","jetpack_publicize_message":""},"categories":[2,514],"tags":[],"jetpack_featured_media_url":"https:\/\/notinor.com\/jujuy\/wp-content\/uploads\/2025\/07\/jornada-institucional.jpg","jetpack_publicize_connections":[],"_links":{"self":[{"href":"https:\/\/notinor.com\/jujuy\/wp-json\/wp\/v2\/posts\/429543"}],"collection":[{"href":"https:\/\/notinor.com\/jujuy\/wp-json\/wp\/v2\/posts"}],"about":[{"href":"https:\/\/notinor.com\/jujuy\/wp-json\/wp\/v2\/types\/post"}],"author":[{"embeddable":true,"href":"https:\/\/notinor.com\/jujuy\/wp-json\/wp\/v2\/users\/49"}],"replies":[{"embeddable":true,"href":"https:\/\/notinor.com\/jujuy\/wp-json\/wp\/v2\/comments?post=429543"}],"version-history":[{"count":1,"href":"https:\/\/notinor.com\/jujuy\/wp-json\/wp\/v2\/posts\/429543\/revisions"}],"predecessor-version":[{"id":429545,"href":"https:\/\/notinor.com\/jujuy\/wp-json\/wp\/v2\/posts\/429543\/revisions\/429545"}],"wp:featuredmedia":[{"embeddable":true,"href":"https:\/\/notinor.com\/jujuy\/wp-json\/wp\/v2\/media\/429544"}],"wp:attachment":[{"href":"https:\/\/notinor.com\/jujuy\/wp-json\/wp\/v2\/media?parent=429543"}],"wp:term":[{"taxonomy":"category","embeddable":true,"href":"https:\/\/notinor.com\/jujuy\/wp-json\/wp\/v2\/categories?post=429543"},{"taxonomy":"post_tag","embeddable":true,"href":"https:\/\/notinor.com\/jujuy\/wp-json\/wp\/v2\/tags?post=429543"}],"curies":[{"name":"wp","href":"https:\/\/api.w.org\/{rel}","templated":true}]}}