{"id":429438,"date":"2025-06-30T12:10:08","date_gmt":"2025-06-30T15:10:08","guid":{"rendered":"https:\/\/notinor.com\/jujuy\/?p=429438"},"modified":"2025-06-30T12:10:10","modified_gmt":"2025-06-30T15:10:10","slug":"las-empresas-de-ee-uu-apoyan-el-rumbo-del-gobierno-pero-advierten-sobre-la-falta-de-competitividad","status":"publish","type":"post","link":"https:\/\/notinor.com\/jujuy\/las-empresas-de-ee-uu-apoyan-el-rumbo-del-gobierno-pero-advierten-sobre-la-falta-de-competitividad\/","title":{"rendered":"Las empresas de EE.UU. apoyan el rumbo del Gobierno, pero advierten sobre la falta de competitividad"},"content":{"rendered":"\n<p class=\"has-medium-font-size\"><strong><em>Aunque celebran la baja de la inflaci\u00f3n y el orden fiscal, desde AmCham advierten que la estabilidad macro no alcanza. Alerta por la ca\u00edda del consumo, defaults empresariales y riesgos de desempleo.<\/em><\/strong><\/p>\n\n\n<div class=\"wp-block-image\">\n<figure class=\"aligncenter\"><img decoding=\"async\" src=\"https:\/\/tn.com.ar\/resizer\/v2\/foto-na-juan-vargas-I5DBI3BFYRGXLCNK3VE4OGWQQY.jpg?auth=817447f61c89217b8fe14bf9593b155cd60e5fb68c07b454700641059b3ec5d7&amp;width=767\" alt=\"(Foto: NA\/ JUAN VARGAS).\"\/><figcaption class=\"wp-element-caption\">Luis Caputto<\/figcaption><\/figure><\/div>\n\n\n<p>Las <strong>empresas estadounidenses<\/strong>&nbsp;con operaciones en la&nbsp;<strong>Argentina&nbsp;<\/strong>respaldaron la agenda de&nbsp;<strong>estabilizaci\u00f3n macroecon\u00f3mica<\/strong>&nbsp;que impulsa el gobierno de<strong> Javier Milei<\/strong>, pero alertaron que, sin mejoras en la&nbsp;<strong>competitividad&nbsp;<\/strong>y medidas de contenci\u00f3n para&nbsp;<strong>sectores vulnerables<\/strong>, el modelo&nbsp;<strong>no ser\u00e1 sostenible<\/strong>.<\/p>\n\n\n\n<p>As\u00ed lo plante\u00f3 la C\u00e1mara de Comercio de Estados Unidos en la Argentina (<strong>AmCham<\/strong>)en su \u00faltimo informe, que incluye&nbsp;<strong>perspectivas para el segundo semestre<\/strong>.<\/p>\n\n\n\n<p>\u201cCoincidimos con la agenda de estabilidad macroecon\u00f3mica que est\u00e1 llevando a cabo el actual gobierno\u201d, se\u00f1ala el documento, que destaca la pol\u00edtica de&nbsp;<strong>super\u00e1vit fiscal<\/strong>, la&nbsp;<strong>baja de la inflaci\u00f3n<\/strong>&nbsp;y la&nbsp;<strong>m\u00ednima emisi\u00f3n monetaria<\/strong>. Sin embargo, la entidad advirti\u00f3 que la estabilidad es apenas un primer paso y que se necesita&nbsp;<strong>\u201cmejorar la competitividad de las empresas\u201d&nbsp;<\/strong>para consolidar el rumbo.<\/p>\n\n\n\n<p>Entre los factores que erosionan esa competitividad, AmCham enumera \u201c<strong>altos costos log\u00edsticos<\/strong>, falta de infraestructura,&nbsp;<strong>carga impositiva excesiva<\/strong>&nbsp;y costos operativos elevados\u201d. Adem\u00e1s, remarca la urgencia de establecer un \u201c<strong>marco normativo<\/strong>&nbsp;que garantice estabilidad y previsibilidad a largo plazo\u201d para atraer inversiones.<\/p>\n\n\n\n<p>En l\u00ednea con las reformas que impulsa el oficialismo, la c\u00e1mara valor\u00f3 la&nbsp;<strong>desregulaci\u00f3n&nbsp;<\/strong>iniciada por la administraci\u00f3n libertaria como un \u201cpaso sustancial hacia un modelo de pa\u00eds viable\u201d. No obstante, pidi\u00f3 que el Estado tambi\u00e9n cumpla un rol activo en el plano microecon\u00f3mico: \u201cDurante el proceso de estabilizaci\u00f3n macro, se requiere del Estado el&nbsp;<strong>monitoreo de las variables sectoriales<\/strong>&nbsp;y&nbsp;<strong>esquemas de beneficios de transici\u00f3n<\/strong>&nbsp;en pos de garantizar la empleabilidad\u201d.<\/p>\n\n\n\n<p>El documento tambi\u00e9n refleja un&nbsp;<strong>diagn\u00f3stico preocupante<\/strong>&nbsp;sobre la situaci\u00f3n actual del entramado productivo. \u201cMuchas empresas, sobre todo PyMEs de consumo masivo o productoras de insumos para la construcci\u00f3n, ven que el<strong>&nbsp;recupero de los vol\u00famenes de venta se est\u00e1 dando a menor ritmo del esperado<\/strong>\u201d, alert\u00f3 AmCham. A su vez, se\u00f1al\u00f3 que los&nbsp;<strong>niveles de rentabilidad<\/strong>, especialmente en el comercio,&nbsp;<strong>\u201cno son los adecuados\u201d<\/strong>&nbsp;y que la presi\u00f3n impositiva y los costos laborales est\u00e1n llevando a escenarios de&nbsp;<strong>rentabilidad negativa<\/strong>, con&nbsp;<strong>riesgo de p\u00e9rdida de empleo formal<\/strong>.<\/p>\n\n\n\n<p>La entidad tambi\u00e9n manifest\u00f3 inquietud por el&nbsp;<strong>deterioro del poder adquisitivo<\/strong>, como consecuencia del aumento de precios y la&nbsp;<strong>licuaci\u00f3n de ingresos<\/strong>. \u201cEsto golpea directamente la demanda de bienes y servicios, y se agrava en zonas con&nbsp;<strong>alta informalidad y vulnerabilidad social<\/strong>, como los conurbanos de las grandes ciudades\u201d.<\/p>\n\n\n\n<p>En ese contexto, comienzan a aparecer s\u00edntomas de estr\u00e9s financiero entre las empresas: seg\u00fan el relevamiento, algunas est\u00e1n entrando en&nbsp;<strong>default de sus obligaciones negociables<\/strong>, mientras que otras&nbsp;<strong>reducen personal o aplican suspensiones<\/strong>&nbsp;para sostenerse en esta etapa de transici\u00f3n.<\/p>\n\n\n\n<p>El informe reconoce algunos indicios de recuperaci\u00f3n, como el&nbsp;<strong>aumento del cr\u00e9dito hipotecario<\/strong>, pero advierte que \u201cel costo de financiarse sigue siendo excesivo\u201d, en especial para las PyMEs, debido a las&nbsp;<strong>altas tasas en pesos<\/strong>&nbsp;y a un sistema a\u00fan poco accesible.<\/p>\n\n\n\n<p>Finalmente, AmCham subraya que el pa\u00eds tiene una&nbsp;<strong>\u201ccombinaci\u00f3n \u00fanica\u201d<\/strong>&nbsp;de recursos naturales, talento humano y sectores estrat\u00e9gicos como la agroindustria, la energ\u00eda y la econom\u00eda del conocimiento. Pero para capitalizar esas ventajas, concluye, es necesario \u201c<strong>remover obst\u00e1culos<\/strong>, fortalecer la&nbsp;<strong>infraestructura&nbsp;<\/strong>y avanzar con&nbsp;<strong>reformas estructurales<\/strong>&nbsp;de forma consensuada entre todos los actores de la sociedad\u201d.<\/p>\n","protected":false},"excerpt":{"rendered":"<p>Aunque celebran la baja de la inflaci\u00f3n y el orden fiscal, desde AmCham advierten que la estabilidad macro no alcanza. Alerta por la ca\u00edda del consumo, defaults empresariales y riesgos de desempleo. Las empresas estadounidenses&nbsp;con operaciones en la&nbsp;Argentina&nbsp;respaldaron la agenda de&nbsp;estabilizaci\u00f3n macroecon\u00f3mica&nbsp;que impulsa el gobierno de Javier Milei, pero alertaron que, sin mejoras en la&nbsp;competitividad&nbsp;y [&hellip;]<\/p>\n","protected":false},"author":5,"featured_media":429441,"comment_status":"open","ping_status":"open","sticky":false,"template":"","format":"standard","meta":{"_stopmodifiedupdate":false,"_modified_date":"","inline_featured_image":false,"spay_email":"","jetpack_publicize_message":""},"categories":[676],"tags":[],"jetpack_featured_media_url":"https:\/\/notinor.com\/jujuy\/wp-content\/uploads\/2025\/06\/caputo.jpg","jetpack_publicize_connections":[],"_links":{"self":[{"href":"https:\/\/notinor.com\/jujuy\/wp-json\/wp\/v2\/posts\/429438"}],"collection":[{"href":"https:\/\/notinor.com\/jujuy\/wp-json\/wp\/v2\/posts"}],"about":[{"href":"https:\/\/notinor.com\/jujuy\/wp-json\/wp\/v2\/types\/post"}],"author":[{"embeddable":true,"href":"https:\/\/notinor.com\/jujuy\/wp-json\/wp\/v2\/users\/5"}],"replies":[{"embeddable":true,"href":"https:\/\/notinor.com\/jujuy\/wp-json\/wp\/v2\/comments?post=429438"}],"version-history":[{"count":2,"href":"https:\/\/notinor.com\/jujuy\/wp-json\/wp\/v2\/posts\/429438\/revisions"}],"predecessor-version":[{"id":429440,"href":"https:\/\/notinor.com\/jujuy\/wp-json\/wp\/v2\/posts\/429438\/revisions\/429440"}],"wp:featuredmedia":[{"embeddable":true,"href":"https:\/\/notinor.com\/jujuy\/wp-json\/wp\/v2\/media\/429441"}],"wp:attachment":[{"href":"https:\/\/notinor.com\/jujuy\/wp-json\/wp\/v2\/media?parent=429438"}],"wp:term":[{"taxonomy":"category","embeddable":true,"href":"https:\/\/notinor.com\/jujuy\/wp-json\/wp\/v2\/categories?post=429438"},{"taxonomy":"post_tag","embeddable":true,"href":"https:\/\/notinor.com\/jujuy\/wp-json\/wp\/v2\/tags?post=429438"}],"curies":[{"name":"wp","href":"https:\/\/api.w.org\/{rel}","templated":true}]}}