{"id":429434,"date":"2025-06-30T11:49:48","date_gmt":"2025-06-30T14:49:48","guid":{"rendered":"https:\/\/notinor.com\/jujuy\/?p=429434"},"modified":"2025-06-30T11:49:50","modified_gmt":"2025-06-30T14:49:50","slug":"argentina-y-francia-reafirmaron-su-apuesta-a-inversiones-mineras-y-produccion-de-litio","status":"publish","type":"post","link":"https:\/\/notinor.com\/jujuy\/argentina-y-francia-reafirmaron-su-apuesta-a-inversiones-mineras-y-produccion-de-litio\/","title":{"rendered":"Argentina y Francia reafirmaron su apuesta a inversiones mineras y producci\u00f3n de litio"},"content":{"rendered":"\n<p class=\"has-medium-font-size\"><strong><em>El ministro de Comercio Exterior franc\u00e9s, Laurent Saint Martin, y el secretario de Miner\u00eda, Luis Lucero, firmaron un acuerdo marco bilateral, en l\u00ednea con uno previo entre los presidentes Javier Milei y Emanuel Macron. La francesa Eramet es due\u00f1a de la cuarta operaci\u00f3n lit\u00edfera activa en la Argentina: en mayo su CEO visit\u00f3 Salta, donde contempla la posibilidad de ampliar operaciones<\/em><\/strong>.<\/p>\n\n\n<div class=\"wp-block-image\">\n<figure class=\"aligncenter size-full\"><img decoding=\"async\" loading=\"lazy\" width=\"769\" height=\"480\" src=\"https:\/\/notinor.com\/jujuy\/wp-content\/uploads\/2025\/06\/FRANCIA.jpg\" alt=\"\" class=\"wp-image-429436\" srcset=\"https:\/\/notinor.com\/jujuy\/wp-content\/uploads\/2025\/06\/FRANCIA.jpg 769w, https:\/\/notinor.com\/jujuy\/wp-content\/uploads\/2025\/06\/FRANCIA-585x365.jpg 585w, https:\/\/notinor.com\/jujuy\/wp-content\/uploads\/2025\/06\/FRANCIA-750x468.jpg 750w\" sizes=\"(max-width: 769px) 100vw, 769px\" \/><figcaption class=\"wp-element-caption\">El ministro de Comercio Exterior franc\u00e9s, Laurent Saint Martin, y el secretario de Miner\u00eda, Luis Lucero<\/figcaption><\/figure><\/div>\n\n\n<p>En otra reafirmaci\u00f3n de la pol\u00edtica exterior occidentalista del gobierno de&nbsp;<strong>Javier Milei<\/strong>, el gobierno firm\u00f3 un acuerdo \u201cAcuerdo Marco\u201d con Francia para promover inversiones y financiamiento en \u201cminerales cr\u00edticos\u201d, con especial foco en el litio. El documento fue rubricado por el secretario de Miner\u00eda de la Naci\u00f3n,&nbsp;<strong>Luis Lucero<\/strong>, y el ministro franc\u00e9s de Comercio Exterior,&nbsp;<strong>Laurent Saint-Martin<\/strong>, de visita en el pa\u00eds y da continuidad al acuerdo que el presidente argentino firm\u00f3 con su par franc\u00e9s, Emanuel Macron, en la Tercera Conferencia de Naciones Unidas sobre los Oc\u00e9anos, a principios de junio, cuando anunciaron la firma de una alianza estrat\u00e9gica en materia de minerales cr\u00edticos.<\/p>\n\n\n\n<p>Lucero expres\u00f3: \u201cLa Rep\u00fablica Francesa y la Rep\u00fablica Argentina reafirman hoy su voluntad com\u00fan de trabajar en pos de la transici\u00f3n energ\u00e9tica, y lo hacen con el deseo de instaurar cadenas de suministro de minerales cr\u00edticos que sean resilientes, equilibradas y diversificadas\u201d.<\/p>\n\n\n\n<p>Del evento participaron adem\u00e1s el embajador de Francia en Argentina,&nbsp;<strong>Romain Nadal<\/strong>, el gobernador de San Juan,&nbsp;<strong>Marcelo Orrego<\/strong>, la C\u00e1mara Argentina de Empresas Mineras y representantes de empresas francesas con inversiones en la Argentina.<\/p>\n\n\n\n<p class=\"has-text-align-center\"><a rel=\"noreferrer noopener\" href=\"https:\/\/www.infobae.com\/economia\/2025\/06\/30\/el-gobierno-dispuso-una-nueva-suba-del-impuesto-que-se-traslada-al-precio-de-la-nafta-y-el-gasoil\/\" target=\"_blank\"><\/a><img decoding=\"async\" loading=\"lazy\" height=\"2773\" width=\"4160\" src=\"https:\/\/www.infobae.com\/resizer\/v2\/H4UGFCLBMZBATN3ILRLZ5SE4GY.jpg?auth=79009830c27269db75ffac5552605d4e818144861caec5ee10c5658517164301&amp;smart=true&amp;width=350&amp;height=233&amp;quality=85\" alt=\"Milei y Macron, en el\">Milei y Macron, en el encuentro de principios de junio en la ONU, g\u00e9rmen del \"Acuerdo Marco\" en materia minera<\/p>\n\n\n\n<p>Francia es uno de los 14 socios fundadores de la Asociaci\u00f3n de Seguridad Mineral (<em>Mineral Security Partnership<\/em>) firmada en 2022 en la reuni\u00f3n anual de la Asociaci\u00f3n de Prospectores y Desarrolladores Mineros (PDAC), la tenida minera m\u00e1s importante del mundo.<\/p>\n\n\n\n<p>Los funcionarios de ambos pa\u00edses dijeron que el objetivo del acuerdo es consolidar la miner\u00eda como prioridad estrat\u00e9gica bilateral<\/p>\n\n\n\n<p>Saint-Martin se\u00f1al\u00f3 que el acuerdo apunta a facilitar nuevos proyectos de inversi\u00f3n de compa\u00f1\u00edas francesas. Lucero, a su vez, dijo que servir\u00e1 como hoja de ruta para articular acciones conjuntas y establecer \u201cmedidas concretas\u201d que refuercen la presencia francesa en la miner\u00eda argentina.<\/p>\n\n\n\n<p><strong>Cuarta operaci\u00f3n lit\u00edfera del pa\u00eds<\/strong><\/p>\n\n\n\n<p>La francesa Eramet, que en la Argentina es due\u00f1a a trav\u00e9s de Eramine del proyecto Centenario Ratones, en Salta, es la cuarta operaci\u00f3n lit\u00edfera activa en la Argentina: inici\u00f3 producci\u00f3n a fines de diciembre pasado y, ya en etapa de aceleraci\u00f3n de producci\u00f3n o \u201cramp up\u201d, proyecta operar a pleno, a un ritmo de producci\u00f3n de 24.000 toneladas anuales de carbonato de litio, hacia fines de este a\u00f1o o principios de 2026.<\/p>\n\n\n\n<p class=\"has-text-align-center\"><img decoding=\"async\" loading=\"lazy\" height=\"1080\" width=\"1920\" src=\"https:\/\/www.infobae.com\/resizer\/v2\/N2RE7W6WONBBLEUEBGE7J3LCXQ.jpg?auth=0afcc019e0478cb96ca5e9153f7b4d72ddb11434177563f3e9a3a144054628aa&amp;smart=true&amp;width=350&amp;height=197&amp;quality=85\" alt=\"La planta del proyecto &quot;Centenario\">La planta del proyecto \"Centenario Ratones\", de la francesa Eramet, en Salta<\/p>\n\n\n\n<p>Las inversiones francesas en la Argentina aumentaron en 2024 un 43% y suman USD 7.600 millones en total. La miner\u00eda es uno de los sectores donde la inversi\u00f3n francesa m\u00e1s avanz\u00f3, con una asignaci\u00f3n de USD 850 millones, en buena parte por la construcci\u00f3n y puesta en marcha de la primera planta de extracci\u00f3n directa de litio de Eramet, en Salta.<\/p>\n\n\n\n<p>En octubre de 2024 Eramet asign\u00f3 USD 699 millones a la recompra del 49,9% que ten\u00eda la china Tsingshan en Centenario Ratones, aunque asumiendo compromisos de exportaci\u00f3n de carbonato de litio a su ex socio asi\u00e1tico, con el que a\u00fan sigue compartiendo proyectos de n\u00edquel en Indonesia. A largo plazo, la empresa francesa proyecta que podr\u00eda llegar a producir hasta 75.000 toneladas anuales de carbonato de litio en la Argentina.<\/p>\n\n\n\n<p>\u201cLa Argentina cuenta con recursos minerales de primer orden en t\u00e9rminos de calidad, de cantidad y diversidad y desempe\u00f1ar\u00e1 un papel fundamental en la transici\u00f3n energ\u00e9tica mundial\u201d, dijo Saint-Martin, el ministro franc\u00e9s.<\/p>\n\n\n\n<p>El acuerdo con Francia se agrega a otros similares con miembros de la Asociaci\u00f3n de Seguridad Mineral, como el que la Argentina sell\u00f3 con EE.UU. en agosto del a\u00f1o pasado. En esa ocasi\u00f3n, Jos\u00e9 W. Fern\u00e1ndez, subsecretario del Departamento de Estado (Canciller\u00eda) de EE.UU., que firm\u00f3 por su pa\u00eds, <strong>critic\u00f3 la actitud china en el negocio del litio y el cobre<\/strong> acus\u00e1ndola de \u201cdestruir la competencia para bajar los precios\u201d.<\/p>\n\n\n\n<figure class=\"wp-block-image\"><img decoding=\"async\" src=\"https:\/\/www.infobae.com\/\/resizer\/v2\/UQSOD4S5OREHVARETQ2NXQ6LV4.jpg?auth=b860cf387fa75fbed730f17aabfb67364e45f14bb6eba83a051f20d502fe57f5\" alt=\"infografia\"\/><\/figure>\n\n\n\n<p>La Argentina es un importante proveedor de litio a China, que en 2024, seg\u00fan un flamante informe de la consultora PwC, absorbi\u00f3 71% de las exportaciones argentinas de carbonato de litio. El gigante asi\u00e1tico es el principal procesador del mineral, que usa para producir bater\u00edas de litio a su vez destinados a la fabricaci\u00f3n de autos el\u00e9ctricos, pero detenta solo 13% de las reservas mundiales. Si bien domina con claridad los eslabones medio y final de la cadena lit\u00edfera, <strong>es relativamente d\u00e9bil en el eslab\u00f3n inicial<\/strong>, que busca asegurar con sus inversiones en Sudam\u00e9rica y, m\u00e1s recientemente, en \u00c1frica.<\/p>\n\n\n\n<p>Seg\u00fan diversas fuentes, incluido el Servicio Geol\u00f3gico de EE.UU. (USGS) Argentina posee la tercera reserva y es el cuarto productor mundial de litio, detr\u00e1s de Australia, Chile y China. Es, adem\u00e1s, el pa\u00eds donde la inversi\u00f3n y la producci\u00f3n lit\u00edfera m\u00e1s creci\u00f3 en los \u00faltimos a\u00f1os, gracias a las ventajas, en costo de producci\u00f3n, que significan las salmueras del noroeste argentino, en especial en Salta, Jujuy y Catamarca.<\/p>\n\n\n\n<p>De hecho, a fines del mes pasado una delegaci\u00f3n de ejecutivos de Eramet encabezada por el pr\u00f3ximo CEO del grupo,&nbsp;<strong>Paulo Castellari<\/strong>, se reuni\u00f3 en Salta con el gobernador provincial,&nbsp;<strong>Gustavo S\u00e1enz<\/strong>, para hablar sobre perspectivas de crecimiento. El encuentro cont\u00f3 con la participaci\u00f3n del CEO de Eramine Sudam\u00e9rica, Alejandro Moro y all\u00ed, adem\u00e1s de la marcha del proyecto Centenario Ratones se habl\u00f3 del avance de exploraciones lit\u00edferas en el Salar de Arizaro, en la zona de Tolar Grande. \u201cSeguimos recibiendo inversiones en exploraci\u00f3n, y la presencia de empresas como Eramine es una muestra del compromiso de largo plazo con el desarrollo minero de Salta\u201d, dijo entonces la secretar\u00eda de Energ\u00eda y Miner\u00eda de Salta,<strong>&nbsp;Romina Sassarini.<\/strong><\/p>\n","protected":false},"excerpt":{"rendered":"<p>El ministro de Comercio Exterior franc\u00e9s, Laurent Saint Martin, y el secretario de Miner\u00eda, Luis Lucero, firmaron un acuerdo marco bilateral, en l\u00ednea con uno previo entre los presidentes Javier Milei y Emanuel Macron. La francesa Eramet es due\u00f1a de la cuarta operaci\u00f3n lit\u00edfera activa en la Argentina: en mayo su CEO visit\u00f3 Salta, donde [&hellip;]<\/p>\n","protected":false},"author":5,"featured_media":429436,"comment_status":"open","ping_status":"open","sticky":false,"template":"","format":"standard","meta":{"_stopmodifiedupdate":false,"_modified_date":"","inline_featured_image":false,"spay_email":"","jetpack_publicize_message":""},"categories":[676],"tags":[],"jetpack_featured_media_url":"https:\/\/notinor.com\/jujuy\/wp-content\/uploads\/2025\/06\/FRANCIA.jpg","jetpack_publicize_connections":[],"_links":{"self":[{"href":"https:\/\/notinor.com\/jujuy\/wp-json\/wp\/v2\/posts\/429434"}],"collection":[{"href":"https:\/\/notinor.com\/jujuy\/wp-json\/wp\/v2\/posts"}],"about":[{"href":"https:\/\/notinor.com\/jujuy\/wp-json\/wp\/v2\/types\/post"}],"author":[{"embeddable":true,"href":"https:\/\/notinor.com\/jujuy\/wp-json\/wp\/v2\/users\/5"}],"replies":[{"embeddable":true,"href":"https:\/\/notinor.com\/jujuy\/wp-json\/wp\/v2\/comments?post=429434"}],"version-history":[{"count":1,"href":"https:\/\/notinor.com\/jujuy\/wp-json\/wp\/v2\/posts\/429434\/revisions"}],"predecessor-version":[{"id":429437,"href":"https:\/\/notinor.com\/jujuy\/wp-json\/wp\/v2\/posts\/429434\/revisions\/429437"}],"wp:featuredmedia":[{"embeddable":true,"href":"https:\/\/notinor.com\/jujuy\/wp-json\/wp\/v2\/media\/429436"}],"wp:attachment":[{"href":"https:\/\/notinor.com\/jujuy\/wp-json\/wp\/v2\/media?parent=429434"}],"wp:term":[{"taxonomy":"category","embeddable":true,"href":"https:\/\/notinor.com\/jujuy\/wp-json\/wp\/v2\/categories?post=429434"},{"taxonomy":"post_tag","embeddable":true,"href":"https:\/\/notinor.com\/jujuy\/wp-json\/wp\/v2\/tags?post=429434"}],"curies":[{"name":"wp","href":"https:\/\/api.w.org\/{rel}","templated":true}]}}