{"id":429366,"date":"2025-06-27T21:28:20","date_gmt":"2025-06-28T00:28:20","guid":{"rendered":"https:\/\/notinor.com\/jujuy\/?p=429366"},"modified":"2025-06-27T21:28:21","modified_gmt":"2025-06-28T00:28:21","slug":"el-fmi-termino-su-visita-de-revision-al-pais-las-conversaciones-con-las-autoridades-argentinas-continuan-siendo-constructivas","status":"publish","type":"post","link":"https:\/\/notinor.com\/jujuy\/el-fmi-termino-su-visita-de-revision-al-pais-las-conversaciones-con-las-autoridades-argentinas-continuan-siendo-constructivas\/","title":{"rendered":"El FMI termin\u00f3 su visita de revisi\u00f3n al pa\u00eds: \u201cLas conversaciones con las autoridades argentinas contin\u00faan siendo constructivas\u201d"},"content":{"rendered":"\n<p class=\"has-medium-font-size\"><strong><em>Fue la primera revisi\u00f3n de metas del acuerdo que se firm\u00f3 en abril. \u201cContinuaremos trabajando en los pr\u00f3ximos d\u00edas y brindaremos m\u00e1s informaci\u00f3n sobre los pr\u00f3ximos pasos a su debido tiempo\u201d, dijo el organismo.<\/em><\/strong><\/p>\n\n\n\n<p><\/p>\n\n\n<div class=\"wp-block-image\">\n<figure class=\"aligncenter size-full\"><img decoding=\"async\" loading=\"lazy\" width=\"800\" height=\"450\" src=\"https:\/\/notinor.com\/jujuy\/wp-content\/uploads\/2025\/06\/caputo-y-georgieva.jpg\" alt=\"\" class=\"wp-image-429367\" srcset=\"https:\/\/notinor.com\/jujuy\/wp-content\/uploads\/2025\/06\/caputo-y-georgieva.jpg 800w, https:\/\/notinor.com\/jujuy\/wp-content\/uploads\/2025\/06\/caputo-y-georgieva-649x365.jpg 649w, https:\/\/notinor.com\/jujuy\/wp-content\/uploads\/2025\/06\/caputo-y-georgieva-500x280.jpg 500w, https:\/\/notinor.com\/jujuy\/wp-content\/uploads\/2025\/06\/caputo-y-georgieva-768x432.jpg 768w, https:\/\/notinor.com\/jujuy\/wp-content\/uploads\/2025\/06\/caputo-y-georgieva-750x422.jpg 750w\" sizes=\"(max-width: 800px) 100vw, 800px\" \/><\/figure><\/div>\n\n\n<p><\/p>\n\n\n\n<p><strong>Despu\u00e9s de una semana en el pa\u00eds, la misi\u00f3n t\u00e9cnica del Fondo Monetario Internacional termin\u00f3 la primera revisi\u00f3n de metas del nuevo programa que Argentina acord\u00f3 con el organismo.<\/strong><\/p>\n\n\n\n<p>\u201cLa misi\u00f3n t\u00e9cnica del FMI encabezada por Bikas Joshi concluy\u00f3 su visita a Buenos Aires como parte de la primera revisi\u00f3n del acuerdo bajo el EFF\", destacaron vocero del Fondo sobre el acuerdo de facilidades extendidas vigente desde abril.<\/p>\n\n\n\n<p><strong>\u201cLas conversaciones con las autoridades argentinas contin\u00faan siendo constructivas. En el marco de dicha revisi\u00f3n, continuaremos trabajando en los pr\u00f3ximos d\u00edas y brindaremos m\u00e1s informaci\u00f3n sobre los pr\u00f3ximos pasos a su debido tiempo\u201d,<\/strong> destacaron.<\/p>\n\n\n\n<p>El ministerio de Econom\u00eda no realiz\u00f3 comentarios sobre la visita ni el tono de las discusiones. El principal tema seguramente fue la acumulaci\u00f3n de reservas en el Banco Central, una meta acordada que el Gobierno no cumpli\u00f3 y por el cual va a recibir un waiver, o \u201cperd\u00f3n\u201d, del organismo multilateral de cr\u00e9dito.<\/p>\n\n\n\n<p class=\"has-medium-font-size\"><strong>Reservas<\/strong><\/p>\n\n\n\n<p><strong>La capacidad de acumulaci\u00f3n, sin dudas, es \u201cel\u201d tema del nuevo acuerdo.\u00a0\u201cNo nos faltan reservas, sobran reservas\u201d, afirm\u00f3 el vicepresidente del Banco Central, Vladimir Werning, al explicar la posici\u00f3n de la autoridad monetaria frente al acuerdo con el Fondo.<\/strong><\/p>\n\n\n\n<p><strong>\u201cMacroecon\u00f3micamente no necesitamos m\u00e1s. No las vamos a usar\u201d, asegur\u00f3 esta semana en un evento organizado por el Instituto Internacional de Finanzas (IIF) en la sede del Banco Galicia.<\/strong> Seg\u00fan detall\u00f3, \u201cde los USD 12.000 millones que nos dio el Fondo, no vendimos nada\u201d. Werning se\u00f1al\u00f3 adem\u00e1s que el Tesoro compr\u00f3 reservas para pagar bonos y que \u201cla necesidad de tener reservas es menor en la medida que ganes acceso al mercado\u201d.<\/p>\n\n\n\n<p><strong>\u201cSi hubi\u00e9ramos \u2018cerrado\u2019 el n\u00famero de reservas el \u00faltimo d\u00eda de la negociaci\u00f3n, algo que nunca se hace, no hubiese estado tan abajo\u201d,<\/strong> la cifra final, dijo.<\/p>\n\n\n\n<p>Seg\u00fan el mercado, al 13 de junio, fecha de corte original, hubo una distancia de unos USD 4.000 millones entre lo estipulado en el programa y la cantidad de divisas acopiadas en la autoridad monetaria.<\/p>\n\n\n\n<p><strong>En el comienzo de la semana, y de la misi\u00f3n del organismo, otro funcionario dijo que el marcado incremento en las operaciones de d\u00f3lar futuro que registr\u00f3 el Banco Central en mayo estuvo involucrado a un contrato puntual que generaba \u201cdistorsi\u00f3n en el mercado\u201d<\/strong> y que la utilizaci\u00f3n de esa herramienta de intervenci\u00f3n estuvo conversada con el Fondo Monetario en el marco del nuevo programa. Fue Jos\u00e9 Luis Daza, en viceministro de Econom\u00eda.<\/p>\n\n\n\n<p>Este martes se conoci\u00f3 que la posici\u00f3n del BCRA en contratos de futuro creci\u00f3 unos USD 1.500 millones a lo largo de mayo, algo que fue le\u00eddo por el mercado como una forma de mantener a raya al tipo de cambio en un contexto de flotaci\u00f3n entre bandas.<\/p>\n\n\n\n<p><strong>En un evento ante inversores organizado por el Instituto Argentino de Ejecutivos de Finanzas (IAEF), realizado este martes en Tucum\u00e1n, Daza hizo referencia a esa cuesti\u00f3n y asever\u00f3 que no rompe los compromisos con el FMI.<\/strong><\/p>\n\n\n\n<p>Respecto a esa idea de intervenci\u00f3n en el mercado para fijar expectativas, el economista chileno asegur\u00f3: \u201cNo hay nada m\u00e1s lejano ni que asevere esa afirmaci\u00f3n. Tenemos un tipo de cambio flexible, el d\u00f3lar se mueve solo por oferta y demanda\u201d.<\/p>\n","protected":false},"excerpt":{"rendered":"<p>Fue la primera revisi\u00f3n de metas del acuerdo que se firm\u00f3 en abril. \u201cContinuaremos trabajando en los pr\u00f3ximos d\u00edas y brindaremos m\u00e1s informaci\u00f3n sobre los pr\u00f3ximos pasos a su debido tiempo\u201d, dijo el organismo. Despu\u00e9s de una semana en el pa\u00eds, la misi\u00f3n t\u00e9cnica del Fondo Monetario Internacional termin\u00f3 la primera revisi\u00f3n de metas del [&hellip;]<\/p>\n","protected":false},"author":49,"featured_media":429367,"comment_status":"open","ping_status":"open","sticky":false,"template":"","format":"standard","meta":{"_stopmodifiedupdate":false,"_modified_date":"","inline_featured_image":false,"spay_email":"","jetpack_publicize_message":""},"categories":[2,676],"tags":[],"jetpack_featured_media_url":"https:\/\/notinor.com\/jujuy\/wp-content\/uploads\/2025\/06\/caputo-y-georgieva.jpg","jetpack_publicize_connections":[],"_links":{"self":[{"href":"https:\/\/notinor.com\/jujuy\/wp-json\/wp\/v2\/posts\/429366"}],"collection":[{"href":"https:\/\/notinor.com\/jujuy\/wp-json\/wp\/v2\/posts"}],"about":[{"href":"https:\/\/notinor.com\/jujuy\/wp-json\/wp\/v2\/types\/post"}],"author":[{"embeddable":true,"href":"https:\/\/notinor.com\/jujuy\/wp-json\/wp\/v2\/users\/49"}],"replies":[{"embeddable":true,"href":"https:\/\/notinor.com\/jujuy\/wp-json\/wp\/v2\/comments?post=429366"}],"version-history":[{"count":1,"href":"https:\/\/notinor.com\/jujuy\/wp-json\/wp\/v2\/posts\/429366\/revisions"}],"predecessor-version":[{"id":429368,"href":"https:\/\/notinor.com\/jujuy\/wp-json\/wp\/v2\/posts\/429366\/revisions\/429368"}],"wp:featuredmedia":[{"embeddable":true,"href":"https:\/\/notinor.com\/jujuy\/wp-json\/wp\/v2\/media\/429367"}],"wp:attachment":[{"href":"https:\/\/notinor.com\/jujuy\/wp-json\/wp\/v2\/media?parent=429366"}],"wp:term":[{"taxonomy":"category","embeddable":true,"href":"https:\/\/notinor.com\/jujuy\/wp-json\/wp\/v2\/categories?post=429366"},{"taxonomy":"post_tag","embeddable":true,"href":"https:\/\/notinor.com\/jujuy\/wp-json\/wp\/v2\/tags?post=429366"}],"curies":[{"name":"wp","href":"https:\/\/api.w.org\/{rel}","templated":true}]}}